{"id":3197,"date":"2021-01-20T12:36:54","date_gmt":"2021-01-20T12:36:54","guid":{"rendered":"https:\/\/ws168.juntadeandalucia.es\/iaap\/gestiondelconocimiento\/?p=3197"},"modified":"2021-03-18T23:17:04","modified_gmt":"2021-03-18T23:17:04","slug":"cerramos-una-edicion-del-programa","status":"publish","type":"post","link":"https:\/\/ws168.juntadeandalucia.es\/iaap\/gestiondelconocimiento\/cerramos-una-edicion-del-programa\/","title":{"rendered":"Cerramos una edici\u00f3n del programa"},"content":{"rendered":"<h3 align=\"justify\">III Jornada de Gesti\u00f3n del Conocimiento. Un encuentro virtual.\u00a0<\/h3>\n<p class=\"western\" align=\"justify\"><span style=\"color: #000000\"><span style=\"font-family: NewsGotT\"><span style=\"font-size: medium\"><span lang=\"es-ES\">Cerramos una edici\u00f3n del programa de Embajadores\/as del Conocimiento y\u00a0 ya van tres\u00a0 y, \u00a1c\u00f3mo pasa el tiempo! En efecto, el pasado d\u00eda 8 de octubre se celebr\u00f3 la III Jornada de Gesti\u00f3n del Conocimiento. Una jornada que pon\u00eda el broche final a la tercera edici\u00f3n del programa Embajadores y Embajadoras del Conocimiento.<\/span><\/span><\/span><\/span><\/p>\n<p class=\"western\" align=\"justify\"><span style=\"color: #000000\"><span style=\"font-family: NewsGotT\"><span style=\"font-size: medium\"><span lang=\"es-ES\">La situaci\u00f3n sanitaria nos llev\u00f3 a cambiar el tradicional formato presencial de una ma\u00f1ana. Por eso se elegi\u00f3 el formato offline a lo largo de dos semanas. Durante la primera semana se publicaron videopresentaciones de cada uno de los proyectos. Despu\u00e9s, en la segunda se puso la guinda con un encuentro virtual (<\/span><\/span><\/span><\/span><span style=\"color: #000080\"><span lang=\"zxx\"><a href=\"https:\/\/www.youtube.com\/watch?v=RyJs070KcgE&amp;list=PLj-bfbG2QZP73cwD2FgE6zBJEPLhYEO_5&amp;index=8\" target=\"_blank\" rel=\"noopener noreferrer\"><span style=\"color: #46b51b\"><span style=\"font-size: medium\"><span lang=\"es-ES\">ver video completo<\/span><\/span><\/span><\/a><\/span><\/span><span style=\"color: #000000\"><span style=\"font-family: NewsGotT\"><span style=\"font-size: medium\"><span lang=\"es-ES\">) de interacci\u00f3n entre los diferentes equipos, contando adem\u00e1s con\u00a0 las m\u00e1s de 140 personas asistentes.<\/span><\/span><\/span><\/span><\/p>\n<h4 align=\"justify\">Un recuerdo de los proyectos terminados<\/h4>\n<p class=\"western\" align=\"justify\"><span style=\"color: #000000\"><span style=\"font-family: NewsGotT\"><span style=\"font-size: medium\"><span lang=\"es-ES\">En esta edici\u00f3n se han impulsado 6 proyectos, todos ellos relacionados con la gesti\u00f3n del conocimiento. Proyectos que son adem\u00e1s transversales a toda la Junta de Andaluc\u00eda. Vamos a dar un peque\u00f1o repaso:<\/span><\/span><\/span><\/span><\/p>\n<h5 class=\"western\" align=\"justify\"><a href=\"https:\/\/ws168.juntadeandalucia.es\/iaap\/revista\/\" target=\"_blank\" rel=\"noopener noreferrer\"><span style=\"color: #000000\"><span style=\"font-family: NewsGotT\"><span style=\"font-size: medium\"><span lang=\"es-ES\"><b>Revista digital <\/b><\/span><\/span><\/span><\/span><span style=\"color: #000000\"><span style=\"font-family: NewsGotT\"><span style=\"font-size: medium\"><span lang=\"es-ES\"><b>Enred@2.0<\/b><\/span><\/span><\/span><\/span><\/a><\/h5>\n<p class=\"western\" align=\"justify\"><span style=\"font-family: NewsGotT\"><span style=\"font-size: medium\">La revista que seguro ya has le\u00eddo y que seguir\u00e1s leyendo,\u00a0 realizada por y para personas empleadas en la Administraci\u00f3n p\u00fablica. Un proyecto que este a\u00f1o ha enfrentado un nuevo reto reto. Se tratal de acompa\u00f1ar los primeros tiempos del confinamiento y editar un n\u00famero especial dedicado al trabajo desde casa. Por supuesto, adem\u00e1s de los tres n\u00fameros correspondientes al a\u00f1o 2020.<\/span><\/span><\/p>\n<p class=\"western\" align=\"center\"><span style=\"color: #000080\"><span lang=\"zxx\"><a href=\"https:\/\/www.youtube.com\/watch?v=BkCpTFSKEBY&amp;list=PLj-bfbG2QZP73cwD2FgE6zBJEPLhYEO_5&amp;index=2\" target=\"_blank\" rel=\"noopener noreferrer\"><span style=\"color: #46b51b\"><span style=\"font-family: NewsGotT\"><span style=\"font-size: medium\"><span lang=\"es-ES\">Videopresentaci\u00f3n<\/span><\/span><\/span><\/span><\/a><\/span><\/span><\/p>\n<p class=\"western\" align=\"center\"><span style=\"color: #000080\"><span lang=\"zxx\"><a href=\"https:\/\/youtu.be\/RyJs070KcgE?t=4919\" target=\"_blank\" rel=\"noopener noreferrer\"><span style=\"color: #46b51b\"><span style=\"font-family: NewsGotT\"><span style=\"font-size: medium\"><span lang=\"es-ES\">Intervenci\u00f3n en el encuentro virtual<\/span><\/span><\/span><\/span><\/a><\/span><\/span><\/p>\n<h5 class=\"western\" align=\"justify\"><span style=\"font-family: NewsGotT\"><span style=\"font-size: medium\"><b><a href=\"https:\/\/ws168.juntadeandalucia.es\/iaap\/gestiondelconocimiento\/identificacion-del-conocimiento-critico-y-esto-que-es\/\" target=\"_blank\" rel=\"noopener noreferrer\">Identificaci\u00f3n del conocimiento cr\u00edtico<\/a><\/b><\/span><\/span><\/h5>\n<p align=\"justify\"><img fetchpriority=\"high\" decoding=\"async\" data-attachment-id=\"3061\" data-permalink=\"https:\/\/ws168.juntadeandalucia.es\/iaap\/gestiondelconocimiento\/embajadoras-es-en-la-iii-fase\/conocimiento-critico\/\" data-orig-file=\"https:\/\/ws168.juntadeandalucia.es\/iaap\/gestiondelconocimiento\/wp-content\/uploads\/sites\/10\/2020\/09\/Conocimiento-Cri\u0301tico.png\" data-orig-size=\"270,303\" data-comments-opened=\"0\" data-image-meta=\"{&quot;aperture&quot;:&quot;0&quot;,&quot;credit&quot;:&quot;&quot;,&quot;camera&quot;:&quot;&quot;,&quot;caption&quot;:&quot;&quot;,&quot;created_timestamp&quot;:&quot;0&quot;,&quot;copyright&quot;:&quot;&quot;,&quot;focal_length&quot;:&quot;0&quot;,&quot;iso&quot;:&quot;0&quot;,&quot;shutter_speed&quot;:&quot;0&quot;,&quot;title&quot;:&quot;&quot;,&quot;orientation&quot;:&quot;0&quot;}\" data-image-title=\"Conocimiento Cri\u0301tico\" data-image-description=\"\" data-image-caption=\"\" data-large-file=\"https:\/\/ws168.juntadeandalucia.es\/iaap\/gestiondelconocimiento\/wp-content\/uploads\/sites\/10\/2020\/09\/Conocimiento-Cri\u0301tico.png\" class=\"size-medium wp-image-3061 alignleft\" src=\"https:\/\/ws168.juntadeandalucia.es\/iaap\/gestiondelconocimiento\/wp-content\/uploads\/sites\/10\/2020\/09\/Conocimiento-Cri\u0301tico-267x300.png\" alt=\"\" width=\"267\" height=\"300\" srcset=\"https:\/\/ws168.juntadeandalucia.es\/iaap\/gestiondelconocimiento\/wp-content\/uploads\/sites\/10\/2020\/09\/Conocimiento-Cri\u0301tico-267x300.png 267w, https:\/\/ws168.juntadeandalucia.es\/iaap\/gestiondelconocimiento\/wp-content\/uploads\/sites\/10\/2020\/09\/Conocimiento-Cri\u0301tico.png 270w\" sizes=\"(max-width: 267px) 100vw, 267px\" \/><\/p>\n<p class=\"western\" align=\"justify\"><span style=\"font-family: NewsGotT\"><span style=\"font-size: medium\">Este proyecto ha avanzado en la elaboraci\u00f3n de nuevos mapas de conocimiento cr\u00edtico, as\u00ed como depurando la metodolog\u00eda dise\u00f1ada el a\u00f1o anterior.<\/span><\/span><\/p>\n<p class=\"western\" align=\"center\"><span style=\"color: #000080\"><span lang=\"zxx\"><a href=\"https:\/\/www.youtube.com\/watch?v=6D2t0164dwg&amp;list=PLj-bfbG2QZP73cwD2FgE6zBJEPLhYEO_5&amp;index=5\" target=\"_blank\" rel=\"noopener noreferrer\"><span style=\"color: #46b51b\"><span style=\"font-family: NewsGotT\"><span style=\"font-size: medium\">Videopresentaci\u00f3n<\/span><\/span><\/span><\/a><\/span><\/span><\/p>\n<p class=\"western\" align=\"center\"><span style=\"color: #000080\"><span lang=\"zxx\"><a href=\"https:\/\/youtu.be\/RyJs070KcgE?t=6494\" target=\"_blank\" rel=\"noopener noreferrer\"><span style=\"color: #46b51b\"><span style=\"font-family: NewsGotT\"><span style=\"font-size: medium\">Intervenci\u00f3n en el encuentro virtual<\/span><\/span><\/span><\/a><\/span><\/span><\/p>\n<p align=\"justify\">\u00a0<\/p>\n<h5 class=\"western\" align=\"justify\"><span style=\"font-family: NewsGotT\"><span style=\"font-size: medium\"><b><a href=\"https:\/\/ws168.juntadeandalucia.es\/iaap\/gestiondelconocimiento\/mirada-lejana-pero-paso-corto-hacia-la-administracion-que-queremos\/\" target=\"_blank\" rel=\"noopener noreferrer\">Implantando la cultura audiovisual<\/a><\/b><\/span><\/span><\/h5>\n<p class=\"western\" align=\"justify\"><span style=\"font-family: NewsGotT\"><span style=\"font-size: medium\">Se han realizado nuevos videotutoriales para la ciudadan\u00eda, as\u00ed como para la mejora de la comunicaci\u00f3n interna de la organizaci\u00f3n. Este equipo se ha convertido de facto en un referente de t\u00e9cnicas audiovisuales para el resto de Embajadores\/as. Se ha lanzado el canal Videa KM, con contenidos para aprender a dise\u00f1ar tus propios videotutoriales, teasers, etc.<\/span><\/span><\/p>\n<p class=\"western\" align=\"center\"><span style=\"color: #000080\"><span lang=\"zxx\"><a href=\"https:\/\/www.youtube.com\/watch?v=e9lIBWFBf6c&amp;list=PLj-bfbG2QZP73cwD2FgE6zBJEPLhYEO_5&amp;index=3\" target=\"_blank\" rel=\"noopener noreferrer\"><span style=\"color: #46b51b\"><span style=\"font-family: NewsGotT\"><span style=\"font-size: medium\"><span lang=\"es-ES\">\u00a0Videopresentaci\u00f3n<\/span><\/span><\/span><\/span><\/a><\/span><\/span><\/p>\n<p class=\"western\" align=\"center\"><span style=\"color: #000080\"><span lang=\"zxx\"><a href=\"https:\/\/www.youtube.com\/watch?v=RyJs070KcgE&amp;feature=youtu.be&amp;t=1862\" target=\"_blank\" rel=\"noopener noreferrer\"><span style=\"color: #46b51b\"><span style=\"font-family: NewsGotT\"><span style=\"font-size: medium\"><span lang=\"es-ES\">Intervenci\u00f3n en el encuentro virtual<\/span><\/span><\/span><\/span><\/a><\/span><\/span><\/p>\n<h5 class=\"western\" align=\"justify\"><span style=\"font-family: NewsGotT\"><span style=\"font-size: medium\"><b><a href=\"https:\/\/ws168.juntadeandalucia.es\/iaap\/gestiondelconocimiento\/difundir-el-conocimiento-y-comunicar-el-esfuerzo-colectivo\/\" target=\"_blank\" rel=\"noopener noreferrer\">Comunicaci\u00f3n y difusi\u00f3n de la Gesti\u00f3n del Conocimiento<\/a><\/b><\/span><\/span><\/h5>\n<p align=\"justify\"><img decoding=\"async\" data-attachment-id=\"3065\" data-permalink=\"https:\/\/ws168.juntadeandalucia.es\/iaap\/gestiondelconocimiento\/embajadoras-es-en-la-iii-fase\/logo-gc10\/\" data-orig-file=\"https:\/\/ws168.juntadeandalucia.es\/iaap\/gestiondelconocimiento\/wp-content\/uploads\/sites\/10\/2020\/09\/LOGO-GC10.png\" data-orig-size=\"500,500\" data-comments-opened=\"0\" data-image-meta=\"{&quot;aperture&quot;:&quot;0&quot;,&quot;credit&quot;:&quot;&quot;,&quot;camera&quot;:&quot;&quot;,&quot;caption&quot;:&quot;&quot;,&quot;created_timestamp&quot;:&quot;0&quot;,&quot;copyright&quot;:&quot;&quot;,&quot;focal_length&quot;:&quot;0&quot;,&quot;iso&quot;:&quot;0&quot;,&quot;shutter_speed&quot;:&quot;0&quot;,&quot;title&quot;:&quot;&quot;,&quot;orientation&quot;:&quot;0&quot;}\" data-image-title=\"LOGO GC10\" data-image-description=\"\" data-image-caption=\"\" data-large-file=\"https:\/\/ws168.juntadeandalucia.es\/iaap\/gestiondelconocimiento\/wp-content\/uploads\/sites\/10\/2020\/09\/LOGO-GC10.png\" class=\"size-medium wp-image-3065 alignleft\" src=\"https:\/\/ws168.juntadeandalucia.es\/iaap\/gestiondelconocimiento\/wp-content\/uploads\/sites\/10\/2020\/09\/LOGO-GC10-300x300.png\" alt=\"\" width=\"300\" height=\"300\" srcset=\"https:\/\/ws168.juntadeandalucia.es\/iaap\/gestiondelconocimiento\/wp-content\/uploads\/sites\/10\/2020\/09\/LOGO-GC10-300x300.png 300w, https:\/\/ws168.juntadeandalucia.es\/iaap\/gestiondelconocimiento\/wp-content\/uploads\/sites\/10\/2020\/09\/LOGO-GC10-150x150.png 150w, https:\/\/ws168.juntadeandalucia.es\/iaap\/gestiondelconocimiento\/wp-content\/uploads\/sites\/10\/2020\/09\/LOGO-GC10.png 500w\" sizes=\"(max-width: 300px) 100vw, 300px\" \/><\/p>\n<p class=\"western\" align=\"justify\"><span style=\"color: #000000\"><span style=\"font-family: NewsGotT\"><span style=\"font-size: medium\"><span lang=\"es-ES\">Proyecto dedicado a difundir la disciplina de Gesti\u00f3n del Conocimiento, as\u00ed como y el trabajo de los distintos equipos de Embajadores\/as del Conocimiento. Este a\u00f1o se han realizado las cosechas de los encuentros de febrero y abril, y la difusi\u00f3n de la jornada final. Asimismo, se ha Realizado un re-styling del <\/span><\/span><\/span><\/span><span style=\"color: #000080\"><span lang=\"zxx\"><a href=\"https:\/\/ws168.juntadeandalucia.es\/iaap\/gestiondelconocimiento\/\" target=\"_blank\" rel=\"noopener noreferrer\"><span style=\"color: #46b51b\"><span style=\"font-family: NewsGotT\"><span style=\"font-size: medium\"><span lang=\"es-ES\">minisite de Gesti\u00f3n del Conocimiento<\/span><\/span><\/span><\/span><\/a><\/span><\/span><span style=\"color: #000000\"><span style=\"font-family: NewsGotT\"><span style=\"font-size: medium\"><span lang=\"es-ES\">. Este equipo fue el encargado de llevar el hilo conductor de la presentaci\u00f3n de los proyectos presentados en la jornada.<\/span><\/span><\/span><\/span><\/p>\n<p class=\"western\" align=\"center\"><span style=\"color: #000080\"><span lang=\"zxx\"><a href=\"https:\/\/www.youtube.com\/watch?v=iwcMhISsNXc&amp;list=PLj-bfbG2QZP73cwD2FgE6zBJEPLhYEO_5&amp;index=1\" target=\"_blank\" rel=\"noopener noreferrer\"><span style=\"color: #46b51b\"><span style=\"font-size: medium\"><span lang=\"es-ES\">Trailer de la jornada<\/span><\/span><\/span><\/a><\/span><\/span><\/p>\n<p class=\"western\" align=\"center\"><span style=\"color: #000080\"><span lang=\"zxx\"><a href=\"https:\/\/www.youtube.com\/watch?v=JAFdww3uE2A&amp;list=PLj-bfbG2QZP73cwD2FgE6zBJEPLhYEO_5&amp;index=7\" target=\"_blank\" rel=\"noopener noreferrer\"><span style=\"color: #46b51b\"><span style=\"font-size: medium\"><span lang=\"es-ES\"><b>Recordatorio de la jornada<\/b><\/span><\/span><\/span><\/a><\/span><\/span><\/p>\n<p class=\"western\" align=\"center\"><span style=\"color: #000080\"><span lang=\"zxx\"><a href=\"https:\/\/youtu.be\/RyJs070KcgE?t=7568\" target=\"_blank\" rel=\"noopener noreferrer\"><span style=\"color: #46b51b\"><span style=\"font-size: medium\"><span lang=\"es-ES\"><b>Intervenci\u00f3n final (cosecha) en el encuentro virtual<\/b><\/span><\/span><\/span><\/a><\/span><\/span><\/p>\n<h5 class=\"western\" align=\"justify\"><span style=\"font-family: NewsGotT\"><span style=\"font-size: medium\"><b><a href=\"https:\/\/ws168.juntadeandalucia.es\/iaap\/gestiondelconocimiento\/la-transferencia-del-conocimiento-de-tu-a-tu\/\" target=\"_blank\" rel=\"noopener noreferrer\">Encuentros intergeneracionales<\/a><\/b><\/span><\/span><\/h5>\n<p align=\"justify\"><img decoding=\"async\" data-attachment-id=\"3063\" data-permalink=\"https:\/\/ws168.juntadeandalucia.es\/iaap\/gestiondelconocimiento\/embajadoras-es-en-la-iii-fase\/encuentros-intergeneracionales-2\/\" data-orig-file=\"https:\/\/ws168.juntadeandalucia.es\/iaap\/gestiondelconocimiento\/wp-content\/uploads\/sites\/10\/2020\/09\/Encuentros-Intergeneracionales-1.jpg\" data-orig-size=\"327,154\" data-comments-opened=\"0\" data-image-meta=\"{&quot;aperture&quot;:&quot;0&quot;,&quot;credit&quot;:&quot;&quot;,&quot;camera&quot;:&quot;&quot;,&quot;caption&quot;:&quot;&quot;,&quot;created_timestamp&quot;:&quot;0&quot;,&quot;copyright&quot;:&quot;&quot;,&quot;focal_length&quot;:&quot;0&quot;,&quot;iso&quot;:&quot;0&quot;,&quot;shutter_speed&quot;:&quot;0&quot;,&quot;title&quot;:&quot;&quot;,&quot;orientation&quot;:&quot;0&quot;}\" data-image-title=\"Encuentros Intergeneracionales\" data-image-description=\"\" data-image-caption=\"\" data-large-file=\"https:\/\/ws168.juntadeandalucia.es\/iaap\/gestiondelconocimiento\/wp-content\/uploads\/sites\/10\/2020\/09\/Encuentros-Intergeneracionales-1.jpg\" class=\" wp-image-3063 alignright\" src=\"https:\/\/ws168.juntadeandalucia.es\/iaap\/gestiondelconocimiento\/wp-content\/uploads\/sites\/10\/2020\/09\/Encuentros-Intergeneracionales-1-300x141.jpg\" alt=\"\" width=\"340\" height=\"160\" srcset=\"https:\/\/ws168.juntadeandalucia.es\/iaap\/gestiondelconocimiento\/wp-content\/uploads\/sites\/10\/2020\/09\/Encuentros-Intergeneracionales-1-300x141.jpg 300w, https:\/\/ws168.juntadeandalucia.es\/iaap\/gestiondelconocimiento\/wp-content\/uploads\/sites\/10\/2020\/09\/Encuentros-Intergeneracionales-1.jpg 327w\" sizes=\"(max-width: 340px) 100vw, 340px\" \/><\/p>\n<p class=\"western\" align=\"justify\"><span style=\"font-family: NewsGotT\"><span style=\"font-size: medium\">Este equipo se ha focalizado en el dise\u00f1o y celebraci\u00f3n de un nuevo encuentro intergeneracional, necesario para la transferencia de conocimiento de un colectivo pr\u00f3ximo a la jubilaci\u00f3n masiva, estos son los M\u00e9dicos Escolares, con la particularidad de que no existe relevo generacional, ni por tanto transferencia hacia la organizaci\u00f3n.<\/span><\/span><\/p>\n<p class=\"western\" align=\"center\"><span style=\"color: #000080\"><span lang=\"zxx\"><a href=\"https:\/\/www.youtube.com\/watch?v=Rlx0fNVWZcE&amp;list=PLj-bfbG2QZP73cwD2FgE6zBJEPLhYEO_5&amp;index=6\" target=\"_blank\" rel=\"noopener noreferrer\"><span style=\"color: #46b51b\"><span style=\"font-family: NewsGotT\"><span style=\"font-size: medium\"><span lang=\"es-ES\">Videopresentaci\u00f3n<\/span><\/span><\/span><\/span><\/a><\/span><\/span><\/p>\n<p class=\"western\" align=\"center\"><span style=\"color: #000080\"><span lang=\"zxx\"><a href=\"https:\/\/youtu.be\/RyJs070KcgE?t=3538\" target=\"_blank\" rel=\"noopener noreferrer\"><span style=\"color: #46b51b\"><span style=\"font-family: NewsGotT\"><span style=\"font-size: medium\"><span lang=\"es-ES\">Intervenci\u00f3n en el encuentro virtual<\/span><\/span><\/span><\/span><\/a><\/span><\/span><\/p>\n<h5 class=\"western\" align=\"justify\"><span style=\"font-family: NewsGotT\"><span style=\"font-size: medium\"><b><a href=\"https:\/\/ws168.juntadeandalucia.es\/iaap\/gestiondelconocimiento\/los-casologos-todo-un-caso-en-la-junta-de-andalucia\/\" target=\"_blank\" rel=\"noopener noreferrer\">Creando el grupo de cas\u00f3logas\/os<\/a><\/b><\/span><\/span><\/h5>\n<p align=\"justify\"><img loading=\"lazy\" decoding=\"async\" data-attachment-id=\"3064\" data-permalink=\"https:\/\/ws168.juntadeandalucia.es\/iaap\/gestiondelconocimiento\/embajadoras-es-en-la-iii-fase\/logo-casologos\/\" data-orig-file=\"https:\/\/ws168.juntadeandalucia.es\/iaap\/gestiondelconocimiento\/wp-content\/uploads\/sites\/10\/2020\/09\/Logo-caso\u0301logos.png\" data-orig-size=\"1024,1024\" data-comments-opened=\"0\" data-image-meta=\"{&quot;aperture&quot;:&quot;0&quot;,&quot;credit&quot;:&quot;&quot;,&quot;camera&quot;:&quot;&quot;,&quot;caption&quot;:&quot;&quot;,&quot;created_timestamp&quot;:&quot;0&quot;,&quot;copyright&quot;:&quot;&quot;,&quot;focal_length&quot;:&quot;0&quot;,&quot;iso&quot;:&quot;0&quot;,&quot;shutter_speed&quot;:&quot;0&quot;,&quot;title&quot;:&quot;&quot;,&quot;orientation&quot;:&quot;0&quot;}\" data-image-title=\"Logo caso\u0301logos\" data-image-description=\"\" data-image-caption=\"\" data-large-file=\"https:\/\/ws168.juntadeandalucia.es\/iaap\/gestiondelconocimiento\/wp-content\/uploads\/sites\/10\/2020\/09\/Logo-caso\u0301logos.png\" class=\"size-medium wp-image-3064 alignleft\" src=\"https:\/\/ws168.juntadeandalucia.es\/iaap\/gestiondelconocimiento\/wp-content\/uploads\/sites\/10\/2020\/09\/Logo-caso\u0301logos-300x300.png\" alt=\"\" width=\"300\" height=\"300\" srcset=\"https:\/\/ws168.juntadeandalucia.es\/iaap\/gestiondelconocimiento\/wp-content\/uploads\/sites\/10\/2020\/09\/Logo-caso\u0301logos-300x300.png 300w, https:\/\/ws168.juntadeandalucia.es\/iaap\/gestiondelconocimiento\/wp-content\/uploads\/sites\/10\/2020\/09\/Logo-caso\u0301logos-150x150.png 150w, https:\/\/ws168.juntadeandalucia.es\/iaap\/gestiondelconocimiento\/wp-content\/uploads\/sites\/10\/2020\/09\/Logo-caso\u0301logos-768x768.png 768w, https:\/\/ws168.juntadeandalucia.es\/iaap\/gestiondelconocimiento\/wp-content\/uploads\/sites\/10\/2020\/09\/Logo-caso\u0301logos-600x600.png 600w, https:\/\/ws168.juntadeandalucia.es\/iaap\/gestiondelconocimiento\/wp-content\/uploads\/sites\/10\/2020\/09\/Logo-caso\u0301logos.png 1024w\" sizes=\"(max-width: 300px) 100vw, 300px\" \/><\/p>\n<p class=\"western\" align=\"justify\"><span style=\"color: #000000\"><span style=\"font-family: NewsGotT\"><span style=\"font-size: medium\"><span lang=\"es-ES\">El objetivo es acercar a la Administraci\u00f3n P\u00fablica de la Junta de Andaluc\u00eda la Metodolog\u00eda del Estudio de Casos como herramienta de conocimiento. El compromiso por otra parte, ha sido <\/span><\/span><\/span><\/span><span style=\"color: #000000\"><span style=\"font-family: NewsGotT\"><span style=\"font-size: medium\"><span lang=\"es-ES\">la elaboraci\u00f3n de una gu\u00eda metodol\u00f3gica y la escritura de al menos un caso. Pues bien, se han escrito 4 casos, superando las expectativas.<\/span><\/span><\/span><\/span><\/p>\n<p class=\"western\" align=\"center\"><span style=\"color: #000080\"><span lang=\"zxx\"><a href=\"https:\/\/www.youtube.com\/watch?v=BWYoNkXoSis&amp;list=PLj-bfbG2QZP73cwD2FgE6zBJEPLhYEO_5&amp;index=4\" target=\"_blank\" rel=\"noopener noreferrer\"><span style=\"color: #46b51b\"><span style=\"font-family: NewsGotT\"><span style=\"font-size: medium\"><span lang=\"es-ES\">Videopresentaci\u00f3n<\/span><\/span><\/span><\/span><\/a><\/span><\/span><\/p>\n<p class=\"western\" align=\"center\"><span style=\"color: #000080\"><span lang=\"zxx\"><a href=\"https:\/\/youtu.be\/RyJs070KcgE?t=2520\" target=\"_blank\" rel=\"noopener noreferrer\"><span style=\"color: #46b51b\"><span style=\"font-family: NewsGotT\"><span style=\"font-size: medium\"><span lang=\"es-ES\"><b>Intervenci\u00f3n en el encuentro virtual<\/b><\/span><\/span><\/span><\/span><\/a><\/span><\/span><\/p>\n<h4 class=\"western\" align=\"justify\"><span style=\"font-family: NewsGotT\"><span style=\"font-size: medium\"><b>Cerramos una edici\u00f3n del programa. Lecciones aprendidas<\/b><\/span><\/span><\/h4>\n<p align=\"justify\"><img loading=\"lazy\" decoding=\"async\" data-attachment-id=\"3199\" data-permalink=\"https:\/\/ws168.juntadeandalucia.es\/iaap\/gestiondelconocimiento\/cerramos-una-edicion-del-programa\/saludo_final\/\" data-orig-file=\"https:\/\/ws168.juntadeandalucia.es\/iaap\/gestiondelconocimiento\/wp-content\/uploads\/sites\/10\/2020\/12\/saludo_final.jpg\" data-orig-size=\"1024,578\" data-comments-opened=\"0\" data-image-meta=\"{&quot;aperture&quot;:&quot;0&quot;,&quot;credit&quot;:&quot;&quot;,&quot;camera&quot;:&quot;&quot;,&quot;caption&quot;:&quot;&quot;,&quot;created_timestamp&quot;:&quot;0&quot;,&quot;copyright&quot;:&quot;&quot;,&quot;focal_length&quot;:&quot;0&quot;,&quot;iso&quot;:&quot;0&quot;,&quot;shutter_speed&quot;:&quot;0&quot;,&quot;title&quot;:&quot;&quot;,&quot;orientation&quot;:&quot;0&quot;}\" data-image-title=\"saludo_final\" data-image-description=\"\" data-image-caption=\"\" data-large-file=\"https:\/\/ws168.juntadeandalucia.es\/iaap\/gestiondelconocimiento\/wp-content\/uploads\/sites\/10\/2020\/12\/saludo_final.jpg\" class=\"wp-image-3199 alignright\" src=\"https:\/\/ws168.juntadeandalucia.es\/iaap\/gestiondelconocimiento\/wp-content\/uploads\/sites\/10\/2020\/12\/saludo_final-300x169.jpg\" alt=\"\" width=\"403\" height=\"227\" srcset=\"https:\/\/ws168.juntadeandalucia.es\/iaap\/gestiondelconocimiento\/wp-content\/uploads\/sites\/10\/2020\/12\/saludo_final-300x169.jpg 300w, https:\/\/ws168.juntadeandalucia.es\/iaap\/gestiondelconocimiento\/wp-content\/uploads\/sites\/10\/2020\/12\/saludo_final-768x434.jpg 768w, https:\/\/ws168.juntadeandalucia.es\/iaap\/gestiondelconocimiento\/wp-content\/uploads\/sites\/10\/2020\/12\/saludo_final-600x339.jpg 600w, https:\/\/ws168.juntadeandalucia.es\/iaap\/gestiondelconocimiento\/wp-content\/uploads\/sites\/10\/2020\/12\/saludo_final.jpg 1024w\" sizes=\"(max-width: 403px) 100vw, 403px\" \/><\/p>\n<p class=\"western\" align=\"justify\"><span style=\"font-family: NewsGotT\"><span style=\"font-size: medium\">Cerramos una edici\u00f3n del programa de Embajadores\/as y como mandan los c\u00e1nones de la Gesti\u00f3n del Conocimiento, cuando completamos una etapa, un proyecto o una tarea, es recomendable hacer una retrospectiva. A los y las Embajadoras\/es del Conocimiento nos gusta hablar de las lecciones aprendidas:<\/span><\/span><\/p>\n<ul>\n<li>\n<p class=\"western\" align=\"justify\"><span style=\"font-family: NewsGotT\"><span style=\"font-size: medium\">Trabajar de otra manera es posible. De manera cooperativa, auto-organizada y as\u00edncrona.<\/span><\/span><\/p>\n<\/li>\n<li>\n<p class=\"western\" align=\"justify\"><span style=\"font-family: NewsGotT\"><span style=\"font-size: medium\">En la Junta de Andaluc\u00eda hay mucho talento por aflorar, y se encuentra muy distribuido. Hay que esforzarse en localizarlo y sacarle el m\u00e1ximo partido.<\/span><\/span><\/p>\n<\/li>\n<li>\n<p class=\"western\" align=\"justify\"><span style=\"font-family: NewsGotT\"><span style=\"font-size: medium\">Solo no puedes\u2026 con amigos y amigas, s\u00ed.<\/span><\/span><\/p>\n<\/li>\n<li>\n<p class=\"western\" align=\"justify\"><span style=\"font-family: NewsGotT\"><span style=\"font-size: medium\">Las adversidades permiten sacar lo mejor de las personas. A pesar del confinamiento sufrido esta pasada primavera, y tambi\u00e9n de haber tenido que reconvertir talleres presenciales en formatos online y de la sempiterna incertidumbre de estos tiempos. As\u00ed,\u00a0 esta tercera edici\u00f3n ha sido una de las m\u00e1s productivas,\u00a0 en productos entregables, y en el n\u00famero de personas que han llegado hasta el final del programa.<\/span><\/span><\/p>\n<\/li>\n<li>\n<p class=\"western\" align=\"justify\"><span style=\"font-family: NewsGotT\"><span style=\"font-size: medium\">(Re)aprovecha lo que otros han hecho antes. La humanidad avanza merced al conocimiento previo acumulado, no es necesario hacerlo todo desde el principio siempre.<\/span><\/span><\/p>\n<\/li>\n<li>\n<p class=\"western\" align=\"justify\"><span style=\"font-family: NewsGotT\"><span style=\"font-size: medium\">Tenemos que aprender a contar las cosas. Tan importante es obtener un buen resultado como que \u00e9ste se conozca. M\u00e1xime si estamos hablando de proyectos que suelen ser novedosos y queremos que otras personas puedan llevarlos a cabo.<\/span><\/span><\/p>\n<\/li>\n<li>\n<p class=\"western\" align=\"justify\"><span style=\"font-family: NewsGotT\"><span style=\"font-size: medium\">Recopila la lecciones aprendidas\u2026 y comparte.<\/span><\/span><\/p>\n<\/li>\n<\/ul>\n<p><span lang=\"es-ES\">Cerramos una edici\u00f3n del programa de Embajadores\/as del Conocimiento<\/span>, y abrimos la puerta a las que vendr\u00e1n.<\/p>\n<p class=\"western\" align=\"justify\"><span style=\"font-family: NewsGotT\"><span style=\"font-size: medium\"><b>Equipo de Embajadores y Embajadoras de la Gesti\u00f3n del Conocimiento<br \/><\/b><\/span><\/span><\/p>\n\n\n<p><\/p>\n","protected":false},"excerpt":{"rendered":"<p>III Jornada de Gesti\u00f3n del Conocimiento. Un encuentro virtual.\u00a0 Cerramos una edici\u00f3n del programa de Embajadores\/as del Conocimiento y\u00a0 ya van tres\u00a0 y, \u00a1c\u00f3mo pasa el tiempo! En efecto, el pasado d\u00eda 8 de octubre se celebr\u00f3 la III Jornada de Gesti\u00f3n del Conocimiento. Una jornada que pon\u00eda el broche final a la tercera edici\u00f3n [&hellip;]<\/p>\n","protected":false},"author":19,"featured_media":3048,"comment_status":"open","ping_status":"open","sticky":false,"template":"","format":"standard","meta":{"jetpack_post_was_ever_published":false,"_jetpack_newsletter_access":"","_jetpack_dont_email_post_to_subs":false,"_jetpack_newsletter_tier_id":0,"_jetpack_memberships_contains_paywalled_content":false,"_jetpack_memberships_contains_paid_content":false,"footnotes":""},"categories":[64,62,52,49,46],"tags":[],"class_list":["post-3197","post","type-post","status-publish","format-standard","has-post-thumbnail","hentry","category-comunicacion","category-empleados-publicos","category-gestion-del-conocimiento","category-innovacion","category-proyectos"],"jetpack_featured_media_url":"https:\/\/ws168.juntadeandalucia.es\/iaap\/gestiondelconocimiento\/wp-content\/uploads\/sites\/10\/2020\/09\/Screenshot_2020-09-18-Editor.jpg","jetpack_sharing_enabled":true,"jetpack_shortlink":"https:\/\/wp.me\/p9W7Se-Pz","jetpack-related-posts":[{"id":7547,"url":"https:\/\/ws168.juntadeandalucia.es\/iaap\/gestiondelconocimiento\/nuevo-ano-nueva-edicion-del-programa-embajadores-del-conocimiento\/","url_meta":{"origin":3197,"position":0},"title":"Nuevo a\u00f1o, nueva edici\u00f3n del Programa Embajadores\/as del Conocimiento","author":"administrador","date":"25 febrero, 2026","format":false,"excerpt":"El a\u00f1o 2026 ha comenzado con energ\u00eda en Cazorla. Los d\u00edas 25, 26 y 27 de enero celebramos en el Albergue Inturjoven el arranque de la IX Edici\u00f3n del Programa Embajadores del Conocimiento, una iniciativa del IAAP que vuelve a reunir talento, ilusi\u00f3n y muchas ganas de compartir.En este primer\u2026","rel":"","context":"En \u00abEmpleados p\u00fablicos\u00bb","block_context":{"text":"Empleados p\u00fablicos","link":"https:\/\/ws168.juntadeandalucia.es\/iaap\/gestiondelconocimiento\/category\/empleados-publicos\/"},"img":{"alt_text":"","src":"https:\/\/i0.wp.com\/ws168.juntadeandalucia.es\/iaap\/gestiondelconocimiento\/wp-content\/uploads\/sites\/10\/2026\/02\/Foto-grupal-taller-lanzamiento-1536x1152.jpg?resize=350%2C200&ssl=1","width":350,"height":200,"srcset":"https:\/\/i0.wp.com\/ws168.juntadeandalucia.es\/iaap\/gestiondelconocimiento\/wp-content\/uploads\/sites\/10\/2026\/02\/Foto-grupal-taller-lanzamiento-1536x1152.jpg?resize=350%2C200&ssl=1 1x, https:\/\/i0.wp.com\/ws168.juntadeandalucia.es\/iaap\/gestiondelconocimiento\/wp-content\/uploads\/sites\/10\/2026\/02\/Foto-grupal-taller-lanzamiento-1536x1152.jpg?resize=525%2C300&ssl=1 1.5x"},"classes":[]},{"id":3045,"url":"https:\/\/ws168.juntadeandalucia.es\/iaap\/gestiondelconocimiento\/embajadoras-es-en-la-iii-fase\/","url_meta":{"origin":3197,"position":1},"title":"Embajadoras\/es en la III Fase","author":"","date":"20 septiembre, 2020","format":false,"excerpt":"Embajadoras\/es en la III Fase es la oportunidad perfecta para poner en valor el trabajo realizado dentro del programa de Embajadoras\/es del Conocimiento. Como ya sabemos, se trata de un programa que se realiza de manera voluntaria por parte de personas que trabajamos en la Administraci\u00f3n de la Junta de\u2026","rel":"","context":"En \u00abGesti\u00f3n del conocimiento\u00bb","block_context":{"text":"Gesti\u00f3n del conocimiento","link":"https:\/\/ws168.juntadeandalucia.es\/iaap\/gestiondelconocimiento\/category\/gestion-del-conocimiento\/"},"img":{"alt_text":"","src":"https:\/\/i0.wp.com\/ws168.juntadeandalucia.es\/iaap\/gestiondelconocimiento\/wp-content\/uploads\/sites\/10\/2020\/09\/Screenshot_2020-09-18-Editor.jpg?resize=350%2C200&ssl=1","width":350,"height":200,"srcset":"https:\/\/i0.wp.com\/ws168.juntadeandalucia.es\/iaap\/gestiondelconocimiento\/wp-content\/uploads\/sites\/10\/2020\/09\/Screenshot_2020-09-18-Editor.jpg?resize=350%2C200&ssl=1 1x, https:\/\/i0.wp.com\/ws168.juntadeandalucia.es\/iaap\/gestiondelconocimiento\/wp-content\/uploads\/sites\/10\/2020\/09\/Screenshot_2020-09-18-Editor.jpg?resize=525%2C300&ssl=1 1.5x, https:\/\/i0.wp.com\/ws168.juntadeandalucia.es\/iaap\/gestiondelconocimiento\/wp-content\/uploads\/sites\/10\/2020\/09\/Screenshot_2020-09-18-Editor.jpg?resize=700%2C400&ssl=1 2x"},"classes":[]},{"id":2606,"url":"https:\/\/ws168.juntadeandalucia.es\/iaap\/gestiondelconocimiento\/taller-de-seguimiento-virtual-de-proyectos-de-gestion-del-conocimiento\/","url_meta":{"origin":3197,"position":2},"title":"Taller de Seguimiento Virtual de Proyectos de Gesti\u00f3n del Conocimiento","author":"","date":"7 julio, 2020","format":false,"excerpt":"M\u00e9tricas en la Gesti\u00f3n del Conocimiento.El Taller de M\u00e9tricas en la Gesti\u00f3n del Conocimiento se concibe como el segundo momento presencial de seguimiento de proyectos. Se pretende tomar el pulso de cada uno de los grupos. El anterior encuentro general tuvo lugar el pasado mes de febrero en Sevilla: en\u2026","rel":"","context":"En \u00abComunicaci\u00f3n\u00bb","block_context":{"text":"Comunicaci\u00f3n","link":"https:\/\/ws168.juntadeandalucia.es\/iaap\/gestiondelconocimiento\/category\/comunicacion\/"},"img":{"alt_text":"","src":"https:\/\/i0.wp.com\/ws168.juntadeandalucia.es\/iaap\/gestiondelconocimiento\/wp-content\/uploads\/sites\/10\/2020\/04\/Captura-de-pantalla-2020-04-27-a-las-17.09.06.png?resize=350%2C200&ssl=1","width":350,"height":200,"srcset":"https:\/\/i0.wp.com\/ws168.juntadeandalucia.es\/iaap\/gestiondelconocimiento\/wp-content\/uploads\/sites\/10\/2020\/04\/Captura-de-pantalla-2020-04-27-a-las-17.09.06.png?resize=350%2C200&ssl=1 1x, https:\/\/i0.wp.com\/ws168.juntadeandalucia.es\/iaap\/gestiondelconocimiento\/wp-content\/uploads\/sites\/10\/2020\/04\/Captura-de-pantalla-2020-04-27-a-las-17.09.06.png?resize=525%2C300&ssl=1 1.5x, https:\/\/i0.wp.com\/ws168.juntadeandalucia.es\/iaap\/gestiondelconocimiento\/wp-content\/uploads\/sites\/10\/2020\/04\/Captura-de-pantalla-2020-04-27-a-las-17.09.06.png?resize=700%2C400&ssl=1 2x, https:\/\/i0.wp.com\/ws168.juntadeandalucia.es\/iaap\/gestiondelconocimiento\/wp-content\/uploads\/sites\/10\/2020\/04\/Captura-de-pantalla-2020-04-27-a-las-17.09.06.png?resize=1050%2C600&ssl=1 3x, https:\/\/i0.wp.com\/ws168.juntadeandalucia.es\/iaap\/gestiondelconocimiento\/wp-content\/uploads\/sites\/10\/2020\/04\/Captura-de-pantalla-2020-04-27-a-las-17.09.06.png?resize=1400%2C800&ssl=1 4x"},"classes":[]},{"id":1680,"url":"https:\/\/ws168.juntadeandalucia.es\/iaap\/gestiondelconocimiento\/la-responsabilidad-de-comunicar-y-difundir-el-conocimiento\/","url_meta":{"origin":3197,"position":3},"title":"La responsabilidad de comunicar y difundir el conocimiento","author":"","date":"4 febrero, 2020","format":false,"excerpt":"\u00a0II Jornada de Gesti\u00f3n del Conocimiento en la Junta de Andaluc\u00eda Oportunidades para transformar la Junta de Andaluc\u00eda La presentaci\u00f3n de proyectos fue una realidad el 24 de septiembre de 2019 fue una fecha clave. Este d\u00eda se celebr\u00f3 en el Aulario de la Isla de la Cartuja del IAAP\u2026","rel":"","context":"En \u00abActualidad\u00bb","block_context":{"text":"Actualidad","link":"https:\/\/ws168.juntadeandalucia.es\/iaap\/gestiondelconocimiento\/category\/actualidad\/"},"img":{"alt_text":"","src":"https:\/\/i0.wp.com\/ws168.juntadeandalucia.es\/iaap\/gestiondelconocimiento\/wp-content\/uploads\/sites\/10\/2020\/02\/71310076_1389932947836133_810620153078218752_n.jpg?resize=350%2C200&ssl=1","width":350,"height":200,"srcset":"https:\/\/i0.wp.com\/ws168.juntadeandalucia.es\/iaap\/gestiondelconocimiento\/wp-content\/uploads\/sites\/10\/2020\/02\/71310076_1389932947836133_810620153078218752_n.jpg?resize=350%2C200&ssl=1 1x, https:\/\/i0.wp.com\/ws168.juntadeandalucia.es\/iaap\/gestiondelconocimiento\/wp-content\/uploads\/sites\/10\/2020\/02\/71310076_1389932947836133_810620153078218752_n.jpg?resize=525%2C300&ssl=1 1.5x, https:\/\/i0.wp.com\/ws168.juntadeandalucia.es\/iaap\/gestiondelconocimiento\/wp-content\/uploads\/sites\/10\/2020\/02\/71310076_1389932947836133_810620153078218752_n.jpg?resize=700%2C400&ssl=1 2x"},"classes":[]},{"id":5642,"url":"https:\/\/ws168.juntadeandalucia.es\/iaap\/gestiondelconocimiento\/embajadores23-evoluciona-a-embajadores24\/","url_meta":{"origin":3197,"position":4},"title":"#Embajadores23 evoluciona a #Embajadores24","author":"","date":"21 febrero, 2024","format":false,"excerpt":"Un a\u00f1o m\u00e1s, y ya van siete, ha dado comienzo una nueva edici\u00f3n del programa Embajadores\/as del Conocimiento con la celebraci\u00f3n del Taller de Lanzamiento de Proyectos, celebrado en Cazorla (Ja\u00e9n) a finales de enero de 2024.En esta edici\u00f3n, el Instituto Andaluz de Administraci\u00f3n P\u00fablica ha apostado por afianzar seis\u2026","rel":"","context":"En \u00abComunicaci\u00f3n\u00bb","block_context":{"text":"Comunicaci\u00f3n","link":"https:\/\/ws168.juntadeandalucia.es\/iaap\/gestiondelconocimiento\/category\/comunicacion\/"},"img":{"alt_text":"Estad\u00edsticas perfil twitter difusionKM","src":"https:\/\/i0.wp.com\/ws168.juntadeandalucia.es\/iaap\/gestiondelconocimiento\/wp-content\/uploads\/sites\/10\/2024\/02\/Estadisticas-Twitter-KM-1024x724.jpg?resize=350%2C200&ssl=1","width":350,"height":200,"srcset":"https:\/\/i0.wp.com\/ws168.juntadeandalucia.es\/iaap\/gestiondelconocimiento\/wp-content\/uploads\/sites\/10\/2024\/02\/Estadisticas-Twitter-KM-1024x724.jpg?resize=350%2C200&ssl=1 1x, https:\/\/i0.wp.com\/ws168.juntadeandalucia.es\/iaap\/gestiondelconocimiento\/wp-content\/uploads\/sites\/10\/2024\/02\/Estadisticas-Twitter-KM-1024x724.jpg?resize=525%2C300&ssl=1 1.5x"},"classes":[]},{"id":1835,"url":"https:\/\/ws168.juntadeandalucia.es\/iaap\/gestiondelconocimiento\/echa-a-andar-la-3a-edicion-del-programa-embajadores-del-conocimiento\/","url_meta":{"origin":3197,"position":5},"title":"Echa a andar la 3\u00aa Edici\u00f3n del programa  Embajadores del Conocimiento","author":"","date":"16 febrero, 2020","format":false,"excerpt":"LANZAMIENTO DE PROYECTOS DE GESTI\u00d3N DEL CONOCIMIENTO. PROGRAMA EMBAJADORAS\/ES DEL CONOCIMIENTO DE LA JUNTA DE ANDALUC\u00cdA. EDICI\u00d3N 2019-2020 Comienza una nueva edici\u00f3n del programa \"Embajadoras\/es del conocimiento\",\u00a0con el lanzamiento de proyectos. Ya va por la tercera edici\u00f3n consecutiva (\u00a1Ah\u00ed es nada!). El evento fue en Baeza. EL FUNCIONARIADO SIGUE COMPROMETIDO\u2026","rel":"","context":"En \u00abActualidad\u00bb","block_context":{"text":"Actualidad","link":"https:\/\/ws168.juntadeandalucia.es\/iaap\/gestiondelconocimiento\/category\/actualidad\/"},"img":{"alt_text":"","src":"https:\/\/i0.wp.com\/ws168.juntadeandalucia.es\/iaap\/gestiondelconocimiento\/wp-content\/uploads\/sites\/10\/2020\/02\/IMG_0971-mod.jpg?resize=350%2C200&ssl=1","width":350,"height":200,"srcset":"https:\/\/i0.wp.com\/ws168.juntadeandalucia.es\/iaap\/gestiondelconocimiento\/wp-content\/uploads\/sites\/10\/2020\/02\/IMG_0971-mod.jpg?resize=350%2C200&ssl=1 1x, https:\/\/i0.wp.com\/ws168.juntadeandalucia.es\/iaap\/gestiondelconocimiento\/wp-content\/uploads\/sites\/10\/2020\/02\/IMG_0971-mod.jpg?resize=525%2C300&ssl=1 1.5x, https:\/\/i0.wp.com\/ws168.juntadeandalucia.es\/iaap\/gestiondelconocimiento\/wp-content\/uploads\/sites\/10\/2020\/02\/IMG_0971-mod.jpg?resize=700%2C400&ssl=1 2x, https:\/\/i0.wp.com\/ws168.juntadeandalucia.es\/iaap\/gestiondelconocimiento\/wp-content\/uploads\/sites\/10\/2020\/02\/IMG_0971-mod.jpg?resize=1050%2C600&ssl=1 3x, https:\/\/i0.wp.com\/ws168.juntadeandalucia.es\/iaap\/gestiondelconocimiento\/wp-content\/uploads\/sites\/10\/2020\/02\/IMG_0971-mod.jpg?resize=1400%2C800&ssl=1 4x"},"classes":[]}],"jetpack_likes_enabled":true,"_links":{"self":[{"href":"https:\/\/ws168.juntadeandalucia.es\/iaap\/gestiondelconocimiento\/wp-json\/wp\/v2\/posts\/3197","targetHints":{"allow":["GET"]}}],"collection":[{"href":"https:\/\/ws168.juntadeandalucia.es\/iaap\/gestiondelconocimiento\/wp-json\/wp\/v2\/posts"}],"about":[{"href":"https:\/\/ws168.juntadeandalucia.es\/iaap\/gestiondelconocimiento\/wp-json\/wp\/v2\/types\/post"}],"author":[{"embeddable":true,"href":"https:\/\/ws168.juntadeandalucia.es\/iaap\/gestiondelconocimiento\/wp-json\/wp\/v2\/users\/19"}],"replies":[{"embeddable":true,"href":"https:\/\/ws168.juntadeandalucia.es\/iaap\/gestiondelconocimiento\/wp-json\/wp\/v2\/comments?post=3197"}],"version-history":[{"count":14,"href":"https:\/\/ws168.juntadeandalucia.es\/iaap\/gestiondelconocimiento\/wp-json\/wp\/v2\/posts\/3197\/revisions"}],"predecessor-version":[{"id":3487,"href":"https:\/\/ws168.juntadeandalucia.es\/iaap\/gestiondelconocimiento\/wp-json\/wp\/v2\/posts\/3197\/revisions\/3487"}],"wp:featuredmedia":[{"embeddable":true,"href":"https:\/\/ws168.juntadeandalucia.es\/iaap\/gestiondelconocimiento\/wp-json\/wp\/v2\/media\/3048"}],"wp:attachment":[{"href":"https:\/\/ws168.juntadeandalucia.es\/iaap\/gestiondelconocimiento\/wp-json\/wp\/v2\/media?parent=3197"}],"wp:term":[{"taxonomy":"category","embeddable":true,"href":"https:\/\/ws168.juntadeandalucia.es\/iaap\/gestiondelconocimiento\/wp-json\/wp\/v2\/categories?post=3197"},{"taxonomy":"post_tag","embeddable":true,"href":"https:\/\/ws168.juntadeandalucia.es\/iaap\/gestiondelconocimiento\/wp-json\/wp\/v2\/tags?post=3197"}],"curies":[{"name":"wp","href":"https:\/\/api.w.org\/{rel}","templated":true}]}}