{"id":4014,"date":"2021-06-23T09:56:44","date_gmt":"2021-06-23T08:56:44","guid":{"rendered":"https:\/\/ws168.juntadeandalucia.es\/iaap\/gestiondelconocimiento\/?p=4014"},"modified":"2021-06-23T09:56:44","modified_gmt":"2021-06-23T08:56:44","slug":"hablamos-de-gestion-del-conocimiento-con-martinez-aldanondo","status":"publish","type":"post","link":"https:\/\/ws168.juntadeandalucia.es\/iaap\/gestiondelconocimiento\/hablamos-de-gestion-del-conocimiento-con-martinez-aldanondo\/","title":{"rendered":"Hablamos de gesti\u00f3n del conocimiento con Mart\u00ednez Aldanondo"},"content":{"rendered":"<h2>Entrevistamos a Javier Mart\u00ednez Aldanondo<\/h2>\n<p><span style=\"font-size: 12pt\">Hablamos de gesti\u00f3n del conocimiento, nuestra pasi\u00f3n. En esta nueva entrada que traemos, queremos aprovechar para\u00a0 compartir una entrevista muy especial. Entrevistamos a Javier Mart\u00ednez Aldanondo, una agradable conversaci\u00f3n mantenida entre \u00e9l\u00a0 y el equipo de comunicaci\u00f3n y difusi\u00f3n del programa de <a href=\"https:\/\/ws168.juntadeandalucia.es\/iaap\/gestiondelconocimiento\/\" target=\"_blank\" rel=\"noopener\">Embajadores y Embajadoras de\u00a0 Gesti\u00f3n del Conocimiento<\/a>.<\/span><\/p>\n<p><span style=\"font-size: 12pt\">Tuvimos la oportunidad de conversar y profundizar sobre algunas cuestiones de su trabajo. Tambi\u00e9n de su amplia experiencia\u00a0 con multitud de empresas y organizaciones y hablamos de su extensa trayectoria profesional en relaci\u00f3n con el funcionamiento de \u00e9stas. Por supuesto, preguntamos por su colaboraci\u00f3n con algunas,\u00a0 de un gran nivel internacional. Y para no pecar de demasiada intelectualidad, tambi\u00e9n charlamos algo sobre su vida personal, no olvidemos que es sevillano de nacimiento.\u00a0<\/span><\/p>\n<h2>Trayectoria<\/h2>\n<p><span style=\"font-size: 12pt\">Javier es consultor en distintas organizaciones, como se ha se\u00f1alado, y\u00a0 entre ellas Naciones Unidas. Adem\u00e1s\u00a0 lleva m\u00e1s de 25 a\u00f1os asesorando a empresas y otras instituciones, tanto en Espa\u00f1a como en Latinoam\u00e9rica. Entre sus objetivos, ayudar a potenciar la inteligencia de las organizaciones. Para potenciar esa inteligencia colectiva, Aldanondo considera necesario desarrollar una cultura de aprendizaje. A nivel profesional imparte numerosas conferencias y talleres sobre c\u00f3mo gestionar los dos principales activos de las empresas. Estos activos son su conocimiento y su capacidad de aprender colectivamente. En su <a href=\"https:\/\/www.youtube.com\/user\/javitomarify\/videos\" target=\"_blank\" rel=\"noopener\">canal de Youtube<\/a>\u00a0 puedes analizar algunas de sus muchas\u00a0 intervenciones.<\/span><\/p>\n<p><a href=\"http:\/\/www.culturaprendizaje.org\/assets\/img\/infografia.png\"><span style=\"font-size: 12pt\"><img fetchpriority=\"high\" decoding=\"async\" data-attachment-id=\"4015\" data-permalink=\"https:\/\/ws168.juntadeandalucia.es\/iaap\/gestiondelconocimiento\/hablamos-de-gestion-del-conocimiento-con-martinez-aldanondo\/aldanondo-infografia\/\" data-orig-file=\"https:\/\/ws168.juntadeandalucia.es\/iaap\/gestiondelconocimiento\/wp-content\/uploads\/sites\/10\/2021\/06\/Aldanondo-infografia.png\" data-orig-size=\"1424,805\" data-comments-opened=\"0\" data-image-meta=\"{&quot;aperture&quot;:&quot;0&quot;,&quot;credit&quot;:&quot;&quot;,&quot;camera&quot;:&quot;&quot;,&quot;caption&quot;:&quot;&quot;,&quot;created_timestamp&quot;:&quot;0&quot;,&quot;copyright&quot;:&quot;&quot;,&quot;focal_length&quot;:&quot;0&quot;,&quot;iso&quot;:&quot;0&quot;,&quot;shutter_speed&quot;:&quot;0&quot;,&quot;title&quot;:&quot;&quot;,&quot;orientation&quot;:&quot;0&quot;}\" data-image-title=\"Aldanondo infografia\" data-image-description=\"\" data-image-caption=\"\" data-large-file=\"https:\/\/ws168.juntadeandalucia.es\/iaap\/gestiondelconocimiento\/wp-content\/uploads\/sites\/10\/2021\/06\/Aldanondo-infografia-1024x579.png\" class=\"wp-image-4015 alignright\" src=\"https:\/\/ws168.juntadeandalucia.es\/iaap\/gestiondelconocimiento\/wp-content\/uploads\/sites\/10\/2021\/06\/Aldanondo-infografia.png\" alt=\"\" width=\"665\" height=\"376\" srcset=\"https:\/\/ws168.juntadeandalucia.es\/iaap\/gestiondelconocimiento\/wp-content\/uploads\/sites\/10\/2021\/06\/Aldanondo-infografia.png 1424w, https:\/\/ws168.juntadeandalucia.es\/iaap\/gestiondelconocimiento\/wp-content\/uploads\/sites\/10\/2021\/06\/Aldanondo-infografia-300x170.png 300w, https:\/\/ws168.juntadeandalucia.es\/iaap\/gestiondelconocimiento\/wp-content\/uploads\/sites\/10\/2021\/06\/Aldanondo-infografia-1024x579.png 1024w, https:\/\/ws168.juntadeandalucia.es\/iaap\/gestiondelconocimiento\/wp-content\/uploads\/sites\/10\/2021\/06\/Aldanondo-infografia-768x434.png 768w, https:\/\/ws168.juntadeandalucia.es\/iaap\/gestiondelconocimiento\/wp-content\/uploads\/sites\/10\/2021\/06\/Aldanondo-infografia-600x339.png 600w\" sizes=\"(max-width: 665px) 100vw, 665px\" \/><\/span><\/a><span style=\"font-size: 12pt\">Mart\u00ednez Aldanondo es adem\u00e1s, uno de los promotores de la iniciativa\u00a0 \u00ab<a href=\"http:\/\/www.culturaprendizaje.org\/\" target=\"_blank\" rel=\"noopener\">por una nueva Cultura de Aprendizaje\u00bb<\/a> que considera la cultura de aprendizaje como eje estrat\u00e9gico de las organizaciones inteligentes. Desde esta <a href=\"http:\/\/www.culturaprendizaje.org\/assets\/img\/infografia.png\" target=\"_blank\" rel=\"noopener\">infograf\u00eda<\/a> nos dan algunas pistas de c\u00f3mo impulsar este modelo organizativo.<\/span><\/p>\n<h2><a href=\"https:\/\/ws168.juntadeandalucia.es\/iaap\/gestiondelconocimiento\/\" target=\"_blank\" rel=\"noopener\">Hablar de gesti\u00f3n del conocimiento<\/a><\/h2>\n<p><span style=\"font-size: 12pt\">Nuestra entrevista con Javier Mart\u00ednez Aldanondo fue\u00a0 m\u00e1s que eso, se trat\u00f3 de una agradable charla, una conversaci\u00f3n de sobremesa muy productiva. Ya sab\u00e9is, porque segu\u00eds fielmente nuestro blog, que somos unos entusiastas de las conversaciones, de todas las conversaciones, pero \u00e9sta se puede considerar como una de las mejores.<\/span><\/p>\n<p><span style=\"font-size: 12pt\">Hablamos de gesti\u00f3n del conocimiento con Mart\u00ednez Aldanondo, del aprendizaje en una organizaci\u00f3n, de las dificultades de \u00e9stas para adaptarse a este tipo de aprendizaje, que debe ser individual a la vez que colectivo. Y por supuesto, como gran colaborador y enamorado de nuestro programa de Embajadores y Embajadoras del Conocimiento, tambi\u00e9n hubo momentos para conversar sobre la gesti\u00f3n del conocimiento en las Administraciones p\u00fablicas, y en la Junta de Andaluc\u00eda por lo que nos toca.\u00a0<\/span><\/p>\n<h2>La entrevista<\/h2>\n<p><span style=\"font-size: 12pt\">Pero no queremos enrollarnos m\u00e1s, te dejamos con lo que de verdad interesa que es la intervenci\u00f3n de Javier Mart\u00ednez en esta entrevista y que puedes ver en su integridad en el siguiente enlace: \u00a0 <a href=\"https:\/\/youtu.be\/zeHoWdPsgqs\" target=\"_blank\" rel=\"noopener\">https:\/\/youtu.be\/zeHoWdPsgqs<\/a> \u00a0 (Para acceder al \u00edndice de contenidos visual\u00edzalo desde nuestro canal de Youtube)\u00a0<\/span><\/p>\n<p><span style=\"font-size: 12pt\">Te recomendamos que la disfrutes, son 82 minutos,\u00a0 intensos y que dan que pensar. Por eso es mejor que te tomes el tiempo necesario, prepares un t\u00e9, caf\u00e9 o lo que te apetezca, escuches con atenci\u00f3n y reflexiones con la mejor de las intenciones.<\/span><\/p>\n<figure id=\"attachment_4016\" aria-describedby=\"caption-attachment-4016\" style=\"width: 636px\" class=\"wp-caption aligncenter\"><a href=\"https:\/\/youtu.be\/zeHoWdPsgqs\" target=\"_blank\" rel=\"noopener\"><img decoding=\"async\" data-attachment-id=\"4016\" data-permalink=\"https:\/\/ws168.juntadeandalucia.es\/iaap\/gestiondelconocimiento\/hablamos-de-gestion-del-conocimiento-con-martinez-aldanondo\/aldanondo-2\/\" data-orig-file=\"https:\/\/ws168.juntadeandalucia.es\/iaap\/gestiondelconocimiento\/wp-content\/uploads\/sites\/10\/2021\/06\/Aldanondo-2.png\" data-orig-size=\"636,352\" data-comments-opened=\"0\" data-image-meta=\"{&quot;aperture&quot;:&quot;0&quot;,&quot;credit&quot;:&quot;&quot;,&quot;camera&quot;:&quot;&quot;,&quot;caption&quot;:&quot;&quot;,&quot;created_timestamp&quot;:&quot;0&quot;,&quot;copyright&quot;:&quot;&quot;,&quot;focal_length&quot;:&quot;0&quot;,&quot;iso&quot;:&quot;0&quot;,&quot;shutter_speed&quot;:&quot;0&quot;,&quot;title&quot;:&quot;&quot;,&quot;orientation&quot;:&quot;0&quot;}\" data-image-title=\"Aldanondo 2\" data-image-description=\"\" data-image-caption=\"\" data-large-file=\"https:\/\/ws168.juntadeandalucia.es\/iaap\/gestiondelconocimiento\/wp-content\/uploads\/sites\/10\/2021\/06\/Aldanondo-2.png\" class=\"wp-image-4016 size-full\" src=\"https:\/\/ws168.juntadeandalucia.es\/iaap\/gestiondelconocimiento\/wp-content\/uploads\/sites\/10\/2021\/06\/Aldanondo-2.png\" alt=\"\" width=\"636\" height=\"352\" srcset=\"https:\/\/ws168.juntadeandalucia.es\/iaap\/gestiondelconocimiento\/wp-content\/uploads\/sites\/10\/2021\/06\/Aldanondo-2.png 636w, https:\/\/ws168.juntadeandalucia.es\/iaap\/gestiondelconocimiento\/wp-content\/uploads\/sites\/10\/2021\/06\/Aldanondo-2-300x166.png 300w, https:\/\/ws168.juntadeandalucia.es\/iaap\/gestiondelconocimiento\/wp-content\/uploads\/sites\/10\/2021\/06\/Aldanondo-2-600x332.png 600w\" sizes=\"(max-width: 636px) 100vw, 636px\" \/><\/a><figcaption id=\"caption-attachment-4016\" class=\"wp-caption-text\"><a href=\"https:\/\/youtu.be\/zeHoWdPsgqs\" target=\"_blank\" rel=\"noopener\">Accede al v\u00eddeo<\/a><\/figcaption><\/figure>\n","protected":false},"excerpt":{"rendered":"<p>Entrevistamos a Javier Mart\u00ednez Aldanondo Hablamos de gesti\u00f3n del conocimiento, nuestra pasi\u00f3n. En esta nueva entrada que traemos, queremos aprovechar para\u00a0 compartir una entrevista muy especial. Entrevistamos a Javier Mart\u00ednez Aldanondo, una agradable conversaci\u00f3n mantenida entre \u00e9l\u00a0 y el equipo de comunicaci\u00f3n y difusi\u00f3n del programa de Embajadores y Embajadoras de\u00a0 Gesti\u00f3n del Conocimiento. Tuvimos [&hellip;]<\/p>\n","protected":false},"author":19,"featured_media":4017,"comment_status":"open","ping_status":"open","sticky":false,"template":"","format":"standard","meta":{"jetpack_post_was_ever_published":false,"_jetpack_newsletter_access":"","_jetpack_dont_email_post_to_subs":false,"_jetpack_newsletter_tier_id":0,"_jetpack_memberships_contains_paywalled_content":false,"_jetpack_memberships_contains_paid_content":false,"footnotes":""},"categories":[52],"tags":[],"class_list":["post-4014","post","type-post","status-publish","format-standard","has-post-thumbnail","hentry","category-gestion-del-conocimiento"],"jetpack_featured_media_url":"https:\/\/ws168.juntadeandalucia.es\/iaap\/gestiondelconocimiento\/wp-content\/uploads\/sites\/10\/2021\/06\/Aldanondo-1.jpg","jetpack_sharing_enabled":true,"jetpack_shortlink":"https:\/\/wp.me\/p9W7Se-12K","jetpack-related-posts":[{"id":1342,"url":"https:\/\/ws168.juntadeandalucia.es\/iaap\/gestiondelconocimiento\/ii-jornada-gestion-del-conocimiento-oportunidades-para-transformar-la-junta-de-andalucia\/","url_meta":{"origin":4014,"position":0},"title":"II Jornada Gesti\u00f3n del Conocimiento. Oportunidades para transformar la Junta de Andaluc\u00eda.","author":"","date":"22 septiembre, 2019","format":false,"excerpt":"El 24 de septiembre de 2019, se celebr\u00f3 en el Aulario de la Isla de la Cartuja del IAAP (Sevilla) la\u00a0II Jornada Gesti\u00f3n del Conocimiento. Oportunidades para transformar la Junta de Andaluc\u00eda. En ella habl\u00f3 de c\u00f3mo se ha desarrollado la segunda edici\u00f3n del programa de Embajadores y Embajadoras del\u2026","rel":"","context":"En \u00abActualidad\u00bb","block_context":{"text":"Actualidad","link":"https:\/\/ws168.juntadeandalucia.es\/iaap\/gestiondelconocimiento\/category\/actualidad\/"},"img":{"alt_text":"","src":"https:\/\/i0.wp.com\/ws168.juntadeandalucia.es\/iaap\/gestiondelconocimiento\/wp-content\/uploads\/sites\/10\/2019\/09\/imagen_noticia_web_IAAP.png?resize=350%2C200&ssl=1","width":350,"height":200,"srcset":"https:\/\/i0.wp.com\/ws168.juntadeandalucia.es\/iaap\/gestiondelconocimiento\/wp-content\/uploads\/sites\/10\/2019\/09\/imagen_noticia_web_IAAP.png?resize=350%2C200&ssl=1 1x, https:\/\/i0.wp.com\/ws168.juntadeandalucia.es\/iaap\/gestiondelconocimiento\/wp-content\/uploads\/sites\/10\/2019\/09\/imagen_noticia_web_IAAP.png?resize=525%2C300&ssl=1 1.5x, https:\/\/i0.wp.com\/ws168.juntadeandalucia.es\/iaap\/gestiondelconocimiento\/wp-content\/uploads\/sites\/10\/2019\/09\/imagen_noticia_web_IAAP.png?resize=700%2C400&ssl=1 2x"},"classes":[]},{"id":6620,"url":"https:\/\/ws168.juntadeandalucia.es\/iaap\/gestiondelconocimiento\/comienza-la-viii-edicion-del-programa-embajadores-y-embajadoras-del-conocimiento\/","url_meta":{"origin":4014,"position":1},"title":"Comienza la VIII edici\u00f3n del Programa Embajadores y Embajadoras del Conocimiento","author":"administrador","date":"31 enero, 2025","format":false,"excerpt":"Con la llegada de enero, llega una nueva edici\u00f3n del Programa Embajadores y Embajadoras del Conocimiento del Instituto Andaluz de Administraci\u00f3n P\u00fablica.En esta octava edici\u00f3n los proyectos a realizar son:Enred@2.0: revista digital por y para emplead@s de la Junta de Andaluc\u00edaElaboraci\u00f3n de mapas de Conocimiento Cr\u00edtico de unidades administrativas en\u2026","rel":"","context":"En \u00abActualidad\u00bb","block_context":{"text":"Actualidad","link":"https:\/\/ws168.juntadeandalucia.es\/iaap\/gestiondelconocimiento\/category\/actualidad\/"},"img":{"alt_text":"Revista Enred@2.0","src":"https:\/\/i0.wp.com\/ws168.juntadeandalucia.es\/iaap\/gestiondelconocimiento\/wp-content\/uploads\/sites\/10\/2025\/01\/Revista-Enred%402.0-1536x768.jpg?resize=350%2C200&ssl=1","width":350,"height":200,"srcset":"https:\/\/i0.wp.com\/ws168.juntadeandalucia.es\/iaap\/gestiondelconocimiento\/wp-content\/uploads\/sites\/10\/2025\/01\/Revista-Enred%402.0-1536x768.jpg?resize=350%2C200&ssl=1 1x, https:\/\/i0.wp.com\/ws168.juntadeandalucia.es\/iaap\/gestiondelconocimiento\/wp-content\/uploads\/sites\/10\/2025\/01\/Revista-Enred%402.0-1536x768.jpg?resize=525%2C300&ssl=1 1.5x, https:\/\/i0.wp.com\/ws168.juntadeandalucia.es\/iaap\/gestiondelconocimiento\/wp-content\/uploads\/sites\/10\/2025\/01\/Revista-Enred%402.0-1536x768.jpg?resize=700%2C400&ssl=1 2x, https:\/\/i0.wp.com\/ws168.juntadeandalucia.es\/iaap\/gestiondelconocimiento\/wp-content\/uploads\/sites\/10\/2025\/01\/Revista-Enred%402.0-1536x768.jpg?resize=1050%2C600&ssl=1 3x, https:\/\/i0.wp.com\/ws168.juntadeandalucia.es\/iaap\/gestiondelconocimiento\/wp-content\/uploads\/sites\/10\/2025\/01\/Revista-Enred%402.0-1536x768.jpg?resize=1400%2C800&ssl=1 4x"},"classes":[]},{"id":4920,"url":"https:\/\/ws168.juntadeandalucia.es\/iaap\/gestiondelconocimiento\/proyecto-elaboracion-de-mapas-del-conocimiento-critico-2023\/","url_meta":{"origin":4014,"position":2},"title":"Proyecto Elaboraci\u00f3n de mapas de conocimiento cr\u00edtico, 2023","author":"","date":"31 marzo, 2023","format":false,"excerpt":"Un a\u00f1o m\u00e1s, y ya van cinco, el proyecto de Elaboraci\u00f3n de mapas de conocimiento cr\u00edtico de la Junta de Andaluc\u00eda sigue recopilando informaci\u00f3n sobre las tareas o puestos de trabajo claves en nuestra organizaci\u00f3n con la pretensi\u00f3n de almacenarla para que no se pierda y hacerla llegar al personal\u2026","rel":"","context":"En \u00abGesti\u00f3n del conocimiento\u00bb","block_context":{"text":"Gesti\u00f3n del conocimiento","link":"https:\/\/ws168.juntadeandalucia.es\/iaap\/gestiondelconocimiento\/category\/gestion-del-conocimiento\/"},"img":{"alt_text":"","src":"https:\/\/i0.wp.com\/ws168.juntadeandalucia.es\/iaap\/gestiondelconocimiento\/wp-content\/uploads\/sites\/10\/2023\/03\/Curso-Mapas-cto-critico-Sesion-virtual.jpeg?resize=350%2C200&ssl=1","width":350,"height":200,"srcset":"https:\/\/i0.wp.com\/ws168.juntadeandalucia.es\/iaap\/gestiondelconocimiento\/wp-content\/uploads\/sites\/10\/2023\/03\/Curso-Mapas-cto-critico-Sesion-virtual.jpeg?resize=350%2C200&ssl=1 1x, https:\/\/i0.wp.com\/ws168.juntadeandalucia.es\/iaap\/gestiondelconocimiento\/wp-content\/uploads\/sites\/10\/2023\/03\/Curso-Mapas-cto-critico-Sesion-virtual.jpeg?resize=525%2C300&ssl=1 1.5x, https:\/\/i0.wp.com\/ws168.juntadeandalucia.es\/iaap\/gestiondelconocimiento\/wp-content\/uploads\/sites\/10\/2023\/03\/Curso-Mapas-cto-critico-Sesion-virtual.jpeg?resize=700%2C400&ssl=1 2x, https:\/\/i0.wp.com\/ws168.juntadeandalucia.es\/iaap\/gestiondelconocimiento\/wp-content\/uploads\/sites\/10\/2023\/03\/Curso-Mapas-cto-critico-Sesion-virtual.jpeg?resize=1050%2C600&ssl=1 3x"},"classes":[]},{"id":6838,"url":"https:\/\/ws168.juntadeandalucia.es\/iaap\/gestiondelconocimiento\/taller-seguimiento-de-proyectos-de-gestion-del-conocimiento-programa-de-embajadores-y-embajadoras-del-conocimiento-2025-3\/","url_meta":{"origin":4014,"position":3},"title":"Taller Seguimiento De Proyectos De Gesti\u00f3n Del Conocimiento. Programa De Embajadores Y Embajadoras Del Conocimiento 2025.","author":"administrador","date":"26 marzo, 2025","format":false,"excerpt":"Como en cada edici\u00f3n del Programa Embajadores\/as del Conocimiento, tras el taller de Lanzamiento de proyectos de gesti\u00f3n del conocimiento celebrado en Cazorla, el pasado martes 11 de marzo se llev\u00f3 a cabo el segundo encuentro del programa para realizar un seguimiento de los objetivos de cada proyecto establecidos en\u2026","rel":"","context":"En \u00abEmpleados p\u00fablicos\u00bb","block_context":{"text":"Empleados p\u00fablicos","link":"https:\/\/ws168.juntadeandalucia.es\/iaap\/gestiondelconocimiento\/category\/empleados-publicos\/"},"img":{"alt_text":"","src":"https:\/\/i0.wp.com\/ws168.juntadeandalucia.es\/iaap\/gestiondelconocimiento\/wp-content\/uploads\/sites\/10\/2025\/03\/20250311_095557-1536x826.jpg?resize=350%2C200&ssl=1","width":350,"height":200,"srcset":"https:\/\/i0.wp.com\/ws168.juntadeandalucia.es\/iaap\/gestiondelconocimiento\/wp-content\/uploads\/sites\/10\/2025\/03\/20250311_095557-1536x826.jpg?resize=350%2C200&ssl=1 1x, https:\/\/i0.wp.com\/ws168.juntadeandalucia.es\/iaap\/gestiondelconocimiento\/wp-content\/uploads\/sites\/10\/2025\/03\/20250311_095557-1536x826.jpg?resize=525%2C300&ssl=1 1.5x"},"classes":[]},{"id":6923,"url":"https:\/\/ws168.juntadeandalucia.es\/iaap\/gestiondelconocimiento\/mapas-de-conocimiento-critico-o-como-retener-el-conocimiento-en-la-junta-de-andalucia\/","url_meta":{"origin":4014,"position":4},"title":"Mapas de conocimiento cr\u00edtico o c\u00f3mo retener el conocimiento en la Junta de Andaluc\u00eda","author":"administrador","date":"14 mayo, 2025","format":false,"excerpt":"Pong\u00e1monos en situaci\u00f3n. En una oficina cualquiera de la Junta de Andaluc\u00eda, la jefa de servicio X o el jefe de departamento Y, que llevan ocupando de manera ejemplar ese puesto durante los \u00faltimos a\u00f1os, se jubilan en los pr\u00f3ximos meses. \u00bfQu\u00e9 podemos hacer para que, cuando se marchen, el\u2026","rel":"","context":"En \u00abEmpleados p\u00fablicos\u00bb","block_context":{"text":"Empleados p\u00fablicos","link":"https:\/\/ws168.juntadeandalucia.es\/iaap\/gestiondelconocimiento\/category\/empleados-publicos\/"},"img":{"alt_text":"","src":"https:\/\/i0.wp.com\/ws168.juntadeandalucia.es\/iaap\/gestiondelconocimiento\/wp-content\/uploads\/sites\/10\/2022\/12\/Esquema_conocimiento_critico.png?resize=350%2C200&ssl=1","width":350,"height":200,"srcset":"https:\/\/i0.wp.com\/ws168.juntadeandalucia.es\/iaap\/gestiondelconocimiento\/wp-content\/uploads\/sites\/10\/2022\/12\/Esquema_conocimiento_critico.png?resize=350%2C200&ssl=1 1x, https:\/\/i0.wp.com\/ws168.juntadeandalucia.es\/iaap\/gestiondelconocimiento\/wp-content\/uploads\/sites\/10\/2022\/12\/Esquema_conocimiento_critico.png?resize=525%2C300&ssl=1 1.5x"},"classes":[]},{"id":3612,"url":"https:\/\/ws168.juntadeandalucia.es\/iaap\/gestiondelconocimiento\/el-poder-de-la-conversacion-herramienta-de-gestion-del-conocimiento\/","url_meta":{"origin":4014,"position":5},"title":"EL PODER DE LA CONVERSACI\u00d3N: HERRAMIENTA DE GESTI\u00d3N DEL CONOCIMIENTO","author":"","date":"28 abril, 2021","format":false,"excerpt":"Una obviedad no tan obvia.\u00a0 Que la conversaci\u00f3n es de las herramientas m\u00e1s potentes para la extracci\u00f3n y transferencia del conocimiento deber\u00eda ser una obviedad.\u00a0 Pero entonces,\u00a0 por qu\u00e9 se utiliza tan poco y en ocasiones de forma ineficiente en las organizaciones:\u00a0 En primer lugar, podr\u00edamos decir que la conversaci\u00f3n\u2026","rel":"","context":"En \u00abAl alcance\u00bb","block_context":{"text":"Al alcance","link":"https:\/\/ws168.juntadeandalucia.es\/iaap\/gestiondelconocimiento\/category\/nacional\/"},"img":{"alt_text":"Poder conversacion","src":"https:\/\/i0.wp.com\/ws168.juntadeandalucia.es\/iaap\/gestiondelconocimiento\/wp-content\/uploads\/sites\/10\/2021\/04\/el-poder-de-la-conversacion.jpg?resize=350%2C200&ssl=1","width":350,"height":200,"srcset":"https:\/\/i0.wp.com\/ws168.juntadeandalucia.es\/iaap\/gestiondelconocimiento\/wp-content\/uploads\/sites\/10\/2021\/04\/el-poder-de-la-conversacion.jpg?resize=350%2C200&ssl=1 1x, https:\/\/i0.wp.com\/ws168.juntadeandalucia.es\/iaap\/gestiondelconocimiento\/wp-content\/uploads\/sites\/10\/2021\/04\/el-poder-de-la-conversacion.jpg?resize=525%2C300&ssl=1 1.5x, https:\/\/i0.wp.com\/ws168.juntadeandalucia.es\/iaap\/gestiondelconocimiento\/wp-content\/uploads\/sites\/10\/2021\/04\/el-poder-de-la-conversacion.jpg?resize=700%2C400&ssl=1 2x, https:\/\/i0.wp.com\/ws168.juntadeandalucia.es\/iaap\/gestiondelconocimiento\/wp-content\/uploads\/sites\/10\/2021\/04\/el-poder-de-la-conversacion.jpg?resize=1050%2C600&ssl=1 3x"},"classes":[]}],"jetpack_likes_enabled":true,"_links":{"self":[{"href":"https:\/\/ws168.juntadeandalucia.es\/iaap\/gestiondelconocimiento\/wp-json\/wp\/v2\/posts\/4014","targetHints":{"allow":["GET"]}}],"collection":[{"href":"https:\/\/ws168.juntadeandalucia.es\/iaap\/gestiondelconocimiento\/wp-json\/wp\/v2\/posts"}],"about":[{"href":"https:\/\/ws168.juntadeandalucia.es\/iaap\/gestiondelconocimiento\/wp-json\/wp\/v2\/types\/post"}],"author":[{"embeddable":true,"href":"https:\/\/ws168.juntadeandalucia.es\/iaap\/gestiondelconocimiento\/wp-json\/wp\/v2\/users\/19"}],"replies":[{"embeddable":true,"href":"https:\/\/ws168.juntadeandalucia.es\/iaap\/gestiondelconocimiento\/wp-json\/wp\/v2\/comments?post=4014"}],"version-history":[{"count":8,"href":"https:\/\/ws168.juntadeandalucia.es\/iaap\/gestiondelconocimiento\/wp-json\/wp\/v2\/posts\/4014\/revisions"}],"predecessor-version":[{"id":4025,"href":"https:\/\/ws168.juntadeandalucia.es\/iaap\/gestiondelconocimiento\/wp-json\/wp\/v2\/posts\/4014\/revisions\/4025"}],"wp:featuredmedia":[{"embeddable":true,"href":"https:\/\/ws168.juntadeandalucia.es\/iaap\/gestiondelconocimiento\/wp-json\/wp\/v2\/media\/4017"}],"wp:attachment":[{"href":"https:\/\/ws168.juntadeandalucia.es\/iaap\/gestiondelconocimiento\/wp-json\/wp\/v2\/media?parent=4014"}],"wp:term":[{"taxonomy":"category","embeddable":true,"href":"https:\/\/ws168.juntadeandalucia.es\/iaap\/gestiondelconocimiento\/wp-json\/wp\/v2\/categories?post=4014"},{"taxonomy":"post_tag","embeddable":true,"href":"https:\/\/ws168.juntadeandalucia.es\/iaap\/gestiondelconocimiento\/wp-json\/wp\/v2\/tags?post=4014"}],"curies":[{"name":"wp","href":"https:\/\/api.w.org\/{rel}","templated":true}]}}