{"id":4272,"date":"2022-02-17T18:56:54","date_gmt":"2022-02-17T17:56:54","guid":{"rendered":"https:\/\/ws168.juntadeandalucia.es\/iaap\/gestiondelconocimiento\/?p=4272"},"modified":"2022-03-16T18:26:16","modified_gmt":"2022-03-16T17:26:16","slug":"4272-2","status":"publish","type":"post","link":"https:\/\/ws168.juntadeandalucia.es\/iaap\/gestiondelconocimiento\/4272-2\/","title":{"rendered":"Arranca Embajadores del Conocimiento 2022"},"content":{"rendered":"<p><img fetchpriority=\"high\" decoding=\"async\" data-attachment-id=\"4273\" data-permalink=\"https:\/\/ws168.juntadeandalucia.es\/iaap\/gestiondelconocimiento\/4272-2\/embajadores-conocimiento-2022\/\" data-orig-file=\"https:\/\/ws168.juntadeandalucia.es\/iaap\/gestiondelconocimiento\/wp-content\/uploads\/sites\/10\/2022\/02\/embajadores-conocimiento-2022.jpg\" data-orig-size=\"1303,1600\" data-comments-opened=\"0\" data-image-meta=\"{&quot;aperture&quot;:&quot;0&quot;,&quot;credit&quot;:&quot;&quot;,&quot;camera&quot;:&quot;&quot;,&quot;caption&quot;:&quot;&quot;,&quot;created_timestamp&quot;:&quot;0&quot;,&quot;copyright&quot;:&quot;&quot;,&quot;focal_length&quot;:&quot;0&quot;,&quot;iso&quot;:&quot;0&quot;,&quot;shutter_speed&quot;:&quot;0&quot;,&quot;title&quot;:&quot;&quot;,&quot;orientation&quot;:&quot;0&quot;}\" data-image-title=\"embajadores conocimiento 2022\" data-image-description=\"\" data-image-caption=\"\" data-large-file=\"https:\/\/ws168.juntadeandalucia.es\/iaap\/gestiondelconocimiento\/wp-content\/uploads\/sites\/10\/2022\/02\/embajadores-conocimiento-2022-834x1024.jpg\" class=\"aligncenter size-full wp-image-4273\" src=\"https:\/\/ws168.juntadeandalucia.es\/iaap\/gestiondelconocimiento\/wp-content\/uploads\/sites\/10\/2022\/02\/embajadores-conocimiento-2022.jpg\" alt=\"\" width=\"1303\" height=\"1600\" srcset=\"https:\/\/ws168.juntadeandalucia.es\/iaap\/gestiondelconocimiento\/wp-content\/uploads\/sites\/10\/2022\/02\/embajadores-conocimiento-2022.jpg 1303w, https:\/\/ws168.juntadeandalucia.es\/iaap\/gestiondelconocimiento\/wp-content\/uploads\/sites\/10\/2022\/02\/embajadores-conocimiento-2022-244x300.jpg 244w, https:\/\/ws168.juntadeandalucia.es\/iaap\/gestiondelconocimiento\/wp-content\/uploads\/sites\/10\/2022\/02\/embajadores-conocimiento-2022-834x1024.jpg 834w, https:\/\/ws168.juntadeandalucia.es\/iaap\/gestiondelconocimiento\/wp-content\/uploads\/sites\/10\/2022\/02\/embajadores-conocimiento-2022-768x943.jpg 768w, https:\/\/ws168.juntadeandalucia.es\/iaap\/gestiondelconocimiento\/wp-content\/uploads\/sites\/10\/2022\/02\/embajadores-conocimiento-2022-600x737.jpg 600w, https:\/\/ws168.juntadeandalucia.es\/iaap\/gestiondelconocimiento\/wp-content\/uploads\/sites\/10\/2022\/02\/embajadores-conocimiento-2022-1251x1536.jpg 1251w\" sizes=\"(max-width: 1303px) 100vw, 1303px\" \/><\/p>\n<p><span style=\"font-size: 12pt\">A principios de Febrero ha dado comienzo la V edici\u00f3n de Embajadores del Conocimiento con la celebraci\u00f3n <em>on line<\/em> del <strong>Taller de Lanzamiento de Proyectos,<\/strong> V edici\u00f3n (2022).\u00a0 Embajadores del Conocimiento, como ya sab\u00e9is, es un programa impulsado por el Instituto Andaluz de Administraci\u00f3n P\u00fablica (IAAP) de la Junta de Andaluc\u00eda que se inici\u00f3 en el a\u00f1o 2017 y al que pueden acceder todas las personas trabajadoras p\u00fablicas de la Junta de Andaluc\u00eda a trav\u00e9s de convocatoria p\u00fablica.<\/span><\/p>\n<p><span style=\"font-size: 12pt\">Entendemos la <strong>Gesti\u00f3n del Conocimiento <\/strong>(GC o KM por sus siglas en espa\u00f1ol y en ingl\u00e9s) como el conjunto de <strong>estrategias, proyectos, actuaciones e iniciativas<\/strong> destinadas a <em>mejorar la productividad del personal al servicio de la Administraci\u00f3n P\u00fablica<\/em>. Todo ello, a trav\u00e9s de un <strong>uso eficiente del conocimiento existente, individual y colectivo.<\/strong> Este conocimiento puede ser <strong>tangible<\/strong> (<em>datos y documentos)<\/em>, o <strong>intangible<\/strong> (<em>experiencia y capacidades del personal<\/em>).<\/span><\/p>\n<p><span style=\"font-size: 12pt\">Las actividades que realizamos los profesionales implicados en este grupo van encaminadas a la mejora de la Administraci\u00f3n P\u00fablica, pudiendo destacar, entre otras las siguientes:<\/span><\/p>\n<ul>\n<li><span style=\"font-size: 12pt\"><em>Reflexionar conjuntamente sobre la Gesti\u00f3n del Conocimiento en la organizaci\u00f3n, detectar posibles problemas y proponer soluciones.<\/em><\/span><\/li>\n<li><span style=\"font-size: 12pt\"><em>Realizar una actualizaci\u00f3n permanente de conocimientos (Benchmarking). \u00abQu\u00e9 hacen otros y qu\u00e9 podr\u00edamos aplicar en nuestra organizaci\u00f3n\u00bb.<\/em><\/span><\/li>\n<li><span style=\"font-size: 12pt\"><em>Poner en marcha iniciativas y proyectos de Gesti\u00f3n del Conocimiento para toda la Junta de Andaluc\u00eda.<\/em><\/span><\/li>\n<li><span style=\"font-size: 12pt\"><em>Proponer formaci\u00f3n permanente en este nuevo \u00e1mbito de la Gesti\u00f3n del Conocimiento. Tanto para la propia Red de Embajadores y Embajadoras, como para el resto de la organizaci\u00f3n.<\/em><\/span><\/li>\n<\/ul>\n<p><span style=\"font-size: 12pt\">En la edici\u00f3n de 2022, las 36 personas participantes seleccionadas hemos quedado encuadradas en los siguientes grupos de trabajo:<\/span><\/p>\n<ol>\n<li><span style=\"font-size: 12pt\">Encuentros Intergeneracionales.<\/span><\/li>\n<li><span style=\"font-size: 12pt\">Identificaci\u00f3n del Conocimiento Cr\u00edtico<\/span><\/li>\n<li><span style=\"font-size: 12pt\">Fomento de la Cultura Audiovisual<\/span><\/li>\n<li><span style=\"font-size: 12pt\">Comunicaci\u00f3n y Difusi\u00f3n KM<\/span><\/li>\n<li><span style=\"font-size: 12pt\">Revista Digital <em>EnRed@2.0<\/em><\/span><\/li>\n<li><span style=\"font-size: 12pt\">Wiki Gesti\u00f3n del Conocimiento<\/span><\/li>\n<\/ol>\n","protected":false},"excerpt":{"rendered":"<p>A principios de Febrero ha dado comienzo la V edici\u00f3n de Embajadores del Conocimiento con la celebraci\u00f3n on line del Taller de Lanzamiento de Proyectos, V edici\u00f3n (2022).\u00a0 Embajadores del Conocimiento, como ya sab\u00e9is, es un programa impulsado por el Instituto Andaluz de Administraci\u00f3n P\u00fablica (IAAP) de la Junta de Andaluc\u00eda que se inici\u00f3 en [&hellip;]<\/p>\n","protected":false},"author":19,"featured_media":0,"comment_status":"open","ping_status":"open","sticky":false,"template":"","format":"standard","meta":{"jetpack_post_was_ever_published":false,"_jetpack_newsletter_access":"","_jetpack_dont_email_post_to_subs":false,"_jetpack_newsletter_tier_id":0,"_jetpack_memberships_contains_paywalled_content":false,"_jetpack_memberships_contains_paid_content":false,"footnotes":""},"categories":[52],"tags":[84,5,42],"class_list":["post-4272","post","type-post","status-publish","format-standard","hentry","category-gestion-del-conocimiento","tag-embajadores-2022","tag-gestion-del-conocimiento","tag-iaap"],"jetpack_featured_media_url":"","jetpack_sharing_enabled":true,"jetpack_shortlink":"https:\/\/wp.me\/p9W7Se-16U","jetpack-related-posts":[{"id":5877,"url":"https:\/\/ws168.juntadeandalucia.es\/iaap\/gestiondelconocimiento\/la-vii-edicion-de-embajadores-as-del-conocimiento-en-cifras\/","url_meta":{"origin":4272,"position":0},"title":"La VII edici\u00f3n de Embajadores\/as del Conocimiento en cifras","author":"administrador","date":"29 febrero, 2024","format":false,"excerpt":"Siete a\u00f1os, casi doscientos participantes, treinta y ocho proyectos realizados, entre ellos, cinco Encuentros Intergeneracionales.\u00a0Este ser\u00eda el breve resumen de la trayectoria del Programa Embajadores\/as del Conocimiento del Instituto Andaluz de Administraci\u00f3n P\u00fablica hasta el momento.A finales del pasado mes de enero de 2024 tuvo lugar el Taller de Lanzamiento\u2026","rel":"","context":"En \u00abEmpleados p\u00fablicos\u00bb","block_context":{"text":"Empleados p\u00fablicos","link":"https:\/\/ws168.juntadeandalucia.es\/iaap\/gestiondelconocimiento\/category\/empleados-publicos\/"},"img":{"alt_text":"Participantes por g\u00e9nero","src":"https:\/\/i0.wp.com\/ws168.juntadeandalucia.es\/iaap\/gestiondelconocimiento\/wp-content\/uploads\/sites\/10\/2024\/02\/Participantes-por-g%C2%B4nero-1536x1086.jpg?resize=350%2C200&ssl=1","width":350,"height":200,"srcset":"https:\/\/i0.wp.com\/ws168.juntadeandalucia.es\/iaap\/gestiondelconocimiento\/wp-content\/uploads\/sites\/10\/2024\/02\/Participantes-por-g%C2%B4nero-1536x1086.jpg?resize=350%2C200&ssl=1 1x, https:\/\/i0.wp.com\/ws168.juntadeandalucia.es\/iaap\/gestiondelconocimiento\/wp-content\/uploads\/sites\/10\/2024\/02\/Participantes-por-g%C2%B4nero-1536x1086.jpg?resize=525%2C300&ssl=1 1.5x"},"classes":[]},{"id":4838,"url":"https:\/\/ws168.juntadeandalucia.es\/iaap\/gestiondelconocimiento\/embajadores-del-conocimiento-2023-ya-esta-en-marcha\/","url_meta":{"origin":4272,"position":1},"title":"Embajadores del Conocimiento 2023 ya est\u00e1 en marcha!","author":"","date":"14 marzo, 2023","format":false,"excerpt":"En el pasado mes de enero tuvo lugar en Cazorla el Taller de Lanzamiento de Proyectos de la VI edici\u00f3n del Programa Embajadores del Conocimiento, organizado por el Instituto Andaluz de Administraci\u00f3n P\u00fablica.En esta edici\u00f3n, se le ha dado el pistoletazo de salida a un total de siete proyectos.El proyecto\u2026","rel":"","context":"En \u00abGesti\u00f3n del conocimiento\u00bb","block_context":{"text":"Gesti\u00f3n del conocimiento","link":"https:\/\/ws168.juntadeandalucia.es\/iaap\/gestiondelconocimiento\/category\/gestion-del-conocimiento\/"},"img":{"alt_text":"","src":"https:\/\/i0.wp.com\/ws168.juntadeandalucia.es\/iaap\/gestiondelconocimiento\/wp-content\/uploads\/sites\/10\/2023\/03\/01_Grupo-Comunicacion_FOTO-1-1536x1086.jpg?resize=350%2C200&ssl=1","width":350,"height":200,"srcset":"https:\/\/i0.wp.com\/ws168.juntadeandalucia.es\/iaap\/gestiondelconocimiento\/wp-content\/uploads\/sites\/10\/2023\/03\/01_Grupo-Comunicacion_FOTO-1-1536x1086.jpg?resize=350%2C200&ssl=1 1x, https:\/\/i0.wp.com\/ws168.juntadeandalucia.es\/iaap\/gestiondelconocimiento\/wp-content\/uploads\/sites\/10\/2023\/03\/01_Grupo-Comunicacion_FOTO-1-1536x1086.jpg?resize=525%2C300&ssl=1 1.5x"},"classes":[]},{"id":6620,"url":"https:\/\/ws168.juntadeandalucia.es\/iaap\/gestiondelconocimiento\/comienza-la-viii-edicion-del-programa-embajadores-y-embajadoras-del-conocimiento\/","url_meta":{"origin":4272,"position":2},"title":"Comienza la VIII edici\u00f3n del Programa Embajadores y Embajadoras del Conocimiento","author":"administrador","date":"31 enero, 2025","format":false,"excerpt":"Con la llegada de enero, llega una nueva edici\u00f3n del Programa Embajadores y Embajadoras del Conocimiento del Instituto Andaluz de Administraci\u00f3n P\u00fablica.En esta octava edici\u00f3n los proyectos a realizar son:Enred@2.0: revista digital por y para emplead@s de la Junta de Andaluc\u00edaElaboraci\u00f3n de mapas de Conocimiento Cr\u00edtico de unidades administrativas en\u2026","rel":"","context":"En \u00abActualidad\u00bb","block_context":{"text":"Actualidad","link":"https:\/\/ws168.juntadeandalucia.es\/iaap\/gestiondelconocimiento\/category\/actualidad\/"},"img":{"alt_text":"Revista Enred@2.0","src":"https:\/\/i0.wp.com\/ws168.juntadeandalucia.es\/iaap\/gestiondelconocimiento\/wp-content\/uploads\/sites\/10\/2025\/01\/Revista-Enred%402.0-1536x768.jpg?resize=350%2C200&ssl=1","width":350,"height":200,"srcset":"https:\/\/i0.wp.com\/ws168.juntadeandalucia.es\/iaap\/gestiondelconocimiento\/wp-content\/uploads\/sites\/10\/2025\/01\/Revista-Enred%402.0-1536x768.jpg?resize=350%2C200&ssl=1 1x, https:\/\/i0.wp.com\/ws168.juntadeandalucia.es\/iaap\/gestiondelconocimiento\/wp-content\/uploads\/sites\/10\/2025\/01\/Revista-Enred%402.0-1536x768.jpg?resize=525%2C300&ssl=1 1.5x, https:\/\/i0.wp.com\/ws168.juntadeandalucia.es\/iaap\/gestiondelconocimiento\/wp-content\/uploads\/sites\/10\/2025\/01\/Revista-Enred%402.0-1536x768.jpg?resize=700%2C400&ssl=1 2x, https:\/\/i0.wp.com\/ws168.juntadeandalucia.es\/iaap\/gestiondelconocimiento\/wp-content\/uploads\/sites\/10\/2025\/01\/Revista-Enred%402.0-1536x768.jpg?resize=1050%2C600&ssl=1 3x, https:\/\/i0.wp.com\/ws168.juntadeandalucia.es\/iaap\/gestiondelconocimiento\/wp-content\/uploads\/sites\/10\/2025\/01\/Revista-Enred%402.0-1536x768.jpg?resize=1400%2C800&ssl=1 4x"},"classes":[]},{"id":4893,"url":"https:\/\/ws168.juntadeandalucia.es\/iaap\/gestiondelconocimiento\/lanzamiento-de-proyectos-de-gestion-del-conocimiento-cazorla-2023\/","url_meta":{"origin":4272,"position":3},"title":"Lanzamiento de proyectos de Gesti\u00f3n del Conocimiento, Cazorla, 2023","author":"","date":"28 marzo, 2023","format":false,"excerpt":"En diciembre de 2022, el Instituto Andaluz de Administraci\u00f3n P\u00fablica convocaba la VI edici\u00f3n del programa Embajadores del Conocimiento. M\u00e1s de doscientas personas solicitaron unirse a este proyecto y, de estas, fueron seleccionadas una treintena, que fueron emplazadas a finales de enero en Cazorla (Ja\u00e9n) para llevar a cabo el\u2026","rel":"","context":"En \u00abComunicaci\u00f3n\u00bb","block_context":{"text":"Comunicaci\u00f3n","link":"https:\/\/ws168.juntadeandalucia.es\/iaap\/gestiondelconocimiento\/category\/comunicacion\/"},"img":{"alt_text":"Embajadores del Conocimiento 2023","src":"https:\/\/i0.wp.com\/ws168.juntadeandalucia.es\/iaap\/gestiondelconocimiento\/wp-content\/uploads\/sites\/10\/2023\/03\/Foto-Grupo-Cazorla.jpeg?resize=350%2C200&ssl=1","width":350,"height":200,"srcset":"https:\/\/i0.wp.com\/ws168.juntadeandalucia.es\/iaap\/gestiondelconocimiento\/wp-content\/uploads\/sites\/10\/2023\/03\/Foto-Grupo-Cazorla.jpeg?resize=350%2C200&ssl=1 1x, https:\/\/i0.wp.com\/ws168.juntadeandalucia.es\/iaap\/gestiondelconocimiento\/wp-content\/uploads\/sites\/10\/2023\/03\/Foto-Grupo-Cazorla.jpeg?resize=525%2C300&ssl=1 1.5x, https:\/\/i0.wp.com\/ws168.juntadeandalucia.es\/iaap\/gestiondelconocimiento\/wp-content\/uploads\/sites\/10\/2023\/03\/Foto-Grupo-Cazorla.jpeg?resize=700%2C400&ssl=1 2x, https:\/\/i0.wp.com\/ws168.juntadeandalucia.es\/iaap\/gestiondelconocimiento\/wp-content\/uploads\/sites\/10\/2023\/03\/Foto-Grupo-Cazorla.jpeg?resize=1050%2C600&ssl=1 3x, https:\/\/i0.wp.com\/ws168.juntadeandalucia.es\/iaap\/gestiondelconocimiento\/wp-content\/uploads\/sites\/10\/2023\/03\/Foto-Grupo-Cazorla.jpeg?resize=1400%2C800&ssl=1 4x"},"classes":[]},{"id":5642,"url":"https:\/\/ws168.juntadeandalucia.es\/iaap\/gestiondelconocimiento\/embajadores23-evoluciona-a-embajadores24\/","url_meta":{"origin":4272,"position":4},"title":"#Embajadores23 evoluciona a #Embajadores24","author":"","date":"21 febrero, 2024","format":false,"excerpt":"Un a\u00f1o m\u00e1s, y ya van siete, ha dado comienzo una nueva edici\u00f3n del programa Embajadores\/as del Conocimiento con la celebraci\u00f3n del Taller de Lanzamiento de Proyectos, celebrado en Cazorla (Ja\u00e9n) a finales de enero de 2024.En esta edici\u00f3n, el Instituto Andaluz de Administraci\u00f3n P\u00fablica ha apostado por afianzar seis\u2026","rel":"","context":"En \u00abComunicaci\u00f3n\u00bb","block_context":{"text":"Comunicaci\u00f3n","link":"https:\/\/ws168.juntadeandalucia.es\/iaap\/gestiondelconocimiento\/category\/comunicacion\/"},"img":{"alt_text":"Estad\u00edsticas perfil twitter difusionKM","src":"https:\/\/i0.wp.com\/ws168.juntadeandalucia.es\/iaap\/gestiondelconocimiento\/wp-content\/uploads\/sites\/10\/2024\/02\/Estadisticas-Twitter-KM-1024x724.jpg?resize=350%2C200&ssl=1","width":350,"height":200,"srcset":"https:\/\/i0.wp.com\/ws168.juntadeandalucia.es\/iaap\/gestiondelconocimiento\/wp-content\/uploads\/sites\/10\/2024\/02\/Estadisticas-Twitter-KM-1024x724.jpg?resize=350%2C200&ssl=1 1x, https:\/\/i0.wp.com\/ws168.juntadeandalucia.es\/iaap\/gestiondelconocimiento\/wp-content\/uploads\/sites\/10\/2024\/02\/Estadisticas-Twitter-KM-1024x724.jpg?resize=525%2C300&ssl=1 1.5x"},"classes":[]},{"id":3197,"url":"https:\/\/ws168.juntadeandalucia.es\/iaap\/gestiondelconocimiento\/cerramos-una-edicion-del-programa\/","url_meta":{"origin":4272,"position":5},"title":"Cerramos una edici\u00f3n del programa","author":"","date":"20 enero, 2021","format":false,"excerpt":"III Jornada de Gesti\u00f3n del Conocimiento. Un encuentro virtual.\u00a0 Cerramos una edici\u00f3n del programa de Embajadores\/as del Conocimiento y\u00a0 ya van tres\u00a0 y, \u00a1c\u00f3mo pasa el tiempo! En efecto, el pasado d\u00eda 8 de octubre se celebr\u00f3 la III Jornada de Gesti\u00f3n del Conocimiento. Una jornada que pon\u00eda el broche\u2026","rel":"","context":"En \u00abComunicaci\u00f3n\u00bb","block_context":{"text":"Comunicaci\u00f3n","link":"https:\/\/ws168.juntadeandalucia.es\/iaap\/gestiondelconocimiento\/category\/comunicacion\/"},"img":{"alt_text":"","src":"https:\/\/i0.wp.com\/ws168.juntadeandalucia.es\/iaap\/gestiondelconocimiento\/wp-content\/uploads\/sites\/10\/2020\/09\/Screenshot_2020-09-18-Editor.jpg?resize=350%2C200&ssl=1","width":350,"height":200,"srcset":"https:\/\/i0.wp.com\/ws168.juntadeandalucia.es\/iaap\/gestiondelconocimiento\/wp-content\/uploads\/sites\/10\/2020\/09\/Screenshot_2020-09-18-Editor.jpg?resize=350%2C200&ssl=1 1x, https:\/\/i0.wp.com\/ws168.juntadeandalucia.es\/iaap\/gestiondelconocimiento\/wp-content\/uploads\/sites\/10\/2020\/09\/Screenshot_2020-09-18-Editor.jpg?resize=525%2C300&ssl=1 1.5x, https:\/\/i0.wp.com\/ws168.juntadeandalucia.es\/iaap\/gestiondelconocimiento\/wp-content\/uploads\/sites\/10\/2020\/09\/Screenshot_2020-09-18-Editor.jpg?resize=700%2C400&ssl=1 2x"},"classes":[]}],"jetpack_likes_enabled":true,"_links":{"self":[{"href":"https:\/\/ws168.juntadeandalucia.es\/iaap\/gestiondelconocimiento\/wp-json\/wp\/v2\/posts\/4272","targetHints":{"allow":["GET"]}}],"collection":[{"href":"https:\/\/ws168.juntadeandalucia.es\/iaap\/gestiondelconocimiento\/wp-json\/wp\/v2\/posts"}],"about":[{"href":"https:\/\/ws168.juntadeandalucia.es\/iaap\/gestiondelconocimiento\/wp-json\/wp\/v2\/types\/post"}],"author":[{"embeddable":true,"href":"https:\/\/ws168.juntadeandalucia.es\/iaap\/gestiondelconocimiento\/wp-json\/wp\/v2\/users\/19"}],"replies":[{"embeddable":true,"href":"https:\/\/ws168.juntadeandalucia.es\/iaap\/gestiondelconocimiento\/wp-json\/wp\/v2\/comments?post=4272"}],"version-history":[{"count":7,"href":"https:\/\/ws168.juntadeandalucia.es\/iaap\/gestiondelconocimiento\/wp-json\/wp\/v2\/posts\/4272\/revisions"}],"predecessor-version":[{"id":4299,"href":"https:\/\/ws168.juntadeandalucia.es\/iaap\/gestiondelconocimiento\/wp-json\/wp\/v2\/posts\/4272\/revisions\/4299"}],"wp:attachment":[{"href":"https:\/\/ws168.juntadeandalucia.es\/iaap\/gestiondelconocimiento\/wp-json\/wp\/v2\/media?parent=4272"}],"wp:term":[{"taxonomy":"category","embeddable":true,"href":"https:\/\/ws168.juntadeandalucia.es\/iaap\/gestiondelconocimiento\/wp-json\/wp\/v2\/categories?post=4272"},{"taxonomy":"post_tag","embeddable":true,"href":"https:\/\/ws168.juntadeandalucia.es\/iaap\/gestiondelconocimiento\/wp-json\/wp\/v2\/tags?post=4272"}],"curies":[{"name":"wp","href":"https:\/\/api.w.org\/{rel}","templated":true}]}}