{"id":5092,"date":"2023-06-16T08:43:09","date_gmt":"2023-06-16T07:43:09","guid":{"rendered":"https:\/\/ws168.juntadeandalucia.es\/iaap\/gestiondelconocimiento\/?p=5092"},"modified":"2023-06-16T12:48:00","modified_gmt":"2023-06-16T11:48:00","slug":"taller-metricas-en-gestion-del-conocimiento-malaga-25-de-mayo-de-2023","status":"publish","type":"post","link":"https:\/\/ws168.juntadeandalucia.es\/iaap\/gestiondelconocimiento\/taller-metricas-en-gestion-del-conocimiento-malaga-25-de-mayo-de-2023\/","title":{"rendered":"Taller M\u00e9tricas en Gesti\u00f3n del Conocimiento (M\u00e1laga, 25 de mayo de 2023)"},"content":{"rendered":"\t\t<div data-elementor-type=\"wp-post\" data-elementor-id=\"5092\" class=\"elementor elementor-5092\">\n\t\t\t\t\t\t<section class=\"elementor-section elementor-top-section elementor-element elementor-element-5428f92 elementor-section-boxed elementor-section-height-default elementor-section-height-default\" data-id=\"5428f92\" data-element_type=\"section\" data-e-type=\"section\">\n\t\t\t\t\t\t<div class=\"elementor-container elementor-column-gap-default\">\n\t\t\t\t\t<div class=\"elementor-column elementor-col-100 elementor-top-column elementor-element elementor-element-5250ee5\" data-id=\"5250ee5\" data-element_type=\"column\" data-e-type=\"column\">\n\t\t\t<div class=\"elementor-widget-wrap elementor-element-populated\">\n\t\t\t\t\t\t<div class=\"elementor-element elementor-element-79d10a9 elementor-widget elementor-widget-heading\" data-id=\"79d10a9\" data-element_type=\"widget\" data-e-type=\"widget\" data-widget_type=\"heading.default\">\n\t\t\t\t<div class=\"elementor-widget-container\">\n\t\t\t\t\t<h5 class=\"elementor-heading-title elementor-size-default\">\u00bf\u00bfPara qu\u00e9 sirve un taller de m\u00e9tricas??<\/h5>\t\t\t\t<\/div>\n\t\t\t\t<\/div>\n\t\t\t\t<div class=\"elementor-element elementor-element-7b01dd7 elementor-widget elementor-widget-text-editor\" data-id=\"7b01dd7\" data-element_type=\"widget\" data-e-type=\"widget\" data-widget_type=\"text-editor.default\">\n\t\t\t\t<div class=\"elementor-widget-container\">\n\t\t\t\t\t\t\t\t\t<p align=\"justify\">Esta pregunta nos la hac\u00edamos los participantes novatos en esta sexta edici\u00f3n del programa <strong>Embajadores del Conocimiento<\/strong>, incluso las personas a las que les coment\u00e1bamos donde \u00edbamos el pasado 25 de mayo se quedaban extra\u00f1adas y nos preguntaban que a qu\u00e9 \u00edbamos all\u00ed.<\/p><p align=\"justify\">Toda buena planificaci\u00f3n de un proyecto debe contar con una fase intermedia de revisi\u00f3n y evaluaci\u00f3n de las tareas realizadas; poner sobre papel de d\u00f3nde venimos, qu\u00e9 pretend\u00edamos hacer, qu\u00e9 se ha podido hacer hasta ahora y en qu\u00e9 punto nos encontramos para alcanzar nuestro objetivo.<\/p><p align=\"justify\">La evaluaci\u00f3n constante es clave en cualquier proyecto, podemos detectar cu\u00e1les son nuestras fortalezas para agarrarnos a ellas cuando se pierda un poco el norte y cu\u00e1les son nuestras debilidades para ponernos manos a la obra para prevenirlas. Adem\u00e1s, al hacerlo en un entorno colaborativo, contando con las diferentes \u00f3pticas y opiniones del resto de compa\u00f1eros, podemos adquirir nuevos puntos de vista y ampliar y mejorar nuestros objetivos.<\/p><p align=\"justify\">Todo ello en el sentido estricto del proyecto, pero lo que result\u00f3 ser m\u00e1s importante y beneficioso en este Taller fue la retroalimentaci\u00f3n de energ\u00edas que vivimos.<\/p><p align=\"justify\">Llegamos al sexto mes del programa despu\u00e9s de haber iniciado en enero con la motivaci\u00f3n por las nubes y expectantes a lo que se nos presentaba por delante algo \u201ccansados\u201d.<\/p><p align=\"justify\">Durante estos seis meses hemos sido conscientes de lo que implica trabajar en equipo, la gran mayor\u00eda de manera virtual, luchar contra la temida burocracia y ante todo, que las horas del d\u00eda son las que son, que las cargas laborales y personales est\u00e1n ah\u00ed y debemos organizarnos entre todos para sacar este proyecto adelante.<\/p><p align=\"justify\">En el encuentro que tuvimos en el <strong>Taller de M\u00e9tricas en Gesti\u00f3n del conocimiento<\/strong>, pudimos comprobar que los \u201cproblemas\u201d que tenemos en cada grupo en realidad suceden en el resto de los grupos y es algo normal y que, al exponerlos, podemos solventarlos.<\/p><p align=\"justify\">Estos programas participativos sirven ante todo para ponernos en la piel del compa\u00f1ero, llegar a acuerdos, animarnos entre unos y otros y buscar entre todos soluciones.<\/p><p align=\"justify\">La jornada se celebr\u00f3 en las instalaciones del <strong>Instituto Andaluz del Deporte<\/strong>, en M\u00e1laga, quien, junto al maravilloso anfitri\u00f3n y embajador Rafa Castillo Vega, nos hicieron sentir como en casa.<\/p><p align=\"justify\">Por parte del IAAP, nos dieron la bienvenida Javier Dom\u00ednguez y Reyes Boralla, los cuales nos invitaron a realizar un check-in expresando nuestro estado de \u00e1nimo. A pesar de lo comentado anteriormente, la gran mayor\u00eda nos acercamos a la euforia ya que no perdemos la ilusi\u00f3n en este programa.<\/p>\t\t\t\t\t\t\t\t<\/div>\n\t\t\t\t<\/div>\n\t\t\t\t\t<\/div>\n\t\t<\/div>\n\t\t\t\t\t<\/div>\n\t\t<\/section>\n\t\t\t\t<section class=\"elementor-section elementor-top-section elementor-element elementor-element-9a39481 elementor-section-boxed elementor-section-height-default elementor-section-height-default\" data-id=\"9a39481\" data-element_type=\"section\" data-e-type=\"section\">\n\t\t\t\t\t\t<div class=\"elementor-container elementor-column-gap-default\">\n\t\t\t\t\t<div class=\"elementor-column elementor-col-100 elementor-top-column elementor-element elementor-element-c1f02f6\" data-id=\"c1f02f6\" data-element_type=\"column\" data-e-type=\"column\">\n\t\t\t<div class=\"elementor-widget-wrap elementor-element-populated\">\n\t\t\t\t\t\t<div class=\"elementor-element elementor-element-6845505 elementor-widget elementor-widget-image\" data-id=\"6845505\" data-element_type=\"widget\" data-e-type=\"widget\" data-widget_type=\"image.default\">\n\t\t\t\t<div class=\"elementor-widget-container\">\n\t\t\t\t\t\t\t\t\t\t\t\t\t\t\t<img fetchpriority=\"high\" decoding=\"async\" data-attachment-id=\"5110\" data-permalink=\"https:\/\/ws168.juntadeandalucia.es\/iaap\/gestiondelconocimiento\/taller-metricas-en-gestion-del-conocimiento-malaga-25-de-mayo-de-2023\/diseno-sin-titulo-3\/\" data-orig-file=\"https:\/\/ws168.juntadeandalucia.es\/iaap\/gestiondelconocimiento\/wp-content\/uploads\/sites\/10\/2023\/06\/Diseno-sin-titulo-1.jpg\" data-orig-size=\"2234,817\" data-comments-opened=\"0\" data-image-meta=\"{&quot;aperture&quot;:&quot;0&quot;,&quot;credit&quot;:&quot;&quot;,&quot;camera&quot;:&quot;&quot;,&quot;caption&quot;:&quot;&quot;,&quot;created_timestamp&quot;:&quot;0&quot;,&quot;copyright&quot;:&quot;&quot;,&quot;focal_length&quot;:&quot;0&quot;,&quot;iso&quot;:&quot;0&quot;,&quot;shutter_speed&quot;:&quot;0&quot;,&quot;title&quot;:&quot;&quot;,&quot;orientation&quot;:&quot;1&quot;}\" data-image-title=\"Dise\u00f1o sin t\u00edtulo\" data-image-description=\"\" data-image-caption=\"\" data-large-file=\"https:\/\/ws168.juntadeandalucia.es\/iaap\/gestiondelconocimiento\/wp-content\/uploads\/sites\/10\/2023\/06\/Diseno-sin-titulo-1-1024x374.jpg\" width=\"1536\" height=\"562\" src=\"https:\/\/ws168.juntadeandalucia.es\/iaap\/gestiondelconocimiento\/wp-content\/uploads\/sites\/10\/2023\/06\/Diseno-sin-titulo-1-1536x562.jpg\" class=\"attachment-1536x1536 size-1536x1536 wp-image-5110\" alt=\"\" srcset=\"https:\/\/ws168.juntadeandalucia.es\/iaap\/gestiondelconocimiento\/wp-content\/uploads\/sites\/10\/2023\/06\/Diseno-sin-titulo-1-1536x562.jpg 1536w, https:\/\/ws168.juntadeandalucia.es\/iaap\/gestiondelconocimiento\/wp-content\/uploads\/sites\/10\/2023\/06\/Diseno-sin-titulo-1-300x110.jpg 300w, https:\/\/ws168.juntadeandalucia.es\/iaap\/gestiondelconocimiento\/wp-content\/uploads\/sites\/10\/2023\/06\/Diseno-sin-titulo-1-1024x374.jpg 1024w, https:\/\/ws168.juntadeandalucia.es\/iaap\/gestiondelconocimiento\/wp-content\/uploads\/sites\/10\/2023\/06\/Diseno-sin-titulo-1-768x281.jpg 768w, https:\/\/ws168.juntadeandalucia.es\/iaap\/gestiondelconocimiento\/wp-content\/uploads\/sites\/10\/2023\/06\/Diseno-sin-titulo-1-2048x749.jpg 2048w, https:\/\/ws168.juntadeandalucia.es\/iaap\/gestiondelconocimiento\/wp-content\/uploads\/sites\/10\/2023\/06\/Diseno-sin-titulo-1-1320x483.jpg 1320w\" sizes=\"(max-width: 1536px) 100vw, 1536px\" data-attachment-id=\"5110\" data-permalink=\"https:\/\/ws168.juntadeandalucia.es\/iaap\/gestiondelconocimiento\/taller-metricas-en-gestion-del-conocimiento-malaga-25-de-mayo-de-2023\/diseno-sin-titulo-3\/\" data-orig-file=\"https:\/\/ws168.juntadeandalucia.es\/iaap\/gestiondelconocimiento\/wp-content\/uploads\/sites\/10\/2023\/06\/Diseno-sin-titulo-1.jpg\" data-orig-size=\"2234,817\" data-comments-opened=\"0\" data-image-meta=\"{&quot;aperture&quot;:&quot;0&quot;,&quot;credit&quot;:&quot;&quot;,&quot;camera&quot;:&quot;&quot;,&quot;caption&quot;:&quot;&quot;,&quot;created_timestamp&quot;:&quot;0&quot;,&quot;copyright&quot;:&quot;&quot;,&quot;focal_length&quot;:&quot;0&quot;,&quot;iso&quot;:&quot;0&quot;,&quot;shutter_speed&quot;:&quot;0&quot;,&quot;title&quot;:&quot;&quot;,&quot;orientation&quot;:&quot;1&quot;}\" data-image-title=\"Dise\u00f1o sin t\u00edtulo\" data-image-description=\"\" data-image-caption=\"\" data-large-file=\"https:\/\/ws168.juntadeandalucia.es\/iaap\/gestiondelconocimiento\/wp-content\/uploads\/sites\/10\/2023\/06\/Diseno-sin-titulo-1-1024x374.jpg\" \/>\t\t\t\t\t\t\t\t\t\t\t\t\t\t\t<\/div>\n\t\t\t\t<\/div>\n\t\t\t\t\t<\/div>\n\t\t<\/div>\n\t\t\t\t\t<\/div>\n\t\t<\/section>\n\t\t\t\t<section class=\"elementor-section elementor-top-section elementor-element elementor-element-401f11d elementor-section-boxed elementor-section-height-default elementor-section-height-default\" data-id=\"401f11d\" data-element_type=\"section\" data-e-type=\"section\">\n\t\t\t\t\t\t<div class=\"elementor-container elementor-column-gap-default\">\n\t\t\t\t\t<div class=\"elementor-column elementor-col-100 elementor-top-column elementor-element elementor-element-05f43e1\" data-id=\"05f43e1\" data-element_type=\"column\" data-e-type=\"column\">\n\t\t\t<div class=\"elementor-widget-wrap elementor-element-populated\">\n\t\t\t\t\t\t<div class=\"elementor-element elementor-element-4619ca0 elementor-widget elementor-widget-text-editor\" data-id=\"4619ca0\" data-element_type=\"widget\" data-e-type=\"widget\" data-widget_type=\"text-editor.default\">\n\t\t\t\t<div class=\"elementor-widget-container\">\n\t\t\t\t\t\t\t\t\t<p align=\"justify\">A continuaci\u00f3n, recibimos la visita del director del <strong>Instituto Andaluz de Administraci\u00f3n P\u00fablica<\/strong>, Jos\u00e9 Loaiza, quien nos anim\u00f3 a seguir adelante y valor\u00f3 el trabajo realizado hasta la fecha.<\/p><p align=\"justify\">Tras situarnos en nuestro cronograma, cada grupo present\u00f3 los avances en sus respectivos proyectos, analizando de d\u00f3nde partieron en enero, cu\u00e1l era el objetivo marcado para esta edici\u00f3n y qu\u00e9 hab\u00edan obtenido hasta el momento. Despu\u00e9s de cada presentaci\u00f3n, el resto de los compa\u00f1eros le estregaban a modo de post-it su feedback que les ayudar\u00e1 a mejorar su estrategia de trabajo.<\/p>\t\t\t\t\t\t\t\t<\/div>\n\t\t\t\t<\/div>\n\t\t\t\t\t<\/div>\n\t\t<\/div>\n\t\t\t\t\t<\/div>\n\t\t<\/section>\n\t\t\t\t<section class=\"elementor-section elementor-top-section elementor-element elementor-element-010e7f8 elementor-section-boxed elementor-section-height-default elementor-section-height-default\" data-id=\"010e7f8\" data-element_type=\"section\" data-e-type=\"section\">\n\t\t\t\t\t\t<div class=\"elementor-container elementor-column-gap-default\">\n\t\t\t\t\t<div class=\"elementor-column elementor-col-100 elementor-top-column elementor-element elementor-element-499ae04\" data-id=\"499ae04\" data-element_type=\"column\" data-e-type=\"column\">\n\t\t\t<div class=\"elementor-widget-wrap elementor-element-populated\">\n\t\t\t\t\t\t<div class=\"elementor-element elementor-element-8ded6cb elementor-widget elementor-widget-image\" data-id=\"8ded6cb\" data-element_type=\"widget\" data-e-type=\"widget\" data-widget_type=\"image.default\">\n\t\t\t\t<div class=\"elementor-widget-container\">\n\t\t\t\t\t\t\t\t\t\t\t\t\t\t\t<img decoding=\"async\" data-attachment-id=\"5101\" data-permalink=\"https:\/\/ws168.juntadeandalucia.es\/iaap\/gestiondelconocimiento\/taller-metricas-en-gestion-del-conocimiento-malaga-25-de-mayo-de-2023\/metricas-1\/\" data-orig-file=\"https:\/\/ws168.juntadeandalucia.es\/iaap\/gestiondelconocimiento\/wp-content\/uploads\/sites\/10\/2023\/06\/Metricas-1.jpg\" data-orig-size=\"2245,1587\" data-comments-opened=\"0\" data-image-meta=\"{&quot;aperture&quot;:&quot;0&quot;,&quot;credit&quot;:&quot;&quot;,&quot;camera&quot;:&quot;&quot;,&quot;caption&quot;:&quot;&quot;,&quot;created_timestamp&quot;:&quot;0&quot;,&quot;copyright&quot;:&quot;&quot;,&quot;focal_length&quot;:&quot;0&quot;,&quot;iso&quot;:&quot;0&quot;,&quot;shutter_speed&quot;:&quot;0&quot;,&quot;title&quot;:&quot;&quot;,&quot;orientation&quot;:&quot;1&quot;}\" data-image-title=\"M\u00e9tricas (1)\" data-image-description=\"\" data-image-caption=\"\" data-large-file=\"https:\/\/ws168.juntadeandalucia.es\/iaap\/gestiondelconocimiento\/wp-content\/uploads\/sites\/10\/2023\/06\/Metricas-1-1024x724.jpg\" width=\"1536\" height=\"1086\" src=\"https:\/\/ws168.juntadeandalucia.es\/iaap\/gestiondelconocimiento\/wp-content\/uploads\/sites\/10\/2023\/06\/Metricas-1-1536x1086.jpg\" class=\"attachment-1536x1536 size-1536x1536 wp-image-5101\" alt=\"\" srcset=\"https:\/\/ws168.juntadeandalucia.es\/iaap\/gestiondelconocimiento\/wp-content\/uploads\/sites\/10\/2023\/06\/Metricas-1-1536x1086.jpg 1536w, https:\/\/ws168.juntadeandalucia.es\/iaap\/gestiondelconocimiento\/wp-content\/uploads\/sites\/10\/2023\/06\/Metricas-1-300x212.jpg 300w, https:\/\/ws168.juntadeandalucia.es\/iaap\/gestiondelconocimiento\/wp-content\/uploads\/sites\/10\/2023\/06\/Metricas-1-1024x724.jpg 1024w, https:\/\/ws168.juntadeandalucia.es\/iaap\/gestiondelconocimiento\/wp-content\/uploads\/sites\/10\/2023\/06\/Metricas-1-768x543.jpg 768w, https:\/\/ws168.juntadeandalucia.es\/iaap\/gestiondelconocimiento\/wp-content\/uploads\/sites\/10\/2023\/06\/Metricas-1-2048x1448.jpg 2048w, https:\/\/ws168.juntadeandalucia.es\/iaap\/gestiondelconocimiento\/wp-content\/uploads\/sites\/10\/2023\/06\/Metricas-1-1320x933.jpg 1320w\" sizes=\"(max-width: 1536px) 100vw, 1536px\" data-attachment-id=\"5101\" data-permalink=\"https:\/\/ws168.juntadeandalucia.es\/iaap\/gestiondelconocimiento\/taller-metricas-en-gestion-del-conocimiento-malaga-25-de-mayo-de-2023\/metricas-1\/\" data-orig-file=\"https:\/\/ws168.juntadeandalucia.es\/iaap\/gestiondelconocimiento\/wp-content\/uploads\/sites\/10\/2023\/06\/Metricas-1.jpg\" data-orig-size=\"2245,1587\" data-comments-opened=\"0\" data-image-meta=\"{&quot;aperture&quot;:&quot;0&quot;,&quot;credit&quot;:&quot;&quot;,&quot;camera&quot;:&quot;&quot;,&quot;caption&quot;:&quot;&quot;,&quot;created_timestamp&quot;:&quot;0&quot;,&quot;copyright&quot;:&quot;&quot;,&quot;focal_length&quot;:&quot;0&quot;,&quot;iso&quot;:&quot;0&quot;,&quot;shutter_speed&quot;:&quot;0&quot;,&quot;title&quot;:&quot;&quot;,&quot;orientation&quot;:&quot;1&quot;}\" data-image-title=\"M\u00e9tricas (1)\" data-image-description=\"\" data-image-caption=\"\" data-large-file=\"https:\/\/ws168.juntadeandalucia.es\/iaap\/gestiondelconocimiento\/wp-content\/uploads\/sites\/10\/2023\/06\/Metricas-1-1024x724.jpg\" \/>\t\t\t\t\t\t\t\t\t\t\t\t\t\t\t<\/div>\n\t\t\t\t<\/div>\n\t\t\t\t\t<\/div>\n\t\t<\/div>\n\t\t\t\t\t<\/div>\n\t\t<\/section>\n\t\t\t\t<section class=\"elementor-section elementor-top-section elementor-element elementor-element-a99db61 elementor-section-boxed elementor-section-height-default elementor-section-height-default\" data-id=\"a99db61\" data-element_type=\"section\" data-e-type=\"section\">\n\t\t\t\t\t\t<div class=\"elementor-container elementor-column-gap-default\">\n\t\t\t\t\t<div class=\"elementor-column elementor-col-100 elementor-top-column elementor-element elementor-element-3c94b31\" data-id=\"3c94b31\" data-element_type=\"column\" data-e-type=\"column\">\n\t\t\t<div class=\"elementor-widget-wrap elementor-element-populated\">\n\t\t\t\t\t\t<div class=\"elementor-element elementor-element-8910c4e elementor-widget elementor-widget-text-editor\" data-id=\"8910c4e\" data-element_type=\"widget\" data-e-type=\"widget\" data-widget_type=\"text-editor.default\">\n\t\t\t\t<div class=\"elementor-widget-container\">\n\t\t\t\t\t\t\t\t\t<p align=\"justify\">Desde aqu\u00ed, queremos destacar en esta entrada tres de los proyectos puestos en marcha en esta edici\u00f3n.<\/p><p align=\"justify\">Primeramente, queremos dar la enhorabuena al proyecto <strong>Croquetas de Conocimiento<\/strong>, que capitaneado por Jos\u00e9 Mar\u00eda L\u00f3pez Caballero, ha sido nominado y ha resultado ser finalista para los <a href=\"https:\/\/novagob.org\/premios-edicion2023\" target=\"_blank\" rel=\"noopener\">premios Novagob<\/a>\u00a0 en la categor\u00eda <em><strong>Mejor idea a\u00fan no desarrollada<\/strong><\/em>. Dichos premios se entregar\u00e1n en el <strong>X Congreso de Innovaci\u00f3n P\u00fablica Novagob<\/strong> en noviembre de este a\u00f1o. Le deseamos toda la suerte del mundo y el premio ser\u00eda bien merecido por sus buenas dotes culinarias para la elaboraci\u00f3n de <i>croquetas<\/i>.<\/p><p align=\"justify\">El segundo proyecto al que queremos darle voz es al llevado a cabo por el grupo de <strong>Encuentros Intergeneracionales<\/strong> que este a\u00f1o se ha centrado en el cuerpo de <strong>Agentes de Inspecci\u00f3n de Prestaciones y Servicios Sanitarios<\/strong>.<\/p><p align=\"justify\">Ya han iniciado el contacto con los miembros de este cuerpo, pero si tu formas parte o conoces a alguien que trabaje en este sector, todav\u00eda est\u00e1s a tiempo para sumarte a esta iniciativa. Te animamos a que te pongas en contacto con nosotros a trav\u00e9s del correo electr\u00f3nico <strong>encuentrointergeneracional.iaap@juntadeandalucia.es <\/strong>para poder participar en dicho Encuentro en el que se busca transmitir informaci\u00f3n, habilidades y mejores pr\u00e1cticas del personal pr\u00f3ximo a jubilarse a los de nueva incorporaci\u00f3n.<\/p><p align=\"justify\">Puedes consultar todos los Encuentros Intergeneracionales que se han celebrado en las anteriores ediciones del programa Embajadores del Conocimiento<a href=\"https:\/\/ws168.juntadeandalucia.es\/iaap\/gestiondelconocimiento\/encuentros-intergeneracionales\/\" target=\"_blank\" rel=\"noopener\"> aqu\u00ed<\/a>.<\/p><p align=\"justify\">Y para finalizar, rese\u00f1amos la presentaci\u00f3n de nuestros compa\u00f1eros y compa\u00f1eras de la <strong>revista<\/strong> <strong>Enred@2.0<\/strong> los cuales nos anunciaron que est\u00e1n inmersos en la elaboraci\u00f3n del pr\u00f3ximo n\u00famero.<\/p><p align=\"justify\">Te recordamos que siempre est\u00e1n abiertos a nuevas colaboraciones y que seguro que tienes algo que aportar. Recuerda que las principales secciones son Ens\u00e9\u00f1anos tu trabajo, Innovando, Actualidad, Casos pr\u00e1cticos, Gastronom\u00eda, Rinc\u00f3n literario&#8230;<\/p><p align=\"justify\">\u00c9chale un vistazo al <a href=\"https:\/\/ws168.juntadeandalucia.es\/iaap\/revista\/\" target=\"_blank\" rel=\"noopener\">n\u00famero anterior<\/a> y an\u00edmate a enviarles tu texto a revista.iaap@juntadeandalucia.es.<\/p><p align=\"justify\">Del resto de los grupos hablaremos m\u00e1s detenidamente en las pr\u00f3ximas entradas en nuestro blog.<\/p><p align=\"justify\">Tras el almuerzo, Javier y Reyes nos animaron a debatir y buscar mejoras en el programa de cara a la pr\u00f3xima edici\u00f3n a trav\u00e9s de la din\u00e1mica <i><strong>Caf\u00e9s del mundo<\/strong>. <\/i>Estamos ante un programa en continuo cambio y mejora, abierto a todas las propuestas que se realicen para conseguir una gesti\u00f3n eficaz del conocimiento en la Junta de Andaluc\u00eda.<\/p>\t\t\t\t\t\t\t\t<\/div>\n\t\t\t\t<\/div>\n\t\t\t\t\t<\/div>\n\t\t<\/div>\n\t\t\t\t\t<\/div>\n\t\t<\/section>\n\t\t\t\t<section class=\"elementor-section elementor-top-section elementor-element elementor-element-721310b elementor-section-boxed elementor-section-height-default elementor-section-height-default\" data-id=\"721310b\" data-element_type=\"section\" data-e-type=\"section\">\n\t\t\t\t\t\t<div class=\"elementor-container elementor-column-gap-default\">\n\t\t\t\t\t<div class=\"elementor-column elementor-col-100 elementor-top-column elementor-element elementor-element-2add2b0\" data-id=\"2add2b0\" data-element_type=\"column\" data-e-type=\"column\">\n\t\t\t<div class=\"elementor-widget-wrap elementor-element-populated\">\n\t\t\t\t\t\t<div class=\"elementor-element elementor-element-8130802 elementor-widget elementor-widget-image\" data-id=\"8130802\" data-element_type=\"widget\" data-e-type=\"widget\" data-widget_type=\"image.default\">\n\t\t\t\t<div class=\"elementor-widget-container\">\n\t\t\t\t\t\t\t\t\t\t\t\t\t\t\t<img decoding=\"async\" data-attachment-id=\"5100\" data-permalink=\"https:\/\/ws168.juntadeandalucia.es\/iaap\/gestiondelconocimiento\/taller-metricas-en-gestion-del-conocimiento-malaga-25-de-mayo-de-2023\/diseno-sin-titulo-2-2\/\" data-orig-file=\"https:\/\/ws168.juntadeandalucia.es\/iaap\/gestiondelconocimiento\/wp-content\/uploads\/sites\/10\/2023\/06\/Diseno-sin-titulo-2.jpg\" data-orig-size=\"2245,1587\" data-comments-opened=\"0\" data-image-meta=\"{&quot;aperture&quot;:&quot;0&quot;,&quot;credit&quot;:&quot;&quot;,&quot;camera&quot;:&quot;&quot;,&quot;caption&quot;:&quot;&quot;,&quot;created_timestamp&quot;:&quot;0&quot;,&quot;copyright&quot;:&quot;&quot;,&quot;focal_length&quot;:&quot;0&quot;,&quot;iso&quot;:&quot;0&quot;,&quot;shutter_speed&quot;:&quot;0&quot;,&quot;title&quot;:&quot;&quot;,&quot;orientation&quot;:&quot;1&quot;}\" data-image-title=\"Dise\u00f1o sin t\u00edtulo (2)\" data-image-description=\"\" data-image-caption=\"\" data-large-file=\"https:\/\/ws168.juntadeandalucia.es\/iaap\/gestiondelconocimiento\/wp-content\/uploads\/sites\/10\/2023\/06\/Diseno-sin-titulo-2-1024x724.jpg\" width=\"1536\" height=\"1086\" src=\"https:\/\/ws168.juntadeandalucia.es\/iaap\/gestiondelconocimiento\/wp-content\/uploads\/sites\/10\/2023\/06\/Diseno-sin-titulo-2-1536x1086.jpg\" class=\"attachment-1536x1536 size-1536x1536 wp-image-5100\" alt=\"\" srcset=\"https:\/\/ws168.juntadeandalucia.es\/iaap\/gestiondelconocimiento\/wp-content\/uploads\/sites\/10\/2023\/06\/Diseno-sin-titulo-2-1536x1086.jpg 1536w, https:\/\/ws168.juntadeandalucia.es\/iaap\/gestiondelconocimiento\/wp-content\/uploads\/sites\/10\/2023\/06\/Diseno-sin-titulo-2-300x212.jpg 300w, https:\/\/ws168.juntadeandalucia.es\/iaap\/gestiondelconocimiento\/wp-content\/uploads\/sites\/10\/2023\/06\/Diseno-sin-titulo-2-1024x724.jpg 1024w, https:\/\/ws168.juntadeandalucia.es\/iaap\/gestiondelconocimiento\/wp-content\/uploads\/sites\/10\/2023\/06\/Diseno-sin-titulo-2-768x543.jpg 768w, https:\/\/ws168.juntadeandalucia.es\/iaap\/gestiondelconocimiento\/wp-content\/uploads\/sites\/10\/2023\/06\/Diseno-sin-titulo-2-2048x1448.jpg 2048w, https:\/\/ws168.juntadeandalucia.es\/iaap\/gestiondelconocimiento\/wp-content\/uploads\/sites\/10\/2023\/06\/Diseno-sin-titulo-2-1320x933.jpg 1320w\" sizes=\"(max-width: 1536px) 100vw, 1536px\" data-attachment-id=\"5100\" data-permalink=\"https:\/\/ws168.juntadeandalucia.es\/iaap\/gestiondelconocimiento\/taller-metricas-en-gestion-del-conocimiento-malaga-25-de-mayo-de-2023\/diseno-sin-titulo-2-2\/\" data-orig-file=\"https:\/\/ws168.juntadeandalucia.es\/iaap\/gestiondelconocimiento\/wp-content\/uploads\/sites\/10\/2023\/06\/Diseno-sin-titulo-2.jpg\" data-orig-size=\"2245,1587\" data-comments-opened=\"0\" data-image-meta=\"{&quot;aperture&quot;:&quot;0&quot;,&quot;credit&quot;:&quot;&quot;,&quot;camera&quot;:&quot;&quot;,&quot;caption&quot;:&quot;&quot;,&quot;created_timestamp&quot;:&quot;0&quot;,&quot;copyright&quot;:&quot;&quot;,&quot;focal_length&quot;:&quot;0&quot;,&quot;iso&quot;:&quot;0&quot;,&quot;shutter_speed&quot;:&quot;0&quot;,&quot;title&quot;:&quot;&quot;,&quot;orientation&quot;:&quot;1&quot;}\" data-image-title=\"Dise\u00f1o sin t\u00edtulo (2)\" data-image-description=\"\" data-image-caption=\"\" data-large-file=\"https:\/\/ws168.juntadeandalucia.es\/iaap\/gestiondelconocimiento\/wp-content\/uploads\/sites\/10\/2023\/06\/Diseno-sin-titulo-2-1024x724.jpg\" \/>\t\t\t\t\t\t\t\t\t\t\t\t\t\t\t<\/div>\n\t\t\t\t<\/div>\n\t\t\t\t\t<\/div>\n\t\t<\/div>\n\t\t\t\t\t<\/div>\n\t\t<\/section>\n\t\t\t\t<section class=\"elementor-section elementor-top-section elementor-element elementor-element-abebf7a elementor-section-boxed elementor-section-height-default elementor-section-height-default\" data-id=\"abebf7a\" data-element_type=\"section\" data-e-type=\"section\">\n\t\t\t\t\t\t<div class=\"elementor-container elementor-column-gap-default\">\n\t\t\t\t\t<div class=\"elementor-column elementor-col-100 elementor-top-column elementor-element elementor-element-010dd19\" data-id=\"010dd19\" data-element_type=\"column\" data-e-type=\"column\">\n\t\t\t<div class=\"elementor-widget-wrap elementor-element-populated\">\n\t\t\t\t\t\t<div class=\"elementor-element elementor-element-e75ee82 elementor-widget elementor-widget-text-editor\" data-id=\"e75ee82\" data-element_type=\"widget\" data-e-type=\"widget\" data-widget_type=\"text-editor.default\">\n\t\t\t\t<div class=\"elementor-widget-container\">\n\t\t\t\t\t\t\t\t\t<p align=\"justify\">Y respondiendo a la pregunta inicial, un taller de m\u00e9tricas sirve para evaluar tanto nuestro proyecto como nuestro estado de \u00e1nimo y, entre todos, retomar el camino.<\/p><p align=\"justify\">Nos vemos en la pr\u00f3xima!<\/p>\t\t\t\t\t\t\t\t<\/div>\n\t\t\t\t<\/div>\n\t\t\t\t\t<\/div>\n\t\t<\/div>\n\t\t\t\t\t<\/div>\n\t\t<\/section>\n\t\t\t\t<section class=\"elementor-section elementor-top-section elementor-element elementor-element-d996a38 elementor-section-boxed elementor-section-height-default elementor-section-height-default\" data-id=\"d996a38\" data-element_type=\"section\" data-e-type=\"section\">\n\t\t\t\t\t\t<div class=\"elementor-container elementor-column-gap-default\">\n\t\t\t\t\t<div class=\"elementor-column elementor-col-100 elementor-top-column elementor-element elementor-element-8013fd4\" data-id=\"8013fd4\" data-element_type=\"column\" data-e-type=\"column\">\n\t\t\t<div class=\"elementor-widget-wrap elementor-element-populated\">\n\t\t\t\t\t\t<div class=\"elementor-element elementor-element-ec57c0e elementor-widget elementor-widget-image\" data-id=\"ec57c0e\" data-element_type=\"widget\" data-e-type=\"widget\" data-widget_type=\"image.default\">\n\t\t\t\t<div class=\"elementor-widget-container\">\n\t\t\t\t\t\t\t\t\t\t\t\t\t\t\t<img loading=\"lazy\" decoding=\"async\" data-attachment-id=\"5103\" data-permalink=\"https:\/\/ws168.juntadeandalucia.es\/iaap\/gestiondelconocimiento\/taller-metricas-en-gestion-del-conocimiento-malaga-25-de-mayo-de-2023\/grupal\/\" data-orig-file=\"https:\/\/ws168.juntadeandalucia.es\/iaap\/gestiondelconocimiento\/wp-content\/uploads\/sites\/10\/2023\/06\/grupal.jpg\" data-orig-size=\"691,957\" data-comments-opened=\"0\" data-image-meta=\"{&quot;aperture&quot;:&quot;0&quot;,&quot;credit&quot;:&quot;&quot;,&quot;camera&quot;:&quot;&quot;,&quot;caption&quot;:&quot;&quot;,&quot;created_timestamp&quot;:&quot;0&quot;,&quot;copyright&quot;:&quot;&quot;,&quot;focal_length&quot;:&quot;0&quot;,&quot;iso&quot;:&quot;0&quot;,&quot;shutter_speed&quot;:&quot;0&quot;,&quot;title&quot;:&quot;&quot;,&quot;orientation&quot;:&quot;0&quot;}\" data-image-title=\"grupal\" data-image-description=\"\" data-image-caption=\"\" data-large-file=\"https:\/\/ws168.juntadeandalucia.es\/iaap\/gestiondelconocimiento\/wp-content\/uploads\/sites\/10\/2023\/06\/grupal.jpg\" width=\"691\" height=\"957\" src=\"https:\/\/ws168.juntadeandalucia.es\/iaap\/gestiondelconocimiento\/wp-content\/uploads\/sites\/10\/2023\/06\/grupal.jpg\" class=\"attachment-1536x1536 size-1536x1536 wp-image-5103\" alt=\"\" srcset=\"https:\/\/ws168.juntadeandalucia.es\/iaap\/gestiondelconocimiento\/wp-content\/uploads\/sites\/10\/2023\/06\/grupal.jpg 691w, https:\/\/ws168.juntadeandalucia.es\/iaap\/gestiondelconocimiento\/wp-content\/uploads\/sites\/10\/2023\/06\/grupal-217x300.jpg 217w\" sizes=\"(max-width: 691px) 100vw, 691px\" data-attachment-id=\"5103\" data-permalink=\"https:\/\/ws168.juntadeandalucia.es\/iaap\/gestiondelconocimiento\/taller-metricas-en-gestion-del-conocimiento-malaga-25-de-mayo-de-2023\/grupal\/\" data-orig-file=\"https:\/\/ws168.juntadeandalucia.es\/iaap\/gestiondelconocimiento\/wp-content\/uploads\/sites\/10\/2023\/06\/grupal.jpg\" data-orig-size=\"691,957\" data-comments-opened=\"0\" data-image-meta=\"{&quot;aperture&quot;:&quot;0&quot;,&quot;credit&quot;:&quot;&quot;,&quot;camera&quot;:&quot;&quot;,&quot;caption&quot;:&quot;&quot;,&quot;created_timestamp&quot;:&quot;0&quot;,&quot;copyright&quot;:&quot;&quot;,&quot;focal_length&quot;:&quot;0&quot;,&quot;iso&quot;:&quot;0&quot;,&quot;shutter_speed&quot;:&quot;0&quot;,&quot;title&quot;:&quot;&quot;,&quot;orientation&quot;:&quot;0&quot;}\" data-image-title=\"grupal\" data-image-description=\"\" data-image-caption=\"\" data-large-file=\"https:\/\/ws168.juntadeandalucia.es\/iaap\/gestiondelconocimiento\/wp-content\/uploads\/sites\/10\/2023\/06\/grupal.jpg\" \/>\t\t\t\t\t\t\t\t\t\t\t\t\t\t\t<\/div>\n\t\t\t\t<\/div>\n\t\t\t\t\t<\/div>\n\t\t<\/div>\n\t\t\t\t\t<\/div>\n\t\t<\/section>\n\t\t\t\t<\/div>\n\t\t","protected":false},"excerpt":{"rendered":"<p>\u00bf\u00bfPara qu\u00e9 sirve un taller de m\u00e9tricas?? Esta pregunta nos la hac\u00edamos los participantes novatos en esta sexta edici\u00f3n del programa Embajadores del Conocimiento, incluso las personas a las que les coment\u00e1bamos donde \u00edbamos el pasado 25 de mayo se quedaban extra\u00f1adas y nos preguntaban que a qu\u00e9 \u00edbamos all\u00ed. Toda buena planificaci\u00f3n de un [&hellip;]<\/p>\n","protected":false},"author":19,"featured_media":0,"comment_status":"open","ping_status":"open","sticky":false,"template":"","format":"standard","meta":{"jetpack_post_was_ever_published":false,"_jetpack_newsletter_access":"","_jetpack_dont_email_post_to_subs":false,"_jetpack_newsletter_tier_id":0,"_jetpack_memberships_contains_paywalled_content":false,"_jetpack_memberships_contains_paid_content":false,"footnotes":""},"categories":[52],"tags":[],"class_list":["post-5092","post","type-post","status-publish","format-standard","hentry","category-gestion-del-conocimiento"],"jetpack_featured_media_url":"","jetpack_sharing_enabled":true,"jetpack_shortlink":"https:\/\/wp.me\/p9W7Se-1k8","jetpack-related-posts":[{"id":7004,"url":"https:\/\/ws168.juntadeandalucia.es\/iaap\/gestiondelconocimiento\/seguimos-avanzando-taller-de-metricas-del-programa-embajadores-as-del-conocimiento-2025\/","url_meta":{"origin":5092,"position":0},"title":"Seguimos avanzando: Taller de M\u00e9tricas del Programa Embajadores\/as del Conocimiento 2025","author":"administrador","date":"12 junio, 2025","format":false,"excerpt":"Contin\u00faa el arduo trabajo para los equipos de los seis proyectos que este a\u00f1o conforman el Programa de Embajadores\/as del Conocimiento. El pasado lunes 26 de mayo se celebr\u00f3 en Torremolinos (M\u00e1laga) el llamado Taller de M\u00e9tricas de Gesti\u00f3n del Conocimiento, cuyo objetivo es, adem\u00e1s de conocer los avances de\u2026","rel":"","context":"En \u00abEmpleados p\u00fablicos\u00bb","block_context":{"text":"Empleados p\u00fablicos","link":"https:\/\/ws168.juntadeandalucia.es\/iaap\/gestiondelconocimiento\/category\/empleados-publicos\/"},"img":{"alt_text":"","src":"https:\/\/i0.wp.com\/ws168.juntadeandalucia.es\/iaap\/gestiondelconocimiento\/wp-content\/uploads\/sites\/10\/2025\/06\/Embajadores-del-Conocimiento-2025-Taller-Metricas.jpg?resize=350%2C200&ssl=1","width":350,"height":200,"srcset":"https:\/\/i0.wp.com\/ws168.juntadeandalucia.es\/iaap\/gestiondelconocimiento\/wp-content\/uploads\/sites\/10\/2025\/06\/Embajadores-del-Conocimiento-2025-Taller-Metricas.jpg?resize=350%2C200&ssl=1 1x, https:\/\/i0.wp.com\/ws168.juntadeandalucia.es\/iaap\/gestiondelconocimiento\/wp-content\/uploads\/sites\/10\/2025\/06\/Embajadores-del-Conocimiento-2025-Taller-Metricas.jpg?resize=525%2C300&ssl=1 1.5x, https:\/\/i0.wp.com\/ws168.juntadeandalucia.es\/iaap\/gestiondelconocimiento\/wp-content\/uploads\/sites\/10\/2025\/06\/Embajadores-del-Conocimiento-2025-Taller-Metricas.jpg?resize=700%2C400&ssl=1 2x, https:\/\/i0.wp.com\/ws168.juntadeandalucia.es\/iaap\/gestiondelconocimiento\/wp-content\/uploads\/sites\/10\/2025\/06\/Embajadores-del-Conocimiento-2025-Taller-Metricas.jpg?resize=1050%2C600&ssl=1 3x, https:\/\/i0.wp.com\/ws168.juntadeandalucia.es\/iaap\/gestiondelconocimiento\/wp-content\/uploads\/sites\/10\/2025\/06\/Embajadores-del-Conocimiento-2025-Taller-Metricas.jpg?resize=1400%2C800&ssl=1 4x"},"classes":[]},{"id":2606,"url":"https:\/\/ws168.juntadeandalucia.es\/iaap\/gestiondelconocimiento\/taller-de-seguimiento-virtual-de-proyectos-de-gestion-del-conocimiento\/","url_meta":{"origin":5092,"position":1},"title":"Taller de Seguimiento Virtual de Proyectos de Gesti\u00f3n del Conocimiento","author":"","date":"7 julio, 2020","format":false,"excerpt":"M\u00e9tricas en la Gesti\u00f3n del Conocimiento.El Taller de M\u00e9tricas en la Gesti\u00f3n del Conocimiento se concibe como el segundo momento presencial de seguimiento de proyectos. Se pretende tomar el pulso de cada uno de los grupos. El anterior encuentro general tuvo lugar el pasado mes de febrero en Sevilla: en\u2026","rel":"","context":"En \u00abComunicaci\u00f3n\u00bb","block_context":{"text":"Comunicaci\u00f3n","link":"https:\/\/ws168.juntadeandalucia.es\/iaap\/gestiondelconocimiento\/category\/comunicacion\/"},"img":{"alt_text":"","src":"https:\/\/i0.wp.com\/ws168.juntadeandalucia.es\/iaap\/gestiondelconocimiento\/wp-content\/uploads\/sites\/10\/2020\/04\/Captura-de-pantalla-2020-04-27-a-las-17.09.06.png?resize=350%2C200&ssl=1","width":350,"height":200,"srcset":"https:\/\/i0.wp.com\/ws168.juntadeandalucia.es\/iaap\/gestiondelconocimiento\/wp-content\/uploads\/sites\/10\/2020\/04\/Captura-de-pantalla-2020-04-27-a-las-17.09.06.png?resize=350%2C200&ssl=1 1x, https:\/\/i0.wp.com\/ws168.juntadeandalucia.es\/iaap\/gestiondelconocimiento\/wp-content\/uploads\/sites\/10\/2020\/04\/Captura-de-pantalla-2020-04-27-a-las-17.09.06.png?resize=525%2C300&ssl=1 1.5x, https:\/\/i0.wp.com\/ws168.juntadeandalucia.es\/iaap\/gestiondelconocimiento\/wp-content\/uploads\/sites\/10\/2020\/04\/Captura-de-pantalla-2020-04-27-a-las-17.09.06.png?resize=700%2C400&ssl=1 2x, https:\/\/i0.wp.com\/ws168.juntadeandalucia.es\/iaap\/gestiondelconocimiento\/wp-content\/uploads\/sites\/10\/2020\/04\/Captura-de-pantalla-2020-04-27-a-las-17.09.06.png?resize=1050%2C600&ssl=1 3x, https:\/\/i0.wp.com\/ws168.juntadeandalucia.es\/iaap\/gestiondelconocimiento\/wp-content\/uploads\/sites\/10\/2020\/04\/Captura-de-pantalla-2020-04-27-a-las-17.09.06.png?resize=1400%2C800&ssl=1 4x"},"classes":[]},{"id":1711,"url":"https:\/\/ws168.juntadeandalucia.es\/iaap\/gestiondelconocimiento\/difundir-el-conocimiento-y-comunicar-el-esfuerzo-colectivo\/","url_meta":{"origin":5092,"position":2},"title":"Difundir el conocimiento y comunicar el esfuerzo colectivo","author":"","date":"5 abril, 2020","format":false,"excerpt":"Lo mejor de la Administraci\u00f3n son sus trabajador@s La importancia de comunicar. Difundir y visibilizar la Gesti\u00f3n del Conocimiento es la tarea prioritaria en este grupo. Dar visibilidad a la Gesti\u00f3n del Conocimiento: Comunicar. Porque hacer visible algo es dar vida a lo que existe, y no existe lo que\u2026","rel":"","context":"En \u00abActualidad\u00bb","block_context":{"text":"Actualidad","link":"https:\/\/ws168.juntadeandalucia.es\/iaap\/gestiondelconocimiento\/category\/actualidad\/"},"img":{"alt_text":"Comunicaci\u00f3n y difusi\u00f3n del conocimiento","src":"https:\/\/i0.wp.com\/ws168.juntadeandalucia.es\/iaap\/gestiondelconocimiento\/wp-content\/uploads\/sites\/10\/2020\/02\/LOGOS-GC10.png?resize=350%2C200&ssl=1","width":350,"height":200},"classes":[]},{"id":2647,"url":"https:\/\/ws168.juntadeandalucia.es\/iaap\/gestiondelconocimiento\/taller-de-seguimiento-de-proyectos-sevilla-2020\/","url_meta":{"origin":5092,"position":3},"title":"Taller de Seguimiento de Proyectos. Sevilla 2020","author":"","date":"3 junio, 2020","format":false,"excerpt":"Siguiendo con el desarrollo del Programa de Embajadoras\/es del Conocimiento de la Junta de Andaluc\u00eda, en su edici\u00f3n 2019-2020, el pasado 18 de febrero se realiz\u00f3 el Taller de Seguimiento de Proyectos de Gesti\u00f3n del Conocimiento. Hab\u00eda llegado por fin el reencuentro entre participantes. La mayor\u00eda no se ve\u00eda desde\u2026","rel":"","context":"En \u00abComunicaci\u00f3n\u00bb","block_context":{"text":"Comunicaci\u00f3n","link":"https:\/\/ws168.juntadeandalucia.es\/iaap\/gestiondelconocimiento\/category\/comunicacion\/"},"img":{"alt_text":"","src":"https:\/\/i0.wp.com\/ws168.juntadeandalucia.es\/iaap\/gestiondelconocimiento\/wp-content\/uploads\/sites\/10\/2020\/05\/20200218_Taller_Seguimiento_Proyectos_KM.png?resize=350%2C200&ssl=1","width":350,"height":200,"srcset":"https:\/\/i0.wp.com\/ws168.juntadeandalucia.es\/iaap\/gestiondelconocimiento\/wp-content\/uploads\/sites\/10\/2020\/05\/20200218_Taller_Seguimiento_Proyectos_KM.png?resize=350%2C200&ssl=1 1x, https:\/\/i0.wp.com\/ws168.juntadeandalucia.es\/iaap\/gestiondelconocimiento\/wp-content\/uploads\/sites\/10\/2020\/05\/20200218_Taller_Seguimiento_Proyectos_KM.png?resize=525%2C300&ssl=1 1.5x, https:\/\/i0.wp.com\/ws168.juntadeandalucia.es\/iaap\/gestiondelconocimiento\/wp-content\/uploads\/sites\/10\/2020\/05\/20200218_Taller_Seguimiento_Proyectos_KM.png?resize=700%2C400&ssl=1 2x"},"classes":[]},{"id":6838,"url":"https:\/\/ws168.juntadeandalucia.es\/iaap\/gestiondelconocimiento\/taller-seguimiento-de-proyectos-de-gestion-del-conocimiento-programa-de-embajadores-y-embajadoras-del-conocimiento-2025-3\/","url_meta":{"origin":5092,"position":4},"title":"Taller Seguimiento De Proyectos De Gesti\u00f3n Del Conocimiento. Programa De Embajadores Y Embajadoras Del Conocimiento 2025.","author":"administrador","date":"26 marzo, 2025","format":false,"excerpt":"Como en cada edici\u00f3n del Programa Embajadores\/as del Conocimiento, tras el taller de Lanzamiento de proyectos de gesti\u00f3n del conocimiento celebrado en Cazorla, el pasado martes 11 de marzo se llev\u00f3 a cabo el segundo encuentro del programa para realizar un seguimiento de los objetivos de cada proyecto establecidos en\u2026","rel":"","context":"En \u00abEmpleados p\u00fablicos\u00bb","block_context":{"text":"Empleados p\u00fablicos","link":"https:\/\/ws168.juntadeandalucia.es\/iaap\/gestiondelconocimiento\/category\/empleados-publicos\/"},"img":{"alt_text":"","src":"https:\/\/i0.wp.com\/ws168.juntadeandalucia.es\/iaap\/gestiondelconocimiento\/wp-content\/uploads\/sites\/10\/2025\/03\/20250311_095557-1536x826.jpg?resize=350%2C200&ssl=1","width":350,"height":200,"srcset":"https:\/\/i0.wp.com\/ws168.juntadeandalucia.es\/iaap\/gestiondelconocimiento\/wp-content\/uploads\/sites\/10\/2025\/03\/20250311_095557-1536x826.jpg?resize=350%2C200&ssl=1 1x, https:\/\/i0.wp.com\/ws168.juntadeandalucia.es\/iaap\/gestiondelconocimiento\/wp-content\/uploads\/sites\/10\/2025\/03\/20250311_095557-1536x826.jpg?resize=525%2C300&ssl=1 1.5x"},"classes":[]},{"id":4040,"url":"https:\/\/ws168.juntadeandalucia.es\/iaap\/gestiondelconocimiento\/iv-jornada-de-gestion-del-conocimiento\/","url_meta":{"origin":5092,"position":5},"title":"IV JORNADA DE GESTI\u00d3N DEL CONOCIMIENTO","author":"administrador","date":"8 diciembre, 2021","format":false,"excerpt":"\u00a0 MEN\u00da DEGUSTACI\u00d3N TEM\u00c1TICO.\u00a0 Carta recomendada: Gesti\u00f3n del Conocimiento El 26 de octubre pasado pudimos realizar la IV Jornada de Gesti\u00f3n del Conocimiento de la Junta de Andaluc\u00eda con car\u00e1cter presencial: raz\u00f3n especial para celebrar el final de esta IV edici\u00f3n del Programa Embajadores y Embajadoras del Conocimiento, y compartir\u2026","rel":"","context":"En \u00abGesti\u00f3n del conocimiento\u00bb","block_context":{"text":"Gesti\u00f3n del conocimiento","link":"https:\/\/ws168.juntadeandalucia.es\/iaap\/gestiondelconocimiento\/category\/gestion-del-conocimiento\/"},"img":{"alt_text":"","src":"https:\/\/i0.wp.com\/ws168.juntadeandalucia.es\/iaap\/gestiondelconocimiento\/wp-content\/uploads\/sites\/10\/2021\/11\/CABECERAS-BLOG-DE-EMBAJADORASES-5.jpg?resize=350%2C200&ssl=1","width":350,"height":200,"srcset":"https:\/\/i0.wp.com\/ws168.juntadeandalucia.es\/iaap\/gestiondelconocimiento\/wp-content\/uploads\/sites\/10\/2021\/11\/CABECERAS-BLOG-DE-EMBAJADORASES-5.jpg?resize=350%2C200&ssl=1 1x, https:\/\/i0.wp.com\/ws168.juntadeandalucia.es\/iaap\/gestiondelconocimiento\/wp-content\/uploads\/sites\/10\/2021\/11\/CABECERAS-BLOG-DE-EMBAJADORASES-5.jpg?resize=525%2C300&ssl=1 1.5x, https:\/\/i0.wp.com\/ws168.juntadeandalucia.es\/iaap\/gestiondelconocimiento\/wp-content\/uploads\/sites\/10\/2021\/11\/CABECERAS-BLOG-DE-EMBAJADORASES-5.jpg?resize=700%2C400&ssl=1 2x, https:\/\/i0.wp.com\/ws168.juntadeandalucia.es\/iaap\/gestiondelconocimiento\/wp-content\/uploads\/sites\/10\/2021\/11\/CABECERAS-BLOG-DE-EMBAJADORASES-5.jpg?resize=1050%2C600&ssl=1 3x, https:\/\/i0.wp.com\/ws168.juntadeandalucia.es\/iaap\/gestiondelconocimiento\/wp-content\/uploads\/sites\/10\/2021\/11\/CABECERAS-BLOG-DE-EMBAJADORASES-5.jpg?resize=1400%2C800&ssl=1 4x"},"classes":[]}],"jetpack_likes_enabled":true,"_links":{"self":[{"href":"https:\/\/ws168.juntadeandalucia.es\/iaap\/gestiondelconocimiento\/wp-json\/wp\/v2\/posts\/5092","targetHints":{"allow":["GET"]}}],"collection":[{"href":"https:\/\/ws168.juntadeandalucia.es\/iaap\/gestiondelconocimiento\/wp-json\/wp\/v2\/posts"}],"about":[{"href":"https:\/\/ws168.juntadeandalucia.es\/iaap\/gestiondelconocimiento\/wp-json\/wp\/v2\/types\/post"}],"author":[{"embeddable":true,"href":"https:\/\/ws168.juntadeandalucia.es\/iaap\/gestiondelconocimiento\/wp-json\/wp\/v2\/users\/19"}],"replies":[{"embeddable":true,"href":"https:\/\/ws168.juntadeandalucia.es\/iaap\/gestiondelconocimiento\/wp-json\/wp\/v2\/comments?post=5092"}],"version-history":[{"count":73,"href":"https:\/\/ws168.juntadeandalucia.es\/iaap\/gestiondelconocimiento\/wp-json\/wp\/v2\/posts\/5092\/revisions"}],"predecessor-version":[{"id":5172,"href":"https:\/\/ws168.juntadeandalucia.es\/iaap\/gestiondelconocimiento\/wp-json\/wp\/v2\/posts\/5092\/revisions\/5172"}],"wp:attachment":[{"href":"https:\/\/ws168.juntadeandalucia.es\/iaap\/gestiondelconocimiento\/wp-json\/wp\/v2\/media?parent=5092"}],"wp:term":[{"taxonomy":"category","embeddable":true,"href":"https:\/\/ws168.juntadeandalucia.es\/iaap\/gestiondelconocimiento\/wp-json\/wp\/v2\/categories?post=5092"},{"taxonomy":"post_tag","embeddable":true,"href":"https:\/\/ws168.juntadeandalucia.es\/iaap\/gestiondelconocimiento\/wp-json\/wp\/v2\/tags?post=5092"}],"curies":[{"name":"wp","href":"https:\/\/api.w.org\/{rel}","templated":true}]}}