{"id":5415,"date":"2023-11-28T10:27:42","date_gmt":"2023-11-28T09:27:42","guid":{"rendered":"https:\/\/ws168.juntadeandalucia.es\/iaap\/gestiondelconocimiento\/?p=5415"},"modified":"2023-11-28T12:33:33","modified_gmt":"2023-11-28T11:33:33","slug":"nuevos-aires-en-la-revista-enred2-0","status":"publish","type":"post","link":"https:\/\/ws168.juntadeandalucia.es\/iaap\/gestiondelconocimiento\/nuevos-aires-en-la-revista-enred2-0\/","title":{"rendered":"Nuevos aires en la Revista Enred@2.0"},"content":{"rendered":"\t\t<div data-elementor-type=\"wp-post\" data-elementor-id=\"5415\" class=\"elementor elementor-5415\">\n\t\t\t\t\t\t<section class=\"elementor-section elementor-top-section elementor-element elementor-element-e773d13 elementor-section-boxed elementor-section-height-default elementor-section-height-default\" data-id=\"e773d13\" data-element_type=\"section\" data-e-type=\"section\">\n\t\t\t\t\t\t<div class=\"elementor-container elementor-column-gap-default\">\n\t\t\t\t\t<div class=\"elementor-column elementor-col-100 elementor-top-column elementor-element elementor-element-bae6f58\" data-id=\"bae6f58\" data-element_type=\"column\" data-e-type=\"column\">\n\t\t\t<div class=\"elementor-widget-wrap elementor-element-populated\">\n\t\t\t\t\t\t<div class=\"elementor-element elementor-element-e8e8232 elementor-widget elementor-widget-text-editor\" data-id=\"e8e8232\" data-element_type=\"widget\" data-e-type=\"widget\" data-widget_type=\"text-editor.default\">\n\t\t\t\t<div class=\"elementor-widget-container\">\n\t\t\t\t\t\t\t\t\t<p style=\"text-align: justify\">Uno de los proyectos m\u00e1s emblem\u00e1ticos del <strong>programa Embajadores\/as del Conocimiento<\/strong> es la <strong>Revista EnRed@2.0<\/strong>.<\/p><p style=\"text-align: justify\">Presente desde la primera edici\u00f3n, all\u00e1 por el 2017, est\u00e1 en constante evaluaci\u00f3n y evoluci\u00f3n, con el objetivo de llegar a ser la mejor herramienta de difusi\u00f3n del conocimiento del personal de la Junta de Andaluc\u00eda.<\/p><p style=\"text-align: justify\">M\u00e1s de veinte personas han pasado por su Consejo Editorial hasta ahora, repitiendo en varias ediciones la mayor\u00eda de ellas. En esta sexta edici\u00f3n, est\u00e1 formado por seis participantes, siendo dos de ellos nuevas incorporaciones al programa.<\/p>\t\t\t\t\t\t\t\t<\/div>\n\t\t\t\t<\/div>\n\t\t\t\t\t<\/div>\n\t\t<\/div>\n\t\t\t\t\t<\/div>\n\t\t<\/section>\n\t\t\t\t<section class=\"elementor-section elementor-top-section elementor-element elementor-element-35060e0 elementor-section-boxed elementor-section-height-default elementor-section-height-default\" data-id=\"35060e0\" data-element_type=\"section\" data-e-type=\"section\">\n\t\t\t\t\t\t<div class=\"elementor-container elementor-column-gap-default\">\n\t\t\t\t\t<div class=\"elementor-column elementor-col-100 elementor-top-column elementor-element elementor-element-afd2ba8\" data-id=\"afd2ba8\" data-element_type=\"column\" data-e-type=\"column\">\n\t\t\t<div class=\"elementor-widget-wrap elementor-element-populated\">\n\t\t\t\t\t\t<div class=\"elementor-element elementor-element-09fffe7 elementor-widget elementor-widget-image\" data-id=\"09fffe7\" data-element_type=\"widget\" data-e-type=\"widget\" data-widget_type=\"image.default\">\n\t\t\t\t<div class=\"elementor-widget-container\">\n\t\t\t\t\t\t\t\t\t\t\t\t\t\t\t<img fetchpriority=\"high\" decoding=\"async\" data-attachment-id=\"5416\" data-permalink=\"https:\/\/ws168.juntadeandalucia.es\/iaap\/gestiondelconocimiento\/nuevos-aires-en-la-revista-enred2-0\/05_grupo-revista-1\/\" data-orig-file=\"https:\/\/ws168.juntadeandalucia.es\/iaap\/gestiondelconocimiento\/wp-content\/uploads\/sites\/10\/2023\/11\/05_Grupo-Revista-1.jpg\" data-orig-size=\"2245,1587\" data-comments-opened=\"0\" data-image-meta=\"{&quot;aperture&quot;:&quot;0&quot;,&quot;credit&quot;:&quot;&quot;,&quot;camera&quot;:&quot;&quot;,&quot;caption&quot;:&quot;&quot;,&quot;created_timestamp&quot;:&quot;0&quot;,&quot;copyright&quot;:&quot;&quot;,&quot;focal_length&quot;:&quot;0&quot;,&quot;iso&quot;:&quot;0&quot;,&quot;shutter_speed&quot;:&quot;0&quot;,&quot;title&quot;:&quot;&quot;,&quot;orientation&quot;:&quot;1&quot;}\" data-image-title=\"Grupo Revista\" data-image-description=\"\" data-image-caption=\"\" data-large-file=\"https:\/\/ws168.juntadeandalucia.es\/iaap\/gestiondelconocimiento\/wp-content\/uploads\/sites\/10\/2023\/11\/05_Grupo-Revista-1-1024x724.jpg\" width=\"1536\" height=\"1086\" src=\"https:\/\/ws168.juntadeandalucia.es\/iaap\/gestiondelconocimiento\/wp-content\/uploads\/sites\/10\/2023\/11\/05_Grupo-Revista-1-1536x1086.jpg\" class=\"attachment-1536x1536 size-1536x1536 wp-image-5416\" alt=\"Revista Enredados\" srcset=\"https:\/\/ws168.juntadeandalucia.es\/iaap\/gestiondelconocimiento\/wp-content\/uploads\/sites\/10\/2023\/11\/05_Grupo-Revista-1-1536x1086.jpg 1536w, https:\/\/ws168.juntadeandalucia.es\/iaap\/gestiondelconocimiento\/wp-content\/uploads\/sites\/10\/2023\/11\/05_Grupo-Revista-1-300x212.jpg 300w, https:\/\/ws168.juntadeandalucia.es\/iaap\/gestiondelconocimiento\/wp-content\/uploads\/sites\/10\/2023\/11\/05_Grupo-Revista-1-1024x724.jpg 1024w, https:\/\/ws168.juntadeandalucia.es\/iaap\/gestiondelconocimiento\/wp-content\/uploads\/sites\/10\/2023\/11\/05_Grupo-Revista-1-768x543.jpg 768w, https:\/\/ws168.juntadeandalucia.es\/iaap\/gestiondelconocimiento\/wp-content\/uploads\/sites\/10\/2023\/11\/05_Grupo-Revista-1-2048x1448.jpg 2048w\" sizes=\"(max-width: 1536px) 100vw, 1536px\" data-attachment-id=\"5416\" data-permalink=\"https:\/\/ws168.juntadeandalucia.es\/iaap\/gestiondelconocimiento\/nuevos-aires-en-la-revista-enred2-0\/05_grupo-revista-1\/\" data-orig-file=\"https:\/\/ws168.juntadeandalucia.es\/iaap\/gestiondelconocimiento\/wp-content\/uploads\/sites\/10\/2023\/11\/05_Grupo-Revista-1.jpg\" data-orig-size=\"2245,1587\" data-comments-opened=\"0\" data-image-meta=\"{&quot;aperture&quot;:&quot;0&quot;,&quot;credit&quot;:&quot;&quot;,&quot;camera&quot;:&quot;&quot;,&quot;caption&quot;:&quot;&quot;,&quot;created_timestamp&quot;:&quot;0&quot;,&quot;copyright&quot;:&quot;&quot;,&quot;focal_length&quot;:&quot;0&quot;,&quot;iso&quot;:&quot;0&quot;,&quot;shutter_speed&quot;:&quot;0&quot;,&quot;title&quot;:&quot;&quot;,&quot;orientation&quot;:&quot;1&quot;}\" data-image-title=\"Grupo Revista\" data-image-description=\"\" data-image-caption=\"\" data-large-file=\"https:\/\/ws168.juntadeandalucia.es\/iaap\/gestiondelconocimiento\/wp-content\/uploads\/sites\/10\/2023\/11\/05_Grupo-Revista-1-1024x724.jpg\" \/>\t\t\t\t\t\t\t\t\t\t\t\t\t\t\t<\/div>\n\t\t\t\t<\/div>\n\t\t\t\t\t<\/div>\n\t\t<\/div>\n\t\t\t\t\t<\/div>\n\t\t<\/section>\n\t\t\t\t<section class=\"elementor-section elementor-top-section elementor-element elementor-element-ea41458 elementor-section-boxed elementor-section-height-default elementor-section-height-default\" data-id=\"ea41458\" data-element_type=\"section\" data-e-type=\"section\">\n\t\t\t\t\t\t<div class=\"elementor-container elementor-column-gap-default\">\n\t\t\t\t\t<div class=\"elementor-column elementor-col-100 elementor-top-column elementor-element elementor-element-053b218\" data-id=\"053b218\" data-element_type=\"column\" data-e-type=\"column\">\n\t\t\t<div class=\"elementor-widget-wrap elementor-element-populated\">\n\t\t\t\t\t\t<div class=\"elementor-element elementor-element-a0ed980 elementor-widget elementor-widget-text-editor\" data-id=\"a0ed980\" data-element_type=\"widget\" data-e-type=\"widget\" data-widget_type=\"text-editor.default\">\n\t\t\t\t<div class=\"elementor-widget-container\">\n\t\t\t\t\t\t\t\t\t<p style=\"text-align: justify\">Este <strong>Consejo Editorial<\/strong> tiene como prop\u00f3sito conventir la revista en un punto de encuentro para todo el personal de la Junta de Andaluc\u00eda; un referente para el conocimento de las diversas disciplinas que se llevan a cabo en nuestra administraci\u00f3n, a la vez que dar la oportunidad a las inquietudes de su personal as\u00ed como mostrar su lado m\u00e1s humano.<\/p><p style=\"text-align: justify\">Desde el comienzo de <strong>#Embajadores23<\/strong>, se marcaron como objetivo principal renovar la imagen de la revista con un dise\u00f1o m\u00e1s moderno y profesional, algo que se llev\u00f3 a cabo con el n\u00famero 15. Tambi\u00e9n se opt\u00f3 por aumentar los art\u00edculos con producciones audiovisuales, con el prop\u00f3sito de dotar a la misma de m\u00e1s dinamismo.<\/p>\t\t\t\t\t\t\t\t<\/div>\n\t\t\t\t<\/div>\n\t\t\t\t\t<\/div>\n\t\t<\/div>\n\t\t\t\t\t<\/div>\n\t\t<\/section>\n\t\t\t\t<section class=\"elementor-section elementor-top-section elementor-element elementor-element-c8772fe elementor-section-boxed elementor-section-height-default elementor-section-height-default\" data-id=\"c8772fe\" data-element_type=\"section\" data-e-type=\"section\">\n\t\t\t\t\t\t<div class=\"elementor-container elementor-column-gap-default\">\n\t\t\t\t\t<div class=\"elementor-column elementor-col-100 elementor-top-column elementor-element elementor-element-0647c6a\" data-id=\"0647c6a\" data-element_type=\"column\" data-e-type=\"column\">\n\t\t\t<div class=\"elementor-widget-wrap elementor-element-populated\">\n\t\t\t\t\t\t<div class=\"elementor-element elementor-element-a022e38 elementor-widget elementor-widget-text-editor\" data-id=\"a022e38\" data-element_type=\"widget\" data-e-type=\"widget\" data-widget_type=\"text-editor.default\">\n\t\t\t\t<div class=\"elementor-widget-container\">\n\t\t\t\t\t\t\t\t\t<p>A lo largo de esta edici\u00f3n, se han publicado finalmente <strong>tres n\u00fameros<\/strong>:<\/p><p style=\"text-align: justify\">&#8211; <a href=\"https:\/\/ws168.juntadeandalucia.es\/iaap\/revista\/numeros\/no-14-noviembre-2022-marzo-2023\/\" target=\"_blank\" rel=\"noopener\">n\u00famero 14 (noviembre 2022 &#8211; marzo 2023)<\/a>\u00a0<br \/>&#8211; <a href=\"https:\/\/ws168.juntadeandalucia.es\/iaap\/revista\/numeros\/no-15-abril-2023-junio-2023\/\" target=\"_blank\" rel=\"noopener\">n\u00famero 15 (abril 2023 &#8211; junio 2023)<\/a>\u00a0<br \/>&#8211; <a href=\"https:\/\/ws168.juntadeandalucia.es\/iaap\/revista\/numeros\/no-16-julio-2023-noviembre-2023\/\" target=\"_blank\" rel=\"noopener\">n\u00famero 16 (julio 2023 &#8211; noviembre 2023)<\/a>\u00a0<\/p>\t\t\t\t\t\t\t\t<\/div>\n\t\t\t\t<\/div>\n\t\t\t\t\t<\/div>\n\t\t<\/div>\n\t\t\t\t\t<\/div>\n\t\t<\/section>\n\t\t\t\t<section class=\"elementor-section elementor-top-section elementor-element elementor-element-d131490 elementor-section-boxed elementor-section-height-default elementor-section-height-default\" data-id=\"d131490\" data-element_type=\"section\" data-e-type=\"section\">\n\t\t\t\t\t\t<div class=\"elementor-container elementor-column-gap-default\">\n\t\t\t\t\t<div class=\"elementor-column elementor-col-100 elementor-top-column elementor-element elementor-element-5f60470\" data-id=\"5f60470\" data-element_type=\"column\" data-e-type=\"column\">\n\t\t\t<div class=\"elementor-widget-wrap elementor-element-populated\">\n\t\t\t\t\t\t<div class=\"elementor-element elementor-element-9767eea elementor-widget elementor-widget-text-editor\" data-id=\"9767eea\" data-element_type=\"widget\" data-e-type=\"widget\" data-widget_type=\"text-editor.default\">\n\t\t\t\t<div class=\"elementor-widget-container\">\n\t\t\t\t\t\t\t\t\t<p style=\"text-align: justify\">En ellos hemos podido conocer el trabajo realizado en el Servicio de lectura p\u00fablica de Andaluc\u00eda, el servicio de apoyo a la investigaci\u00f3n que facilita la Biblioteca del Instituto Andaluz de Patrimonio Hist\u00f3rico, o adentrarnos en la rehabilitaci\u00f3n del Museo Arqueol\u00f3gico de Sevilla de la mano de su directora, do\u00f1a Mar\u00eda Soledad Gil de los Reyes.<\/p><p style=\"text-align: justify\">Se ha mostrado adem\u00e1s la labor que llevan a cabo el Departamento de Formaci\u00f3n del Instituto Andaluz del Deporte, el del Servicio Andaluz de Salud, la Agencia Digital de Andaluc\u00eda, las Aulas Temporales de adaptaci\u00f3n ling\u00fc\u00edstica o los Centros de Recuperaci\u00f3n de Especies Amenazadas, entre otros organismos de la Junta de Andaluc\u00eda.<\/p><p style=\"text-align: justify\">Se le ha dado voz a programas del Instituto Andaluz de Administraci\u00f3n P\u00fablica como InnovAnda y el nuestro propio de Gesti\u00f3n del Conocimiento, destacando los art\u00edculos sobre el Salario Emocional, la formaci\u00f3n Arte de la innovaci\u00f3n colaborativa y las Lecciones aprendidas a lo largo de los \u00faltimos cinco a\u00f1os de Gesti\u00f3n de Conocimiento en la Junta de Andaluc\u00eda.<\/p><p style=\"text-align: justify\">La revista es un gran medio de locomoci\u00f3n a trav\u00e9s del cual hemos podido viajar al Parque Natural Sierra de Hu\u00e9tor, al Parque Natural Sierra de Baza, ambos en Granada, y al Parque Nacional Sierra de las Nieves de M\u00e1laga.<br \/>Adem\u00e1s, hemos visitado la hist\u00f3rica sede de la Delegaci\u00f3n de Gobierno de C\u00f3rdoba, el Cortijo Jurado en Campanillas (M\u00e1laga), V\u00e9lez-M\u00e1laga, siguiendo las huellas de Cervantes, y el monumento a Juan Breva, conociendo as\u00ed la historia de este \u201ccantaor\u201d flamenco malague\u00f1o.<\/p><p style=\"text-align: justify\">Y para dejarnos siempre con buen sabor de boca hemos podido deleitar a la par buenas letras y mejores platos t\u00edpicos de la gastronom\u00eda andaluza.<\/p><p style=\"text-align: justify\">Desde aqu\u00ed queremos agradecer a todas las personas que han colaborado desinteresadamente en la redacci\u00f3n de la <strong>revista Enreda2.0<\/strong> y animar a todo aquel que siente que tiene algo que contar, a que nos escriba al correo electr\u00f3nico <a href=\"mailto:revista.iaap@juntadeandalucia.es\" target=\"_blank\" rel=\"noopener\">revista.iaap@juntadeandalucia.es<\/a>.<\/p><p style=\"text-align: justify\">\u00a1Nos vemos en el pr\u00f3ximo n\u00famero!<\/p>\t\t\t\t\t\t\t\t<\/div>\n\t\t\t\t<\/div>\n\t\t\t\t\t<\/div>\n\t\t<\/div>\n\t\t\t\t\t<\/div>\n\t\t<\/section>\n\t\t\t\t<\/div>\n\t\t","protected":false},"excerpt":{"rendered":"<p>Uno de los proyectos m\u00e1s emblem\u00e1ticos del programa Embajadores\/as del Conocimiento es la Revista EnRed@2.0. Presente desde la primera edici\u00f3n, all\u00e1 por el 2017, est\u00e1 en constante evaluaci\u00f3n y evoluci\u00f3n, con el objetivo de llegar a ser la mejor herramienta de difusi\u00f3n del conocimiento del personal de la Junta de Andaluc\u00eda. M\u00e1s de veinte personas [&hellip;]<\/p>\n","protected":false},"author":19,"featured_media":0,"comment_status":"open","ping_status":"open","sticky":false,"template":"","format":"standard","meta":{"jetpack_post_was_ever_published":false,"_jetpack_newsletter_access":"","_jetpack_dont_email_post_to_subs":false,"_jetpack_newsletter_tier_id":0,"_jetpack_memberships_contains_paywalled_content":false,"_jetpack_memberships_contains_paid_content":false,"footnotes":""},"categories":[64,52],"tags":[],"class_list":["post-5415","post","type-post","status-publish","format-standard","hentry","category-comunicacion","category-gestion-del-conocimiento"],"jetpack_featured_media_url":"","jetpack_sharing_enabled":true,"jetpack_shortlink":"https:\/\/wp.me\/p9W7Se-1pl","jetpack-related-posts":[{"id":6048,"url":"https:\/\/ws168.juntadeandalucia.es\/iaap\/gestiondelconocimiento\/primer-concurso-de-fotografia-de-la-revista-enred2-0\/","url_meta":{"origin":5415,"position":0},"title":"Primer Concurso de Fotograf\u00eda de la Revista EnRed@2.0","author":"administrador","date":"20 mayo, 2024","format":false,"excerpt":"Seguramente has pensado en alguna ocasi\u00f3n \u201csi la gente viese lo que tenemos aqu\u00ed liado, \u00a1entender\u00edan y valorar\u00edan nuestro trabajo!\u201d.\u00a0Pues la Revista EnRed@2.0 \u00a0nos da esa oportunidad con su Primer concurso de Fotograf\u00eda sobre la Administraci\u00f3n P\u00fablica de la Junta de Andaluc\u00eda.En el reci\u00e9n publicado n\u00famero 17 podemos consultar las\u2026","rel":"","context":"En \u00abActualidad\u00bb","block_context":{"text":"Actualidad","link":"https:\/\/ws168.juntadeandalucia.es\/iaap\/gestiondelconocimiento\/category\/actualidad\/"},"img":{"alt_text":"","src":"https:\/\/i0.wp.com\/ws168.juntadeandalucia.es\/iaap\/gestiondelconocimiento\/wp-content\/uploads\/sites\/10\/2024\/05\/Ficha-equipo-Revista-2024-1536x1086.jpg?resize=350%2C200&ssl=1","width":350,"height":200,"srcset":"https:\/\/i0.wp.com\/ws168.juntadeandalucia.es\/iaap\/gestiondelconocimiento\/wp-content\/uploads\/sites\/10\/2024\/05\/Ficha-equipo-Revista-2024-1536x1086.jpg?resize=350%2C200&ssl=1 1x, https:\/\/i0.wp.com\/ws168.juntadeandalucia.es\/iaap\/gestiondelconocimiento\/wp-content\/uploads\/sites\/10\/2024\/05\/Ficha-equipo-Revista-2024-1536x1086.jpg?resize=525%2C300&ssl=1 1.5x"},"classes":[]},{"id":6863,"url":"https:\/\/ws168.juntadeandalucia.es\/iaap\/gestiondelconocimiento\/la-revista-enred2-0-cumple-su-vigesima-edicion\/","url_meta":{"origin":5415,"position":1},"title":"La revista Enred@2.0 cumple su vig\u00e9sima edici\u00f3n","author":"administrador","date":"10 abril, 2025","format":false,"excerpt":"Se acab\u00f3 la espera. Ya se ha publicado la nueva entrega de Enred@2.0., con un n\u00famero sin duda especial: la revista \u2014que desde 2017 se ha convertido en un punto de encuentro para todo el personal de la Junta de Andaluc\u00eda, con art\u00edculos hechos por y para el personal de\u2026","rel":"","context":"En \u00abComunicaci\u00f3n\u00bb","block_context":{"text":"Comunicaci\u00f3n","link":"https:\/\/ws168.juntadeandalucia.es\/iaap\/gestiondelconocimiento\/category\/comunicacion\/"},"img":{"alt_text":"","src":"https:\/\/i0.wp.com\/ws168.juntadeandalucia.es\/iaap\/gestiondelconocimiento\/wp-content\/uploads\/sites\/10\/2025\/04\/Foto-revista.png?resize=350%2C200&ssl=1","width":350,"height":200,"srcset":"https:\/\/i0.wp.com\/ws168.juntadeandalucia.es\/iaap\/gestiondelconocimiento\/wp-content\/uploads\/sites\/10\/2025\/04\/Foto-revista.png?resize=350%2C200&ssl=1 1x, https:\/\/i0.wp.com\/ws168.juntadeandalucia.es\/iaap\/gestiondelconocimiento\/wp-content\/uploads\/sites\/10\/2025\/04\/Foto-revista.png?resize=525%2C300&ssl=1 1.5x, https:\/\/i0.wp.com\/ws168.juntadeandalucia.es\/iaap\/gestiondelconocimiento\/wp-content\/uploads\/sites\/10\/2025\/04\/Foto-revista.png?resize=700%2C400&ssl=1 2x"},"classes":[]},{"id":2405,"url":"https:\/\/ws168.juntadeandalucia.es\/iaap\/gestiondelconocimiento\/proyecto-creado-para-compartir-colaboracion-360\/","url_meta":{"origin":5415,"position":2},"title":"Revista EnRed@2.0. Colaboraci\u00f3n 360","author":"","date":"27 abril, 2020","format":false,"excerpt":"Un proyecto creado por l@s emplead@s p\u00fablicos, \u00fatil para todas y todos Revista digital, conocimiento puro, una publicaci\u00f3n esencial. La revista digital EnRedad@2.0 es un proyecto para compartir conocimiento. No se trata de una revista creada por y para las personas que trabajan en la Administraci\u00f3n es un proyecto de\u2026","rel":"","context":"En \u00abActualidad\u00bb","block_context":{"text":"Actualidad","link":"https:\/\/ws168.juntadeandalucia.es\/iaap\/gestiondelconocimiento\/category\/actualidad\/"},"img":{"alt_text":"","src":"https:\/\/i0.wp.com\/ws168.juntadeandalucia.es\/iaap\/gestiondelconocimiento\/wp-content\/uploads\/sites\/10\/2020\/04\/Imagen-preferente.jpg?resize=350%2C200&ssl=1","width":350,"height":200,"srcset":"https:\/\/i0.wp.com\/ws168.juntadeandalucia.es\/iaap\/gestiondelconocimiento\/wp-content\/uploads\/sites\/10\/2020\/04\/Imagen-preferente.jpg?resize=350%2C200&ssl=1 1x, https:\/\/i0.wp.com\/ws168.juntadeandalucia.es\/iaap\/gestiondelconocimiento\/wp-content\/uploads\/sites\/10\/2020\/04\/Imagen-preferente.jpg?resize=525%2C300&ssl=1 1.5x, https:\/\/i0.wp.com\/ws168.juntadeandalucia.es\/iaap\/gestiondelconocimiento\/wp-content\/uploads\/sites\/10\/2020\/04\/Imagen-preferente.jpg?resize=700%2C400&ssl=1 2x, https:\/\/i0.wp.com\/ws168.juntadeandalucia.es\/iaap\/gestiondelconocimiento\/wp-content\/uploads\/sites\/10\/2020\/04\/Imagen-preferente.jpg?resize=1050%2C600&ssl=1 3x, https:\/\/i0.wp.com\/ws168.juntadeandalucia.es\/iaap\/gestiondelconocimiento\/wp-content\/uploads\/sites\/10\/2020\/04\/Imagen-preferente.jpg?resize=1400%2C800&ssl=1 4x"},"classes":[]},{"id":6620,"url":"https:\/\/ws168.juntadeandalucia.es\/iaap\/gestiondelconocimiento\/comienza-la-viii-edicion-del-programa-embajadores-y-embajadoras-del-conocimiento\/","url_meta":{"origin":5415,"position":3},"title":"Comienza la VIII edici\u00f3n del Programa Embajadores y Embajadoras del Conocimiento","author":"administrador","date":"31 enero, 2025","format":false,"excerpt":"Con la llegada de enero, llega una nueva edici\u00f3n del Programa Embajadores y Embajadoras del Conocimiento del Instituto Andaluz de Administraci\u00f3n P\u00fablica.En esta octava edici\u00f3n los proyectos a realizar son:Enred@2.0: revista digital por y para emplead@s de la Junta de Andaluc\u00edaElaboraci\u00f3n de mapas de Conocimiento Cr\u00edtico de unidades administrativas en\u2026","rel":"","context":"En \u00abActualidad\u00bb","block_context":{"text":"Actualidad","link":"https:\/\/ws168.juntadeandalucia.es\/iaap\/gestiondelconocimiento\/category\/actualidad\/"},"img":{"alt_text":"Revista Enred@2.0","src":"https:\/\/i0.wp.com\/ws168.juntadeandalucia.es\/iaap\/gestiondelconocimiento\/wp-content\/uploads\/sites\/10\/2025\/01\/Revista-Enred%402.0-1536x768.jpg?resize=350%2C200&ssl=1","width":350,"height":200,"srcset":"https:\/\/i0.wp.com\/ws168.juntadeandalucia.es\/iaap\/gestiondelconocimiento\/wp-content\/uploads\/sites\/10\/2025\/01\/Revista-Enred%402.0-1536x768.jpg?resize=350%2C200&ssl=1 1x, https:\/\/i0.wp.com\/ws168.juntadeandalucia.es\/iaap\/gestiondelconocimiento\/wp-content\/uploads\/sites\/10\/2025\/01\/Revista-Enred%402.0-1536x768.jpg?resize=525%2C300&ssl=1 1.5x, https:\/\/i0.wp.com\/ws168.juntadeandalucia.es\/iaap\/gestiondelconocimiento\/wp-content\/uploads\/sites\/10\/2025\/01\/Revista-Enred%402.0-1536x768.jpg?resize=700%2C400&ssl=1 2x, https:\/\/i0.wp.com\/ws168.juntadeandalucia.es\/iaap\/gestiondelconocimiento\/wp-content\/uploads\/sites\/10\/2025\/01\/Revista-Enred%402.0-1536x768.jpg?resize=1050%2C600&ssl=1 3x, https:\/\/i0.wp.com\/ws168.juntadeandalucia.es\/iaap\/gestiondelconocimiento\/wp-content\/uploads\/sites\/10\/2025\/01\/Revista-Enred%402.0-1536x768.jpg?resize=1400%2C800&ssl=1 4x"},"classes":[]},{"id":1680,"url":"https:\/\/ws168.juntadeandalucia.es\/iaap\/gestiondelconocimiento\/la-responsabilidad-de-comunicar-y-difundir-el-conocimiento\/","url_meta":{"origin":5415,"position":4},"title":"La responsabilidad de comunicar y difundir el conocimiento","author":"","date":"4 febrero, 2020","format":false,"excerpt":"\u00a0II Jornada de Gesti\u00f3n del Conocimiento en la Junta de Andaluc\u00eda Oportunidades para transformar la Junta de Andaluc\u00eda La presentaci\u00f3n de proyectos fue una realidad el 24 de septiembre de 2019 fue una fecha clave. Este d\u00eda se celebr\u00f3 en el Aulario de la Isla de la Cartuja del IAAP\u2026","rel":"","context":"En \u00abActualidad\u00bb","block_context":{"text":"Actualidad","link":"https:\/\/ws168.juntadeandalucia.es\/iaap\/gestiondelconocimiento\/category\/actualidad\/"},"img":{"alt_text":"","src":"https:\/\/i0.wp.com\/ws168.juntadeandalucia.es\/iaap\/gestiondelconocimiento\/wp-content\/uploads\/sites\/10\/2020\/02\/71310076_1389932947836133_810620153078218752_n.jpg?resize=350%2C200&ssl=1","width":350,"height":200,"srcset":"https:\/\/i0.wp.com\/ws168.juntadeandalucia.es\/iaap\/gestiondelconocimiento\/wp-content\/uploads\/sites\/10\/2020\/02\/71310076_1389932947836133_810620153078218752_n.jpg?resize=350%2C200&ssl=1 1x, https:\/\/i0.wp.com\/ws168.juntadeandalucia.es\/iaap\/gestiondelconocimiento\/wp-content\/uploads\/sites\/10\/2020\/02\/71310076_1389932947836133_810620153078218752_n.jpg?resize=525%2C300&ssl=1 1.5x, https:\/\/i0.wp.com\/ws168.juntadeandalucia.es\/iaap\/gestiondelconocimiento\/wp-content\/uploads\/sites\/10\/2020\/02\/71310076_1389932947836133_810620153078218752_n.jpg?resize=700%2C400&ssl=1 2x"},"classes":[]},{"id":5877,"url":"https:\/\/ws168.juntadeandalucia.es\/iaap\/gestiondelconocimiento\/la-vii-edicion-de-embajadores-as-del-conocimiento-en-cifras\/","url_meta":{"origin":5415,"position":5},"title":"La VII edici\u00f3n de Embajadores\/as del Conocimiento en cifras","author":"administrador","date":"29 febrero, 2024","format":false,"excerpt":"Siete a\u00f1os, casi doscientos participantes, treinta y ocho proyectos realizados, entre ellos, cinco Encuentros Intergeneracionales.\u00a0Este ser\u00eda el breve resumen de la trayectoria del Programa Embajadores\/as del Conocimiento del Instituto Andaluz de Administraci\u00f3n P\u00fablica hasta el momento.A finales del pasado mes de enero de 2024 tuvo lugar el Taller de Lanzamiento\u2026","rel":"","context":"En \u00abEmpleados p\u00fablicos\u00bb","block_context":{"text":"Empleados p\u00fablicos","link":"https:\/\/ws168.juntadeandalucia.es\/iaap\/gestiondelconocimiento\/category\/empleados-publicos\/"},"img":{"alt_text":"Participantes por g\u00e9nero","src":"https:\/\/i0.wp.com\/ws168.juntadeandalucia.es\/iaap\/gestiondelconocimiento\/wp-content\/uploads\/sites\/10\/2024\/02\/Participantes-por-g%C2%B4nero-1536x1086.jpg?resize=350%2C200&ssl=1","width":350,"height":200,"srcset":"https:\/\/i0.wp.com\/ws168.juntadeandalucia.es\/iaap\/gestiondelconocimiento\/wp-content\/uploads\/sites\/10\/2024\/02\/Participantes-por-g%C2%B4nero-1536x1086.jpg?resize=350%2C200&ssl=1 1x, https:\/\/i0.wp.com\/ws168.juntadeandalucia.es\/iaap\/gestiondelconocimiento\/wp-content\/uploads\/sites\/10\/2024\/02\/Participantes-por-g%C2%B4nero-1536x1086.jpg?resize=525%2C300&ssl=1 1.5x"},"classes":[]}],"jetpack_likes_enabled":true,"_links":{"self":[{"href":"https:\/\/ws168.juntadeandalucia.es\/iaap\/gestiondelconocimiento\/wp-json\/wp\/v2\/posts\/5415","targetHints":{"allow":["GET"]}}],"collection":[{"href":"https:\/\/ws168.juntadeandalucia.es\/iaap\/gestiondelconocimiento\/wp-json\/wp\/v2\/posts"}],"about":[{"href":"https:\/\/ws168.juntadeandalucia.es\/iaap\/gestiondelconocimiento\/wp-json\/wp\/v2\/types\/post"}],"author":[{"embeddable":true,"href":"https:\/\/ws168.juntadeandalucia.es\/iaap\/gestiondelconocimiento\/wp-json\/wp\/v2\/users\/19"}],"replies":[{"embeddable":true,"href":"https:\/\/ws168.juntadeandalucia.es\/iaap\/gestiondelconocimiento\/wp-json\/wp\/v2\/comments?post=5415"}],"version-history":[{"count":10,"href":"https:\/\/ws168.juntadeandalucia.es\/iaap\/gestiondelconocimiento\/wp-json\/wp\/v2\/posts\/5415\/revisions"}],"predecessor-version":[{"id":5426,"href":"https:\/\/ws168.juntadeandalucia.es\/iaap\/gestiondelconocimiento\/wp-json\/wp\/v2\/posts\/5415\/revisions\/5426"}],"wp:attachment":[{"href":"https:\/\/ws168.juntadeandalucia.es\/iaap\/gestiondelconocimiento\/wp-json\/wp\/v2\/media?parent=5415"}],"wp:term":[{"taxonomy":"category","embeddable":true,"href":"https:\/\/ws168.juntadeandalucia.es\/iaap\/gestiondelconocimiento\/wp-json\/wp\/v2\/categories?post=5415"},{"taxonomy":"post_tag","embeddable":true,"href":"https:\/\/ws168.juntadeandalucia.es\/iaap\/gestiondelconocimiento\/wp-json\/wp\/v2\/tags?post=5415"}],"curies":[{"name":"wp","href":"https:\/\/api.w.org\/{rel}","templated":true}]}}