{"id":6213,"date":"2024-10-18T20:29:45","date_gmt":"2024-10-18T19:29:45","guid":{"rendered":"https:\/\/ws168.juntadeandalucia.es\/iaap\/gestiondelconocimiento\/?p=6213"},"modified":"2024-10-19T13:02:51","modified_gmt":"2024-10-19T12:02:51","slug":"una-historia-de-vida","status":"publish","type":"post","link":"https:\/\/ws168.juntadeandalucia.es\/iaap\/gestiondelconocimiento\/una-historia-de-vida\/","title":{"rendered":"Una Historia de vida"},"content":{"rendered":"\t\t<div data-elementor-type=\"wp-post\" data-elementor-id=\"6213\" class=\"elementor elementor-6213\">\n\t\t\t\t\t\t<section class=\"elementor-section elementor-top-section elementor-element elementor-element-141ec39 elementor-section-boxed elementor-section-height-default elementor-section-height-default\" data-id=\"141ec39\" data-element_type=\"section\" data-e-type=\"section\">\n\t\t\t\t\t\t<div class=\"elementor-container elementor-column-gap-default\">\n\t\t\t\t\t<div class=\"elementor-column elementor-col-100 elementor-top-column elementor-element elementor-element-ff50640\" data-id=\"ff50640\" data-element_type=\"column\" data-e-type=\"column\">\n\t\t\t<div class=\"elementor-widget-wrap elementor-element-populated\">\n\t\t\t\t\t\t<div class=\"elementor-element elementor-element-b7221f0 elementor-widget elementor-widget-text-editor\" data-id=\"b7221f0\" data-element_type=\"widget\" data-e-type=\"widget\" data-widget_type=\"text-editor.default\">\n\t\t\t\t<div class=\"elementor-widget-container\">\n\t\t\t\t\t\t\t\t\t<p style=\"text-align: justify\">El proyecto <strong>Elaboraci\u00f3n de mapas del conocimiento cr\u00edtico<\/strong> es uno de los m\u00e1s veteranos del Programa Embajadores\/as del Conocimiento.\u00a0Con \u00e9l se pretende detectar el conocimiento o las habilidades claves para realizar una tarea que est\u00e1 pr\u00f3ximo a perderse por el motivo de la jubilaci\u00f3n o el traslado de la persona que posee ese conocimiento.<\/p><p style=\"text-align: justify\">A pesar de llevar seis ediciones con nosotros, cada a\u00f1o se pretende aportar algo nuevo e innovador.<\/p><p style=\"text-align: justify\">En esta edici\u00f3n de 2024, Luc\u00eda Ib\u00e1\u00f1ez, una de las integrantes del grupo, personal de la Oficina del Servicio Andaluz de Empleo del Centro de Sevilla, ha querido entrevistar a la persona que representa el pilar de la oficina. Tras treinta y tres a\u00f1os de experiencia en el \u00e1rea de empleo de la administraci\u00f3n andaluza, Alegr\u00eda Navarrete tiene mucho conocimiento acumulado y mucho que contarnos.<\/p>\t\t\t\t\t\t\t\t<\/div>\n\t\t\t\t<\/div>\n\t\t\t\t\t<\/div>\n\t\t<\/div>\n\t\t\t\t\t<\/div>\n\t\t<\/section>\n\t\t\t\t<section class=\"elementor-section elementor-top-section elementor-element elementor-element-2efb3b1 elementor-section-boxed elementor-section-height-default elementor-section-height-default\" data-id=\"2efb3b1\" data-element_type=\"section\" data-e-type=\"section\">\n\t\t\t\t\t\t<div class=\"elementor-container elementor-column-gap-default\">\n\t\t\t\t\t<div class=\"elementor-column elementor-col-100 elementor-top-column elementor-element elementor-element-d418cfd\" data-id=\"d418cfd\" data-element_type=\"column\" data-e-type=\"column\">\n\t\t\t<div class=\"elementor-widget-wrap elementor-element-populated\">\n\t\t\t\t\t\t<div class=\"elementor-element elementor-element-917de20 elementor-widget elementor-widget-video\" data-id=\"917de20\" data-element_type=\"widget\" data-e-type=\"widget\" data-settings=\"{&quot;youtube_url&quot;:&quot;https:\\\/\\\/youtu.be\\\/LrqXsf47irQ&quot;,&quot;start&quot;:&quot;0&quot;,&quot;end&quot;:&quot;310&quot;,&quot;video_type&quot;:&quot;youtube&quot;,&quot;controls&quot;:&quot;yes&quot;}\" data-widget_type=\"video.default\">\n\t\t\t\t<div class=\"elementor-widget-container\">\n\t\t\t\t\t\t\t<div class=\"elementor-wrapper elementor-open-inline\">\n\t\t\t<div class=\"elementor-video\"><\/div>\t\t<\/div>\n\t\t\t\t\t\t<\/div>\n\t\t\t\t<\/div>\n\t\t\t\t\t<\/div>\n\t\t<\/div>\n\t\t\t\t\t<\/div>\n\t\t<\/section>\n\t\t\t\t<section class=\"elementor-section elementor-top-section elementor-element elementor-element-3914c9e elementor-section-boxed elementor-section-height-default elementor-section-height-default\" data-id=\"3914c9e\" data-element_type=\"section\" data-e-type=\"section\">\n\t\t\t\t\t\t<div class=\"elementor-container elementor-column-gap-default\">\n\t\t\t\t\t<div class=\"elementor-column elementor-col-100 elementor-top-column elementor-element elementor-element-09fac4d\" data-id=\"09fac4d\" data-element_type=\"column\" data-e-type=\"column\">\n\t\t\t<div class=\"elementor-widget-wrap elementor-element-populated\">\n\t\t\t\t\t\t<div class=\"elementor-element elementor-element-0358624 elementor-widget elementor-widget-text-editor\" data-id=\"0358624\" data-element_type=\"widget\" data-e-type=\"widget\" data-widget_type=\"text-editor.default\">\n\t\t\t\t<div class=\"elementor-widget-container\">\n\t\t\t\t\t\t\t\t\t<p>\u00a0<\/p><p style=\"text-align: justify\">Nos cuenta c\u00f3mo su experiencia en el \u00e1mbito de las cualificaciones y acreditaciones de competencias profesionales es clave en el nuevo papel de las oficinas de empleo como Orientadores para el empleo.<\/p><p style=\"text-align: justify\">A lo largo de su trayectoria, ha podido ayudar a multitud de personas a encontrar empleo gracias a su asesoramiento.<\/p><p style=\"text-align: justify\">Hecha en falta m\u00e1s formaci\u00f3n pr\u00e1ctica para el personal de las Oficinas de Empleo, que a veces se encuentran ante un abanico muy amplio de normativas y directrices dif\u00edciles de abarcar en su totalidad.<\/p>\t\t\t\t\t\t\t\t<\/div>\n\t\t\t\t<\/div>\n\t\t\t\t\t<\/div>\n\t\t<\/div>\n\t\t\t\t\t<\/div>\n\t\t<\/section>\n\t\t\t\t<section class=\"elementor-section elementor-top-section elementor-element elementor-element-3068224 elementor-section-boxed elementor-section-height-default elementor-section-height-default\" data-id=\"3068224\" data-element_type=\"section\" data-e-type=\"section\">\n\t\t\t\t\t\t<div class=\"elementor-container elementor-column-gap-default\">\n\t\t\t\t\t<div class=\"elementor-column elementor-col-100 elementor-top-column elementor-element elementor-element-f58d7b7\" data-id=\"f58d7b7\" data-element_type=\"column\" data-e-type=\"column\">\n\t\t\t<div class=\"elementor-widget-wrap elementor-element-populated\">\n\t\t\t\t\t\t<div class=\"elementor-element elementor-element-e50798e elementor-widget elementor-widget-video\" data-id=\"e50798e\" data-element_type=\"widget\" data-e-type=\"widget\" data-settings=\"{&quot;youtube_url&quot;:&quot;https:\\\/\\\/www.youtube.com\\\/watch?v=LrqXsf47irQ&quot;,&quot;start&quot;:&quot;311&quot;,&quot;end&quot;:&quot;617&quot;,&quot;video_type&quot;:&quot;youtube&quot;,&quot;controls&quot;:&quot;yes&quot;}\" data-widget_type=\"video.default\">\n\t\t\t\t<div class=\"elementor-widget-container\">\n\t\t\t\t\t\t\t<div class=\"elementor-wrapper elementor-open-inline\">\n\t\t\t<div class=\"elementor-video\"><\/div>\t\t<\/div>\n\t\t\t\t\t\t<\/div>\n\t\t\t\t<\/div>\n\t\t\t\t\t<\/div>\n\t\t<\/div>\n\t\t\t\t\t<\/div>\n\t\t<\/section>\n\t\t\t\t<section class=\"elementor-section elementor-top-section elementor-element elementor-element-51543ae elementor-section-boxed elementor-section-height-default elementor-section-height-default\" data-id=\"51543ae\" data-element_type=\"section\" data-e-type=\"section\">\n\t\t\t\t\t\t<div class=\"elementor-container elementor-column-gap-default\">\n\t\t\t\t\t<div class=\"elementor-column elementor-col-100 elementor-top-column elementor-element elementor-element-d8c9005\" data-id=\"d8c9005\" data-element_type=\"column\" data-e-type=\"column\">\n\t\t\t<div class=\"elementor-widget-wrap elementor-element-populated\">\n\t\t\t\t\t\t<div class=\"elementor-element elementor-element-4a939ee elementor-widget elementor-widget-text-editor\" data-id=\"4a939ee\" data-element_type=\"widget\" data-e-type=\"widget\" data-widget_type=\"text-editor.default\">\n\t\t\t\t<div class=\"elementor-widget-container\">\n\t\t\t\t\t\t\t\t\t<p style=\"text-align: justify\">Como hemos comentado al principio, Alegr\u00eda es el pilar, o unos de los pilares, de la oficina ya que su misi\u00f3n es elaborar una gu\u00eda o <em><i>Autopista<\/i><\/em>, como ella la llama, sobre las familias profesionales.<\/p><p style=\"text-align: justify\">Esta gu\u00eda facilita d\u00eda a d\u00eda a sus compa\u00f1eros y compa\u00f1eras la labor de asesoramiento a los demandantes de empleo.<\/p>\t\t\t\t\t\t\t\t<\/div>\n\t\t\t\t<\/div>\n\t\t\t\t\t<\/div>\n\t\t<\/div>\n\t\t\t\t\t<\/div>\n\t\t<\/section>\n\t\t\t\t<section class=\"elementor-section elementor-top-section elementor-element elementor-element-213195e elementor-section-boxed elementor-section-height-default elementor-section-height-default\" data-id=\"213195e\" data-element_type=\"section\" data-e-type=\"section\">\n\t\t\t\t\t\t<div class=\"elementor-container elementor-column-gap-default\">\n\t\t\t\t\t<div class=\"elementor-column elementor-col-100 elementor-top-column elementor-element elementor-element-b661381\" data-id=\"b661381\" data-element_type=\"column\" data-e-type=\"column\">\n\t\t\t<div class=\"elementor-widget-wrap elementor-element-populated\">\n\t\t\t\t\t\t<div class=\"elementor-element elementor-element-dba4308 elementor-widget elementor-widget-video\" data-id=\"dba4308\" data-element_type=\"widget\" data-e-type=\"widget\" data-settings=\"{&quot;youtube_url&quot;:&quot;https:\\\/\\\/www.youtube.com\\\/watch?v=LrqXsf47irQ&quot;,&quot;start&quot;:&quot;621&quot;,&quot;end&quot;:&quot;796&quot;,&quot;video_type&quot;:&quot;youtube&quot;,&quot;controls&quot;:&quot;yes&quot;}\" data-widget_type=\"video.default\">\n\t\t\t\t<div class=\"elementor-widget-container\">\n\t\t\t\t\t\t\t<div class=\"elementor-wrapper elementor-open-inline\">\n\t\t\t<div class=\"elementor-video\"><\/div>\t\t<\/div>\n\t\t\t\t\t\t<\/div>\n\t\t\t\t<\/div>\n\t\t\t\t\t<\/div>\n\t\t<\/div>\n\t\t\t\t\t<\/div>\n\t\t<\/section>\n\t\t\t\t<section class=\"elementor-section elementor-top-section elementor-element elementor-element-89e5bce elementor-section-boxed elementor-section-height-default elementor-section-height-default\" data-id=\"89e5bce\" data-element_type=\"section\" data-e-type=\"section\">\n\t\t\t\t\t\t<div class=\"elementor-container elementor-column-gap-default\">\n\t\t\t\t\t<div class=\"elementor-column elementor-col-100 elementor-top-column elementor-element elementor-element-b7cbe35\" data-id=\"b7cbe35\" data-element_type=\"column\" data-e-type=\"column\">\n\t\t\t<div class=\"elementor-widget-wrap elementor-element-populated\">\n\t\t\t\t\t\t<div class=\"elementor-element elementor-element-3b65227 elementor-widget elementor-widget-text-editor\" data-id=\"3b65227\" data-element_type=\"widget\" data-e-type=\"widget\" data-widget_type=\"text-editor.default\">\n\t\t\t\t<div class=\"elementor-widget-container\">\n\t\t\t\t\t\t\t\t\t<p>\u00a0<\/p><p style=\"text-align: justify\">Alegr\u00eda detecta la falta de una red de contactos y de apoyo al personal de las Oficinas de Empleo. Por ello, pone en valor la buena comunicaci\u00f3n y la colaboraci\u00f3n entre los compa\u00f1eros y compa\u00f1eras de oficina. Esto ser\u00e1, principalmente,\u00a0 lo que les ayude a avanzar.<\/p>\t\t\t\t\t\t\t\t<\/div>\n\t\t\t\t<\/div>\n\t\t\t\t\t<\/div>\n\t\t<\/div>\n\t\t\t\t\t<\/div>\n\t\t<\/section>\n\t\t\t\t<section class=\"elementor-section elementor-top-section elementor-element elementor-element-2bd51bc elementor-section-boxed elementor-section-height-default elementor-section-height-default\" data-id=\"2bd51bc\" data-element_type=\"section\" data-e-type=\"section\">\n\t\t\t\t\t\t<div class=\"elementor-container elementor-column-gap-default\">\n\t\t\t\t\t<div class=\"elementor-column elementor-col-100 elementor-top-column elementor-element elementor-element-8e4d0d2\" data-id=\"8e4d0d2\" data-element_type=\"column\" data-e-type=\"column\">\n\t\t\t<div class=\"elementor-widget-wrap elementor-element-populated\">\n\t\t\t\t\t\t<div class=\"elementor-element elementor-element-19855c6 elementor-widget elementor-widget-video\" data-id=\"19855c6\" data-element_type=\"widget\" data-e-type=\"widget\" data-settings=\"{&quot;youtube_url&quot;:&quot;https:\\\/\\\/www.youtube.com\\\/watch?v=LrqXsf47irQ&quot;,&quot;start&quot;:&quot;798&quot;,&quot;end&quot;:&quot;974&quot;,&quot;video_type&quot;:&quot;youtube&quot;,&quot;controls&quot;:&quot;yes&quot;}\" data-widget_type=\"video.default\">\n\t\t\t\t<div class=\"elementor-widget-container\">\n\t\t\t\t\t\t\t<div class=\"elementor-wrapper elementor-open-inline\">\n\t\t\t<div class=\"elementor-video\"><\/div>\t\t<\/div>\n\t\t\t\t\t\t<\/div>\n\t\t\t\t<\/div>\n\t\t\t\t\t<\/div>\n\t\t<\/div>\n\t\t\t\t\t<\/div>\n\t\t<\/section>\n\t\t\t\t<section class=\"elementor-section elementor-top-section elementor-element elementor-element-9ea6ca7 elementor-section-boxed elementor-section-height-default elementor-section-height-default\" data-id=\"9ea6ca7\" data-element_type=\"section\" data-e-type=\"section\">\n\t\t\t\t\t\t<div class=\"elementor-container elementor-column-gap-default\">\n\t\t\t\t\t<div class=\"elementor-column elementor-col-100 elementor-top-column elementor-element elementor-element-dda14da\" data-id=\"dda14da\" data-element_type=\"column\" data-e-type=\"column\">\n\t\t\t<div class=\"elementor-widget-wrap elementor-element-populated\">\n\t\t\t\t\t\t<div class=\"elementor-element elementor-element-368e8da elementor-widget elementor-widget-text-editor\" data-id=\"368e8da\" data-element_type=\"widget\" data-e-type=\"widget\" data-widget_type=\"text-editor.default\">\n\t\t\t\t<div class=\"elementor-widget-container\">\n\t\t\t\t\t\t\t\t\t<p>\u00a0<\/p><p style=\"text-align: justify\">Valora Alegr\u00eda la importancia de informarse, formarse y especializarse en un \u00e1rea, para poder ayudar m\u00e1s y mejor al ciudadano, a pesar de que no se fomente tanto desde la propia Administraci\u00f3n.\u00a0<\/p><p style=\"text-align: justify\">Desde aqu\u00ed, queremos agradecer tanto a Alegr\u00eda como a Luc\u00eda el habernos dado a conocer el papel que desempe\u00f1an las Oficinas de Empleo en la actualidad y la importancia del personal que est\u00e1 al frente.<\/p>\t\t\t\t\t\t\t\t<\/div>\n\t\t\t\t<\/div>\n\t\t\t\t\t<\/div>\n\t\t<\/div>\n\t\t\t\t\t<\/div>\n\t\t<\/section>\n\t\t\t\t<section class=\"elementor-section elementor-top-section elementor-element elementor-element-071f7dd elementor-section-boxed elementor-section-height-default elementor-section-height-default\" data-id=\"071f7dd\" data-element_type=\"section\" data-e-type=\"section\">\n\t\t\t\t\t\t<div class=\"elementor-container elementor-column-gap-default\">\n\t\t\t\t\t<div class=\"elementor-column elementor-col-100 elementor-top-column elementor-element elementor-element-e9186c6\" data-id=\"e9186c6\" data-element_type=\"column\" data-e-type=\"column\">\n\t\t\t<div class=\"elementor-widget-wrap elementor-element-populated\">\n\t\t\t\t\t\t<div class=\"elementor-element elementor-element-bc7244f elementor-widget elementor-widget-video\" data-id=\"bc7244f\" data-element_type=\"widget\" data-e-type=\"widget\" data-settings=\"{&quot;youtube_url&quot;:&quot;https:\\\/\\\/www.youtube.com\\\/watch?v=LrqXsf47irQ&quot;,&quot;start&quot;:&quot;975&quot;,&quot;end&quot;:&quot;1134&quot;,&quot;video_type&quot;:&quot;youtube&quot;,&quot;controls&quot;:&quot;yes&quot;}\" data-widget_type=\"video.default\">\n\t\t\t\t<div class=\"elementor-widget-container\">\n\t\t\t\t\t\t\t<div class=\"elementor-wrapper elementor-open-inline\">\n\t\t\t<div class=\"elementor-video\"><\/div>\t\t<\/div>\n\t\t\t\t\t\t<\/div>\n\t\t\t\t<\/div>\n\t\t\t\t\t<\/div>\n\t\t<\/div>\n\t\t\t\t\t<\/div>\n\t\t<\/section>\n\t\t\t\t<\/div>\n\t\t","protected":false},"excerpt":{"rendered":"<p>El proyecto Elaboraci\u00f3n de mapas del conocimiento cr\u00edtico es uno de los m\u00e1s veteranos del Programa Embajadores\/as del Conocimiento.\u00a0Con \u00e9l se pretende detectar el conocimiento o las habilidades claves para realizar una tarea que est\u00e1 pr\u00f3ximo a perderse por el motivo de la jubilaci\u00f3n o el traslado de la persona que posee ese conocimiento. A [&hellip;]<\/p>\n","protected":false},"author":1,"featured_media":0,"comment_status":"closed","ping_status":"open","sticky":false,"template":"","format":"standard","meta":{"jetpack_post_was_ever_published":false,"_jetpack_newsletter_access":"","_jetpack_dont_email_post_to_subs":false,"_jetpack_newsletter_tier_id":0,"_jetpack_memberships_contains_paywalled_content":false,"_jetpack_memberships_contains_paid_content":false,"footnotes":""},"categories":[62,52],"tags":[],"class_list":["post-6213","post","type-post","status-publish","format-standard","hentry","category-empleados-publicos","category-gestion-del-conocimiento"],"jetpack_featured_media_url":"","jetpack_sharing_enabled":true,"jetpack_shortlink":"https:\/\/wp.me\/p9W7Se-1Cd","jetpack-related-posts":[{"id":5963,"url":"https:\/\/ws168.juntadeandalucia.es\/iaap\/gestiondelconocimiento\/hazte-un-transfer\/","url_meta":{"origin":6213,"position":0},"title":"\u00a1Hazte un Transfer!","author":"administrador","date":"29 abril, 2024","format":false,"excerpt":"Entre los objetivos del Programa Embajadores\/as del Conocimiento est\u00e1 el de facilitar la transferencia de conocimiento entre\u00a0 personas de la\u00a0 organizaci\u00f3n en situaciones de cambio. Para ello, se fomenta la creaci\u00f3n de herramientas y mecanismos capaces de recopilar el conocimiento adquirido por una persona en el desarrollo de su trabajo\u2026","rel":"","context":"En \u00abEmpleados p\u00fablicos\u00bb","block_context":{"text":"Empleados p\u00fablicos","link":"https:\/\/ws168.juntadeandalucia.es\/iaap\/gestiondelconocimiento\/category\/empleados-publicos\/"},"img":{"alt_text":"","src":"https:\/\/i0.wp.com\/ws168.juntadeandalucia.es\/iaap\/gestiondelconocimiento\/wp-content\/uploads\/sites\/10\/2024\/02\/metodologia-Transfer-1024x576.jpg?resize=350%2C200&ssl=1","width":350,"height":200,"srcset":"https:\/\/i0.wp.com\/ws168.juntadeandalucia.es\/iaap\/gestiondelconocimiento\/wp-content\/uploads\/sites\/10\/2024\/02\/metodologia-Transfer-1024x576.jpg?resize=350%2C200&ssl=1 1x, https:\/\/i0.wp.com\/ws168.juntadeandalucia.es\/iaap\/gestiondelconocimiento\/wp-content\/uploads\/sites\/10\/2024\/02\/metodologia-Transfer-1024x576.jpg?resize=525%2C300&ssl=1 1.5x"},"classes":[]},{"id":2606,"url":"https:\/\/ws168.juntadeandalucia.es\/iaap\/gestiondelconocimiento\/taller-de-seguimiento-virtual-de-proyectos-de-gestion-del-conocimiento\/","url_meta":{"origin":6213,"position":1},"title":"Taller de Seguimiento Virtual de Proyectos de Gesti\u00f3n del Conocimiento","author":"","date":"7 julio, 2020","format":false,"excerpt":"M\u00e9tricas en la Gesti\u00f3n del Conocimiento.El Taller de M\u00e9tricas en la Gesti\u00f3n del Conocimiento se concibe como el segundo momento presencial de seguimiento de proyectos. Se pretende tomar el pulso de cada uno de los grupos. El anterior encuentro general tuvo lugar el pasado mes de febrero en Sevilla: en\u2026","rel":"","context":"En \u00abComunicaci\u00f3n\u00bb","block_context":{"text":"Comunicaci\u00f3n","link":"https:\/\/ws168.juntadeandalucia.es\/iaap\/gestiondelconocimiento\/category\/comunicacion\/"},"img":{"alt_text":"","src":"https:\/\/i0.wp.com\/ws168.juntadeandalucia.es\/iaap\/gestiondelconocimiento\/wp-content\/uploads\/sites\/10\/2020\/04\/Captura-de-pantalla-2020-04-27-a-las-17.09.06.png?resize=350%2C200&ssl=1","width":350,"height":200,"srcset":"https:\/\/i0.wp.com\/ws168.juntadeandalucia.es\/iaap\/gestiondelconocimiento\/wp-content\/uploads\/sites\/10\/2020\/04\/Captura-de-pantalla-2020-04-27-a-las-17.09.06.png?resize=350%2C200&ssl=1 1x, https:\/\/i0.wp.com\/ws168.juntadeandalucia.es\/iaap\/gestiondelconocimiento\/wp-content\/uploads\/sites\/10\/2020\/04\/Captura-de-pantalla-2020-04-27-a-las-17.09.06.png?resize=525%2C300&ssl=1 1.5x, https:\/\/i0.wp.com\/ws168.juntadeandalucia.es\/iaap\/gestiondelconocimiento\/wp-content\/uploads\/sites\/10\/2020\/04\/Captura-de-pantalla-2020-04-27-a-las-17.09.06.png?resize=700%2C400&ssl=1 2x, https:\/\/i0.wp.com\/ws168.juntadeandalucia.es\/iaap\/gestiondelconocimiento\/wp-content\/uploads\/sites\/10\/2020\/04\/Captura-de-pantalla-2020-04-27-a-las-17.09.06.png?resize=1050%2C600&ssl=1 3x, https:\/\/i0.wp.com\/ws168.juntadeandalucia.es\/iaap\/gestiondelconocimiento\/wp-content\/uploads\/sites\/10\/2020\/04\/Captura-de-pantalla-2020-04-27-a-las-17.09.06.png?resize=1400%2C800&ssl=1 4x"},"classes":[]},{"id":4920,"url":"https:\/\/ws168.juntadeandalucia.es\/iaap\/gestiondelconocimiento\/proyecto-elaboracion-de-mapas-del-conocimiento-critico-2023\/","url_meta":{"origin":6213,"position":2},"title":"Proyecto Elaboraci\u00f3n de mapas de conocimiento cr\u00edtico, 2023","author":"","date":"31 marzo, 2023","format":false,"excerpt":"Un a\u00f1o m\u00e1s, y ya van cinco, el proyecto de Elaboraci\u00f3n de mapas de conocimiento cr\u00edtico de la Junta de Andaluc\u00eda sigue recopilando informaci\u00f3n sobre las tareas o puestos de trabajo claves en nuestra organizaci\u00f3n con la pretensi\u00f3n de almacenarla para que no se pierda y hacerla llegar al personal\u2026","rel":"","context":"En \u00abGesti\u00f3n del conocimiento\u00bb","block_context":{"text":"Gesti\u00f3n del conocimiento","link":"https:\/\/ws168.juntadeandalucia.es\/iaap\/gestiondelconocimiento\/category\/gestion-del-conocimiento\/"},"img":{"alt_text":"","src":"https:\/\/i0.wp.com\/ws168.juntadeandalucia.es\/iaap\/gestiondelconocimiento\/wp-content\/uploads\/sites\/10\/2023\/03\/Curso-Mapas-cto-critico-Sesion-virtual.jpeg?resize=350%2C200&ssl=1","width":350,"height":200,"srcset":"https:\/\/i0.wp.com\/ws168.juntadeandalucia.es\/iaap\/gestiondelconocimiento\/wp-content\/uploads\/sites\/10\/2023\/03\/Curso-Mapas-cto-critico-Sesion-virtual.jpeg?resize=350%2C200&ssl=1 1x, https:\/\/i0.wp.com\/ws168.juntadeandalucia.es\/iaap\/gestiondelconocimiento\/wp-content\/uploads\/sites\/10\/2023\/03\/Curso-Mapas-cto-critico-Sesion-virtual.jpeg?resize=525%2C300&ssl=1 1.5x, https:\/\/i0.wp.com\/ws168.juntadeandalucia.es\/iaap\/gestiondelconocimiento\/wp-content\/uploads\/sites\/10\/2023\/03\/Curso-Mapas-cto-critico-Sesion-virtual.jpeg?resize=700%2C400&ssl=1 2x, https:\/\/i0.wp.com\/ws168.juntadeandalucia.es\/iaap\/gestiondelconocimiento\/wp-content\/uploads\/sites\/10\/2023\/03\/Curso-Mapas-cto-critico-Sesion-virtual.jpeg?resize=1050%2C600&ssl=1 3x"},"classes":[]},{"id":3612,"url":"https:\/\/ws168.juntadeandalucia.es\/iaap\/gestiondelconocimiento\/el-poder-de-la-conversacion-herramienta-de-gestion-del-conocimiento\/","url_meta":{"origin":6213,"position":3},"title":"EL PODER DE LA CONVERSACI\u00d3N: HERRAMIENTA DE GESTI\u00d3N DEL CONOCIMIENTO","author":"","date":"28 abril, 2021","format":false,"excerpt":"Una obviedad no tan obvia.\u00a0 Que la conversaci\u00f3n es de las herramientas m\u00e1s potentes para la extracci\u00f3n y transferencia del conocimiento deber\u00eda ser una obviedad.\u00a0 Pero entonces,\u00a0 por qu\u00e9 se utiliza tan poco y en ocasiones de forma ineficiente en las organizaciones:\u00a0 En primer lugar, podr\u00edamos decir que la conversaci\u00f3n\u2026","rel":"","context":"En \u00abAl alcance\u00bb","block_context":{"text":"Al alcance","link":"https:\/\/ws168.juntadeandalucia.es\/iaap\/gestiondelconocimiento\/category\/nacional\/"},"img":{"alt_text":"Poder conversacion","src":"https:\/\/i0.wp.com\/ws168.juntadeandalucia.es\/iaap\/gestiondelconocimiento\/wp-content\/uploads\/sites\/10\/2021\/04\/el-poder-de-la-conversacion.jpg?resize=350%2C200&ssl=1","width":350,"height":200,"srcset":"https:\/\/i0.wp.com\/ws168.juntadeandalucia.es\/iaap\/gestiondelconocimiento\/wp-content\/uploads\/sites\/10\/2021\/04\/el-poder-de-la-conversacion.jpg?resize=350%2C200&ssl=1 1x, https:\/\/i0.wp.com\/ws168.juntadeandalucia.es\/iaap\/gestiondelconocimiento\/wp-content\/uploads\/sites\/10\/2021\/04\/el-poder-de-la-conversacion.jpg?resize=525%2C300&ssl=1 1.5x, https:\/\/i0.wp.com\/ws168.juntadeandalucia.es\/iaap\/gestiondelconocimiento\/wp-content\/uploads\/sites\/10\/2021\/04\/el-poder-de-la-conversacion.jpg?resize=700%2C400&ssl=1 2x, https:\/\/i0.wp.com\/ws168.juntadeandalucia.es\/iaap\/gestiondelconocimiento\/wp-content\/uploads\/sites\/10\/2021\/04\/el-poder-de-la-conversacion.jpg?resize=1050%2C600&ssl=1 3x"},"classes":[]},{"id":6620,"url":"https:\/\/ws168.juntadeandalucia.es\/iaap\/gestiondelconocimiento\/comienza-la-viii-edicion-del-programa-embajadores-y-embajadoras-del-conocimiento\/","url_meta":{"origin":6213,"position":4},"title":"Comienza la VIII edici\u00f3n del Programa Embajadores y Embajadoras del Conocimiento","author":"administrador","date":"31 enero, 2025","format":false,"excerpt":"Con la llegada de enero, llega una nueva edici\u00f3n del Programa Embajadores y Embajadoras del Conocimiento del Instituto Andaluz de Administraci\u00f3n P\u00fablica.En esta octava edici\u00f3n los proyectos a realizar son:Enred@2.0: revista digital por y para emplead@s de la Junta de Andaluc\u00edaElaboraci\u00f3n de mapas de Conocimiento Cr\u00edtico de unidades administrativas en\u2026","rel":"","context":"En \u00abActualidad\u00bb","block_context":{"text":"Actualidad","link":"https:\/\/ws168.juntadeandalucia.es\/iaap\/gestiondelconocimiento\/category\/actualidad\/"},"img":{"alt_text":"Revista Enred@2.0","src":"https:\/\/i0.wp.com\/ws168.juntadeandalucia.es\/iaap\/gestiondelconocimiento\/wp-content\/uploads\/sites\/10\/2025\/01\/Revista-Enred%402.0-1536x768.jpg?resize=350%2C200&ssl=1","width":350,"height":200,"srcset":"https:\/\/i0.wp.com\/ws168.juntadeandalucia.es\/iaap\/gestiondelconocimiento\/wp-content\/uploads\/sites\/10\/2025\/01\/Revista-Enred%402.0-1536x768.jpg?resize=350%2C200&ssl=1 1x, https:\/\/i0.wp.com\/ws168.juntadeandalucia.es\/iaap\/gestiondelconocimiento\/wp-content\/uploads\/sites\/10\/2025\/01\/Revista-Enred%402.0-1536x768.jpg?resize=525%2C300&ssl=1 1.5x, https:\/\/i0.wp.com\/ws168.juntadeandalucia.es\/iaap\/gestiondelconocimiento\/wp-content\/uploads\/sites\/10\/2025\/01\/Revista-Enred%402.0-1536x768.jpg?resize=700%2C400&ssl=1 2x, https:\/\/i0.wp.com\/ws168.juntadeandalucia.es\/iaap\/gestiondelconocimiento\/wp-content\/uploads\/sites\/10\/2025\/01\/Revista-Enred%402.0-1536x768.jpg?resize=1050%2C600&ssl=1 3x, https:\/\/i0.wp.com\/ws168.juntadeandalucia.es\/iaap\/gestiondelconocimiento\/wp-content\/uploads\/sites\/10\/2025\/01\/Revista-Enred%402.0-1536x768.jpg?resize=1400%2C800&ssl=1 4x"},"classes":[]},{"id":6838,"url":"https:\/\/ws168.juntadeandalucia.es\/iaap\/gestiondelconocimiento\/taller-seguimiento-de-proyectos-de-gestion-del-conocimiento-programa-de-embajadores-y-embajadoras-del-conocimiento-2025-3\/","url_meta":{"origin":6213,"position":5},"title":"Taller Seguimiento De Proyectos De Gesti\u00f3n Del Conocimiento. Programa De Embajadores Y Embajadoras Del Conocimiento 2025.","author":"administrador","date":"26 marzo, 2025","format":false,"excerpt":"Como en cada edici\u00f3n del Programa Embajadores\/as del Conocimiento, tras el taller de Lanzamiento de proyectos de gesti\u00f3n del conocimiento celebrado en Cazorla, el pasado martes 11 de marzo se llev\u00f3 a cabo el segundo encuentro del programa para realizar un seguimiento de los objetivos de cada proyecto establecidos en\u2026","rel":"","context":"En \u00abEmpleados p\u00fablicos\u00bb","block_context":{"text":"Empleados p\u00fablicos","link":"https:\/\/ws168.juntadeandalucia.es\/iaap\/gestiondelconocimiento\/category\/empleados-publicos\/"},"img":{"alt_text":"","src":"https:\/\/i0.wp.com\/ws168.juntadeandalucia.es\/iaap\/gestiondelconocimiento\/wp-content\/uploads\/sites\/10\/2025\/03\/20250311_095557-1536x826.jpg?resize=350%2C200&ssl=1","width":350,"height":200,"srcset":"https:\/\/i0.wp.com\/ws168.juntadeandalucia.es\/iaap\/gestiondelconocimiento\/wp-content\/uploads\/sites\/10\/2025\/03\/20250311_095557-1536x826.jpg?resize=350%2C200&ssl=1 1x, https:\/\/i0.wp.com\/ws168.juntadeandalucia.es\/iaap\/gestiondelconocimiento\/wp-content\/uploads\/sites\/10\/2025\/03\/20250311_095557-1536x826.jpg?resize=525%2C300&ssl=1 1.5x"},"classes":[]}],"jetpack_likes_enabled":true,"_links":{"self":[{"href":"https:\/\/ws168.juntadeandalucia.es\/iaap\/gestiondelconocimiento\/wp-json\/wp\/v2\/posts\/6213","targetHints":{"allow":["GET"]}}],"collection":[{"href":"https:\/\/ws168.juntadeandalucia.es\/iaap\/gestiondelconocimiento\/wp-json\/wp\/v2\/posts"}],"about":[{"href":"https:\/\/ws168.juntadeandalucia.es\/iaap\/gestiondelconocimiento\/wp-json\/wp\/v2\/types\/post"}],"author":[{"embeddable":true,"href":"https:\/\/ws168.juntadeandalucia.es\/iaap\/gestiondelconocimiento\/wp-json\/wp\/v2\/users\/1"}],"replies":[{"embeddable":true,"href":"https:\/\/ws168.juntadeandalucia.es\/iaap\/gestiondelconocimiento\/wp-json\/wp\/v2\/comments?post=6213"}],"version-history":[{"count":32,"href":"https:\/\/ws168.juntadeandalucia.es\/iaap\/gestiondelconocimiento\/wp-json\/wp\/v2\/posts\/6213\/revisions"}],"predecessor-version":[{"id":6394,"href":"https:\/\/ws168.juntadeandalucia.es\/iaap\/gestiondelconocimiento\/wp-json\/wp\/v2\/posts\/6213\/revisions\/6394"}],"wp:attachment":[{"href":"https:\/\/ws168.juntadeandalucia.es\/iaap\/gestiondelconocimiento\/wp-json\/wp\/v2\/media?parent=6213"}],"wp:term":[{"taxonomy":"category","embeddable":true,"href":"https:\/\/ws168.juntadeandalucia.es\/iaap\/gestiondelconocimiento\/wp-json\/wp\/v2\/categories?post=6213"},{"taxonomy":"post_tag","embeddable":true,"href":"https:\/\/ws168.juntadeandalucia.es\/iaap\/gestiondelconocimiento\/wp-json\/wp\/v2\/tags?post=6213"}],"curies":[{"name":"wp","href":"https:\/\/api.w.org\/{rel}","templated":true}]}}