{"id":6863,"date":"2025-04-10T10:26:21","date_gmt":"2025-04-10T09:26:21","guid":{"rendered":"https:\/\/ws168.juntadeandalucia.es\/iaap\/gestiondelconocimiento\/?p=6863"},"modified":"2025-04-10T11:26:31","modified_gmt":"2025-04-10T10:26:31","slug":"la-revista-enred2-0-cumple-su-vigesima-edicion","status":"publish","type":"post","link":"https:\/\/ws168.juntadeandalucia.es\/iaap\/gestiondelconocimiento\/la-revista-enred2-0-cumple-su-vigesima-edicion\/","title":{"rendered":"La revista Enred@2.0 cumple su vig\u00e9sima edici\u00f3n"},"content":{"rendered":"\t\t<div data-elementor-type=\"wp-post\" data-elementor-id=\"6863\" class=\"elementor elementor-6863\">\n\t\t\t\t\t\t<section class=\"elementor-section elementor-top-section elementor-element elementor-element-bb87796 elementor-section-boxed elementor-section-height-default elementor-section-height-default\" data-id=\"bb87796\" data-element_type=\"section\" data-e-type=\"section\">\n\t\t\t\t\t\t<div class=\"elementor-container elementor-column-gap-default\">\n\t\t\t\t\t<div class=\"elementor-column elementor-col-100 elementor-top-column elementor-element elementor-element-acc1ca1\" data-id=\"acc1ca1\" data-element_type=\"column\" data-e-type=\"column\">\n\t\t\t<div class=\"elementor-widget-wrap elementor-element-populated\">\n\t\t\t\t\t\t<div class=\"elementor-element elementor-element-484715f elementor-widget elementor-widget-text-editor\" data-id=\"484715f\" data-element_type=\"widget\" data-e-type=\"widget\" data-widget_type=\"text-editor.default\">\n\t\t\t\t<div class=\"elementor-widget-container\">\n\t\t\t\t\t\t\t\t\t<p lang=\"es-ES\" style=\"text-align: justify\" align=\"justify\"><span style=\"font-family: georgia, palatino, serif;font-size: 12pt\">Se acab\u00f3 la espera. Ya se ha publicado la nueva entrega de <a href=\"https:\/\/ws168.juntadeandalucia.es\/iaap\/revista\/\" target=\"_blank\" rel=\"noopener\">Enred@2.0<\/a>., con un n\u00famero sin duda especial: la revista \u2014que desde 2017 se ha convertido en un punto de encuentro para todo el personal de la Junta de Andaluc\u00eda, con art\u00edculos hechos por y para el personal de la administraci\u00f3n andaluza\u2014 cumple su vig\u00e9sima edici\u00f3n. Los integrantes del consejo editorial de la publicaci\u00f3n <b>(<\/b>Pedro Blanco Wasmer, Reyes Boralla Jaramillo, Elvira Culpi\u00e1n Garc\u00eda, Francisco Javier Dom\u00ednguez Murillo, Jes\u00fas Enrique Mart\u00edn Mart\u00edn, Javier Ignacio Neila Toledo y Rosa Mar\u00eda P\u00e9rez Barajas) se lo han currado para sacar un n\u00famero de lo m\u00e1s completo.<\/span><\/p>\t\t\t\t\t\t\t\t<\/div>\n\t\t\t\t<\/div>\n\t\t\t\t\t<\/div>\n\t\t<\/div>\n\t\t\t\t\t<\/div>\n\t\t<\/section>\n\t\t\t\t<section class=\"elementor-section elementor-top-section elementor-element elementor-element-c55241b elementor-section-boxed elementor-section-height-default elementor-section-height-default\" data-id=\"c55241b\" data-element_type=\"section\" data-e-type=\"section\">\n\t\t\t\t\t\t<div class=\"elementor-container elementor-column-gap-default\">\n\t\t\t\t\t<div class=\"elementor-column elementor-col-100 elementor-top-column elementor-element elementor-element-1583f87\" data-id=\"1583f87\" data-element_type=\"column\" data-e-type=\"column\">\n\t\t\t<div class=\"elementor-widget-wrap elementor-element-populated\">\n\t\t\t\t\t\t<div class=\"elementor-element elementor-element-cbf68e3 elementor-widget elementor-widget-image\" data-id=\"cbf68e3\" data-element_type=\"widget\" data-e-type=\"widget\" data-widget_type=\"image.default\">\n\t\t\t\t<div class=\"elementor-widget-container\">\n\t\t\t\t\t\t\t\t\t\t\t\t\t\t\t<img fetchpriority=\"high\" decoding=\"async\" data-attachment-id=\"6869\" data-permalink=\"https:\/\/ws168.juntadeandalucia.es\/iaap\/gestiondelconocimiento\/la-revista-enred2-0-cumple-su-vigesima-edicion\/foto-revista\/\" data-orig-file=\"https:\/\/ws168.juntadeandalucia.es\/iaap\/gestiondelconocimiento\/wp-content\/uploads\/sites\/10\/2025\/04\/Foto-revista.png\" data-orig-size=\"943,749\" data-comments-opened=\"0\" data-image-meta=\"{&quot;aperture&quot;:&quot;0&quot;,&quot;credit&quot;:&quot;&quot;,&quot;camera&quot;:&quot;&quot;,&quot;caption&quot;:&quot;&quot;,&quot;created_timestamp&quot;:&quot;0&quot;,&quot;copyright&quot;:&quot;&quot;,&quot;focal_length&quot;:&quot;0&quot;,&quot;iso&quot;:&quot;0&quot;,&quot;shutter_speed&quot;:&quot;0&quot;,&quot;title&quot;:&quot;&quot;,&quot;orientation&quot;:&quot;0&quot;}\" data-image-title=\"Revista n\u00famero 20\" data-image-description=\"\" data-image-caption=\"\" data-large-file=\"https:\/\/ws168.juntadeandalucia.es\/iaap\/gestiondelconocimiento\/wp-content\/uploads\/sites\/10\/2025\/04\/Foto-revista.png\" width=\"943\" height=\"749\" src=\"https:\/\/ws168.juntadeandalucia.es\/iaap\/gestiondelconocimiento\/wp-content\/uploads\/sites\/10\/2025\/04\/Foto-revista.png\" class=\"attachment-1536x1536 size-1536x1536 wp-image-6869\" alt=\"\" srcset=\"https:\/\/ws168.juntadeandalucia.es\/iaap\/gestiondelconocimiento\/wp-content\/uploads\/sites\/10\/2025\/04\/Foto-revista.png 943w, https:\/\/ws168.juntadeandalucia.es\/iaap\/gestiondelconocimiento\/wp-content\/uploads\/sites\/10\/2025\/04\/Foto-revista-300x238.png 300w, https:\/\/ws168.juntadeandalucia.es\/iaap\/gestiondelconocimiento\/wp-content\/uploads\/sites\/10\/2025\/04\/Foto-revista-768x610.png 768w\" sizes=\"(max-width: 943px) 100vw, 943px\" data-attachment-id=\"6869\" data-permalink=\"https:\/\/ws168.juntadeandalucia.es\/iaap\/gestiondelconocimiento\/la-revista-enred2-0-cumple-su-vigesima-edicion\/foto-revista\/\" data-orig-file=\"https:\/\/ws168.juntadeandalucia.es\/iaap\/gestiondelconocimiento\/wp-content\/uploads\/sites\/10\/2025\/04\/Foto-revista.png\" data-orig-size=\"943,749\" data-comments-opened=\"0\" data-image-meta=\"{&quot;aperture&quot;:&quot;0&quot;,&quot;credit&quot;:&quot;&quot;,&quot;camera&quot;:&quot;&quot;,&quot;caption&quot;:&quot;&quot;,&quot;created_timestamp&quot;:&quot;0&quot;,&quot;copyright&quot;:&quot;&quot;,&quot;focal_length&quot;:&quot;0&quot;,&quot;iso&quot;:&quot;0&quot;,&quot;shutter_speed&quot;:&quot;0&quot;,&quot;title&quot;:&quot;&quot;,&quot;orientation&quot;:&quot;0&quot;}\" data-image-title=\"Revista n\u00famero 20\" data-image-description=\"\" data-image-caption=\"\" data-large-file=\"https:\/\/ws168.juntadeandalucia.es\/iaap\/gestiondelconocimiento\/wp-content\/uploads\/sites\/10\/2025\/04\/Foto-revista.png\" \/>\t\t\t\t\t\t\t\t\t\t\t\t\t\t\t<\/div>\n\t\t\t\t<\/div>\n\t\t\t\t\t<\/div>\n\t\t<\/div>\n\t\t\t\t\t<\/div>\n\t\t<\/section>\n\t\t\t\t<section class=\"elementor-section elementor-top-section elementor-element elementor-element-8c4bc74 elementor-section-boxed elementor-section-height-default elementor-section-height-default\" data-id=\"8c4bc74\" data-element_type=\"section\" data-e-type=\"section\">\n\t\t\t\t\t\t<div class=\"elementor-container elementor-column-gap-default\">\n\t\t\t\t\t<div class=\"elementor-column elementor-col-100 elementor-top-column elementor-element elementor-element-00500c2\" data-id=\"00500c2\" data-element_type=\"column\" data-e-type=\"column\">\n\t\t\t<div class=\"elementor-widget-wrap elementor-element-populated\">\n\t\t\t\t\t\t<div class=\"elementor-element elementor-element-2b912d8 elementor-widget elementor-widget-text-editor\" data-id=\"2b912d8\" data-element_type=\"widget\" data-e-type=\"widget\" data-widget_type=\"text-editor.default\">\n\t\t\t\t<div class=\"elementor-widget-container\">\n\t\t\t\t\t\t\t\t\t<p lang=\"es-ES\" align=\"justify\"><span style=\"font-family: georgia, palatino, serif;font-size: 12pt\">Esta edici\u00f3n supone, adem\u00e1s, la despedida de uno de los colaboradores habituales de la revista, <strong>Jos\u00e9 Francisco Mart\u00ednez Jim\u00e9nez<\/strong>, hasta ahora responsable de ense\u00f1arnos edici\u00f3n tras edici\u00f3n los secretos del LibreOffice en el apartado de \u2018Tecnolog\u00eda pr\u00e1ctica\u2019. En esta ocasi\u00f3n, Pepe nos ense\u00f1a c\u00f3mo crear y asignar una macro a un atajo de teclado en el Calc.<\/span><\/p>\t\t\t\t\t\t\t\t<\/div>\n\t\t\t\t<\/div>\n\t\t\t\t\t<\/div>\n\t\t<\/div>\n\t\t\t\t\t<\/div>\n\t\t<\/section>\n\t\t\t\t<section class=\"elementor-section elementor-top-section elementor-element elementor-element-398e250 elementor-section-boxed elementor-section-height-default elementor-section-height-default\" data-id=\"398e250\" data-element_type=\"section\" data-e-type=\"section\">\n\t\t\t\t\t\t<div class=\"elementor-container elementor-column-gap-default\">\n\t\t\t\t\t<div class=\"elementor-column elementor-col-50 elementor-top-column elementor-element elementor-element-ad7710d\" data-id=\"ad7710d\" data-element_type=\"column\" data-e-type=\"column\">\n\t\t\t<div class=\"elementor-widget-wrap elementor-element-populated\">\n\t\t\t\t\t\t<div class=\"elementor-element elementor-element-59bccea elementor-widget elementor-widget-text-editor\" data-id=\"59bccea\" data-element_type=\"widget\" data-e-type=\"widget\" data-widget_type=\"text-editor.default\">\n\t\t\t\t<div class=\"elementor-widget-container\">\n\t\t\t\t\t\t\t\t\t<p>\u00a0<\/p><p style=\"text-align: justify\">\u00a0<\/p><p style=\"text-align: justify\"><span style=\"font-family: georgia, palatino, serif;font-size: 12pt\">\u00a1Te echaremos de menos, Pepe!<\/span><\/p><p style=\"text-align: justify\"><span style=\"font-family: georgia, palatino, serif;font-size: 12pt\"> \u00a1Muchas gracias por todo lo que nos has ense\u00f1ado!<\/span><\/p>\t\t\t\t\t\t\t\t<\/div>\n\t\t\t\t<\/div>\n\t\t\t\t\t<\/div>\n\t\t<\/div>\n\t\t\t\t<div class=\"elementor-column elementor-col-50 elementor-top-column elementor-element elementor-element-b6f26e1\" data-id=\"b6f26e1\" data-element_type=\"column\" data-e-type=\"column\">\n\t\t\t<div class=\"elementor-widget-wrap elementor-element-populated\">\n\t\t\t\t\t\t<div class=\"elementor-element elementor-element-e5fd03d elementor-widget elementor-widget-image\" data-id=\"e5fd03d\" data-element_type=\"widget\" data-e-type=\"widget\" data-widget_type=\"image.default\">\n\t\t\t\t<div class=\"elementor-widget-container\">\n\t\t\t\t\t\t\t\t\t\t\t\t\t\t\t<img decoding=\"async\" data-attachment-id=\"6870\" data-permalink=\"https:\/\/ws168.juntadeandalucia.es\/iaap\/gestiondelconocimiento\/la-revista-enred2-0-cumple-su-vigesima-edicion\/foto-pepe-libreoffice\/\" data-orig-file=\"https:\/\/ws168.juntadeandalucia.es\/iaap\/gestiondelconocimiento\/wp-content\/uploads\/sites\/10\/2025\/04\/Foto-Pepe-Libreoffice.jpeg\" data-orig-size=\"1491,2364\" data-comments-opened=\"0\" data-image-meta=\"{&quot;aperture&quot;:&quot;2.2&quot;,&quot;credit&quot;:&quot;&quot;,&quot;camera&quot;:&quot;iPhone 12 mini&quot;,&quot;caption&quot;:&quot;&quot;,&quot;created_timestamp&quot;:&quot;1699957766&quot;,&quot;copyright&quot;:&quot;&quot;,&quot;focal_length&quot;:&quot;2.71&quot;,&quot;iso&quot;:&quot;25&quot;,&quot;shutter_speed&quot;:&quot;0.00092592592592593&quot;,&quot;title&quot;:&quot;&quot;,&quot;orientation&quot;:&quot;1&quot;}\" data-image-title=\"Pepe Libreoffice\" data-image-description=\"\" data-image-caption=\"\" data-large-file=\"https:\/\/ws168.juntadeandalucia.es\/iaap\/gestiondelconocimiento\/wp-content\/uploads\/sites\/10\/2025\/04\/Foto-Pepe-Libreoffice-646x1024.jpeg\" width=\"189\" height=\"300\" src=\"https:\/\/ws168.juntadeandalucia.es\/iaap\/gestiondelconocimiento\/wp-content\/uploads\/sites\/10\/2025\/04\/Foto-Pepe-Libreoffice-189x300.jpeg\" class=\"attachment-medium size-medium wp-image-6870\" alt=\"\" srcset=\"https:\/\/ws168.juntadeandalucia.es\/iaap\/gestiondelconocimiento\/wp-content\/uploads\/sites\/10\/2025\/04\/Foto-Pepe-Libreoffice-189x300.jpeg 189w, https:\/\/ws168.juntadeandalucia.es\/iaap\/gestiondelconocimiento\/wp-content\/uploads\/sites\/10\/2025\/04\/Foto-Pepe-Libreoffice-646x1024.jpeg 646w, https:\/\/ws168.juntadeandalucia.es\/iaap\/gestiondelconocimiento\/wp-content\/uploads\/sites\/10\/2025\/04\/Foto-Pepe-Libreoffice-768x1218.jpeg 768w, https:\/\/ws168.juntadeandalucia.es\/iaap\/gestiondelconocimiento\/wp-content\/uploads\/sites\/10\/2025\/04\/Foto-Pepe-Libreoffice-969x1536.jpeg 969w, https:\/\/ws168.juntadeandalucia.es\/iaap\/gestiondelconocimiento\/wp-content\/uploads\/sites\/10\/2025\/04\/Foto-Pepe-Libreoffice-1292x2048.jpeg 1292w, https:\/\/ws168.juntadeandalucia.es\/iaap\/gestiondelconocimiento\/wp-content\/uploads\/sites\/10\/2025\/04\/Foto-Pepe-Libreoffice-1320x2093.jpeg 1320w, https:\/\/ws168.juntadeandalucia.es\/iaap\/gestiondelconocimiento\/wp-content\/uploads\/sites\/10\/2025\/04\/Foto-Pepe-Libreoffice.jpeg 1491w\" sizes=\"(max-width: 189px) 100vw, 189px\" data-attachment-id=\"6870\" data-permalink=\"https:\/\/ws168.juntadeandalucia.es\/iaap\/gestiondelconocimiento\/la-revista-enred2-0-cumple-su-vigesima-edicion\/foto-pepe-libreoffice\/\" data-orig-file=\"https:\/\/ws168.juntadeandalucia.es\/iaap\/gestiondelconocimiento\/wp-content\/uploads\/sites\/10\/2025\/04\/Foto-Pepe-Libreoffice.jpeg\" data-orig-size=\"1491,2364\" data-comments-opened=\"0\" data-image-meta=\"{&quot;aperture&quot;:&quot;2.2&quot;,&quot;credit&quot;:&quot;&quot;,&quot;camera&quot;:&quot;iPhone 12 mini&quot;,&quot;caption&quot;:&quot;&quot;,&quot;created_timestamp&quot;:&quot;1699957766&quot;,&quot;copyright&quot;:&quot;&quot;,&quot;focal_length&quot;:&quot;2.71&quot;,&quot;iso&quot;:&quot;25&quot;,&quot;shutter_speed&quot;:&quot;0.00092592592592593&quot;,&quot;title&quot;:&quot;&quot;,&quot;orientation&quot;:&quot;1&quot;}\" data-image-title=\"Pepe Libreoffice\" data-image-description=\"\" data-image-caption=\"\" data-large-file=\"https:\/\/ws168.juntadeandalucia.es\/iaap\/gestiondelconocimiento\/wp-content\/uploads\/sites\/10\/2025\/04\/Foto-Pepe-Libreoffice-646x1024.jpeg\" \/>\t\t\t\t\t\t\t\t\t\t\t\t\t\t\t<\/div>\n\t\t\t\t<\/div>\n\t\t\t\t\t<\/div>\n\t\t<\/div>\n\t\t\t\t\t<\/div>\n\t\t<\/section>\n\t\t\t\t<section class=\"elementor-section elementor-top-section elementor-element elementor-element-e4886a5 elementor-section-boxed elementor-section-height-default elementor-section-height-default\" data-id=\"e4886a5\" data-element_type=\"section\" data-e-type=\"section\">\n\t\t\t\t\t\t<div class=\"elementor-container elementor-column-gap-default\">\n\t\t\t\t\t<div class=\"elementor-column elementor-col-100 elementor-top-column elementor-element elementor-element-c1228c1\" data-id=\"c1228c1\" data-element_type=\"column\" data-e-type=\"column\">\n\t\t\t<div class=\"elementor-widget-wrap elementor-element-populated\">\n\t\t\t\t\t\t<div class=\"elementor-element elementor-element-09af557 elementor-widget elementor-widget-text-editor\" data-id=\"09af557\" data-element_type=\"widget\" data-e-type=\"widget\" data-widget_type=\"text-editor.default\">\n\t\t\t\t<div class=\"elementor-widget-container\">\n\t\t\t\t\t\t\t\t\t<p lang=\"es-ES\" style=\"text-align: justify\" align=\"justify\"><span style=\"font-family: georgia, palatino, serif;font-size: 12pt\">En la secci\u00f3n de <strong>\u2018Andaluc\u00eda naturalmente\u2019<\/strong>, descubriremos uno de los rincones m\u00e1s especiales de Sierra Morena: el Parque Natural de la Sierra de Carde\u00f1a y Montoro, situado en el noreste de la provincia de C\u00f3rdoba. Est\u00e1 considerado como un refugio de gran biodiversidad, adem\u00e1s de contar con unos paisajes impresionantes y la presencia de setas, entre las que destaca el fais\u00e1n de jara.<\/span><\/p><p lang=\"es-ES\" style=\"text-align: justify\" align=\"justify\"><span style=\"font-family: georgia, palatino, serif;font-size: 12pt\">Es, sin duda, una gran opci\u00f3n para hacer turismo, como tambi\u00e9n lo son los albergues de la red de <a href=\"https:\/\/www.inturjoven.com\/\" target=\"_blank\" rel=\"noopener\">Inturjoven<\/a>. En la revista, podemos informarnos sobre los nuevos paquetes de \u2018Semana de Vacaciones\u2019, una iniciativa que permite disfrutar en los meses de verano de unos d\u00edas de vacaciones en cualquiera de los albergues que integran la red a lo largo de toda la regi\u00f3n andaluza. En el mismo art\u00edculo podemos conocer tambi\u00e9n la oferta de campamentos de verano y de residencias universitarias para nuestros hijos que nos ofrecen los albergues Inturjoven.<\/span><\/p><p lang=\"es-ES\" style=\"text-align: justify\" align=\"justify\"><span style=\"font-family: georgia, palatino, serif;font-size: 12pt\">En la secci\u00f3n de <strong>\u2018Gesti\u00f3n del conocimiento\u2019<\/strong> nos enteraremos de qu\u00e9 se cuece este a\u00f1o en los <a href=\"https:\/\/ws168.juntadeandalucia.es\/iaap\/gestiondelconocimiento\/encuentros-intergeneracionales\" target=\"_blank\" rel=\"noopener\">Encuentros Intergeneracionales de la Junta de Andaluc\u00eda<\/a>, uno de los proyectos m\u00e1s veteranos del programa Embajadores del Conocimiento que este a\u00f1o, como os venimos contando, afronta su octava edici\u00f3n. En esta ocasi\u00f3n, estos encuentros \u2014que persiguen evitar la p\u00e9rdida del capital intelectual de los compa\u00f1eros que se jubilan o trasladan en la Junta\u2014 se centran en un \u00e1rea de tanta importancia en la administraci\u00f3n como es la contrataci\u00f3n.<\/span><\/p><p lang=\"es-ES\" style=\"text-align: justify\" align=\"justify\"><span style=\"font-family: georgia, palatino, serif;font-size: 12pt\">Dentro de la vocaci\u00f3n de servicio que tan presente tiene la revista, en este n\u00famero no se pod\u00eda pasar por alto un tema de preocupante y candente actualidad como es la <strong>salud emocional de los adolescentes<\/strong>. Para ello, nos presentan un proyecto de intervenci\u00f3n que busca mejorar la salud emocional de los j\u00f3venes a trav\u00e9s de un enfoque integral y participativo con actividades grupales y talleres interactivos y din\u00e1micos. \u00bfEl objetivo? Que nuestros adolescentes mejoren sus habilidades de comunicaci\u00f3n, que consigan una mayor autorregulaci\u00f3n emocional o que disminuyan sus comportamientos disruptivos.<\/span><\/p><p lang=\"es-ES\" style=\"text-align: justify\" align=\"justify\"><span style=\"font-family: georgia, palatino, serif;font-size: 12pt\">\u00bfConoces el t\u00e9rmino <i>aserpia<\/i>? Pues si no lo conoces pero te llama la atenci\u00f3n todo lo relacionado con la agricultura, no dejes de leer el art\u00edculo dedicado a esta tradicional pr\u00e1ctica agr\u00edcola. Se trata de una pr\u00e1ctica que se da en la zona del Marco de Jerez, en concreto, en suelos de tierras albarizas, unos suelos con un caracter\u00edstico color blanco y formados hace m\u00e1s de veinticinco millones de a\u00f1os, en el per\u00edodo terciario, a partir de la sedimentaci\u00f3n de las aguas calizas. Son los suelos id\u00f3neos para el cultivo de la vid y la producci\u00f3n de los caracter\u00edsticos vinos de Jerez y su comarca.<\/span><\/p><p lang=\"es-ES\" style=\"text-align: justify\" align=\"justify\"><span style=\"font-family: georgia, palatino, serif;font-size: 12pt\">Todos estos art\u00edculos y muchos m\u00e1s los puedes encontrar en el \u00faltimo n\u00famero de <a href=\"https:\/\/ws168.juntadeandalucia.es\/iaap\/revista\/numeros\/no-20-noviembre-2024-marzo-2025\/\" target=\"_blank\" rel=\"noopener\">Enred@2.0<\/a>.\u00a0\u00a1No te la pierdas!<\/span><\/p>\t\t\t\t\t\t\t\t<\/div>\n\t\t\t\t<\/div>\n\t\t\t\t\t<\/div>\n\t\t<\/div>\n\t\t\t\t\t<\/div>\n\t\t<\/section>\n\t\t\t\t<section class=\"elementor-section elementor-top-section elementor-element elementor-element-d21205c elementor-section-boxed elementor-section-height-default elementor-section-height-default\" data-id=\"d21205c\" data-element_type=\"section\" data-e-type=\"section\">\n\t\t\t\t\t\t<div class=\"elementor-container elementor-column-gap-default\">\n\t\t\t\t\t<div class=\"elementor-column elementor-col-100 elementor-top-column elementor-element elementor-element-a8486f5\" data-id=\"a8486f5\" data-element_type=\"column\" data-e-type=\"column\">\n\t\t\t<div class=\"elementor-widget-wrap elementor-element-populated\">\n\t\t\t\t\t\t<div class=\"elementor-element elementor-element-620f58e elementor-widget elementor-widget-image\" data-id=\"620f58e\" data-element_type=\"widget\" data-e-type=\"widget\" data-widget_type=\"image.default\">\n\t\t\t\t<div class=\"elementor-widget-container\">\n\t\t\t\t\t\t\t\t\t\t\t\t\t\t\t<img decoding=\"async\" data-attachment-id=\"6890\" data-permalink=\"https:\/\/ws168.juntadeandalucia.es\/iaap\/gestiondelconocimiento\/la-revista-enred2-0-cumple-su-vigesima-edicion\/equipo-revista-2025\/\" data-orig-file=\"https:\/\/ws168.juntadeandalucia.es\/iaap\/gestiondelconocimiento\/wp-content\/uploads\/sites\/10\/2025\/04\/Equipo-revista-2025.jpeg\" data-orig-size=\"2040,1530\" data-comments-opened=\"0\" data-image-meta=\"{&quot;aperture&quot;:&quot;0&quot;,&quot;credit&quot;:&quot;&quot;,&quot;camera&quot;:&quot;&quot;,&quot;caption&quot;:&quot;&quot;,&quot;created_timestamp&quot;:&quot;0&quot;,&quot;copyright&quot;:&quot;&quot;,&quot;focal_length&quot;:&quot;0&quot;,&quot;iso&quot;:&quot;0&quot;,&quot;shutter_speed&quot;:&quot;0&quot;,&quot;title&quot;:&quot;&quot;,&quot;orientation&quot;:&quot;0&quot;}\" data-image-title=\"Equipo revista 2025\" data-image-description=\"\" data-image-caption=\"\" data-large-file=\"https:\/\/ws168.juntadeandalucia.es\/iaap\/gestiondelconocimiento\/wp-content\/uploads\/sites\/10\/2025\/04\/Equipo-revista-2025-1024x768.jpeg\" width=\"1536\" height=\"1152\" src=\"https:\/\/ws168.juntadeandalucia.es\/iaap\/gestiondelconocimiento\/wp-content\/uploads\/sites\/10\/2025\/04\/Equipo-revista-2025-1536x1152.jpeg\" class=\"attachment-1536x1536 size-1536x1536 wp-image-6890\" alt=\"\" srcset=\"https:\/\/ws168.juntadeandalucia.es\/iaap\/gestiondelconocimiento\/wp-content\/uploads\/sites\/10\/2025\/04\/Equipo-revista-2025-1536x1152.jpeg 1536w, https:\/\/ws168.juntadeandalucia.es\/iaap\/gestiondelconocimiento\/wp-content\/uploads\/sites\/10\/2025\/04\/Equipo-revista-2025-300x225.jpeg 300w, https:\/\/ws168.juntadeandalucia.es\/iaap\/gestiondelconocimiento\/wp-content\/uploads\/sites\/10\/2025\/04\/Equipo-revista-2025-1024x768.jpeg 1024w, https:\/\/ws168.juntadeandalucia.es\/iaap\/gestiondelconocimiento\/wp-content\/uploads\/sites\/10\/2025\/04\/Equipo-revista-2025-768x576.jpeg 768w, https:\/\/ws168.juntadeandalucia.es\/iaap\/gestiondelconocimiento\/wp-content\/uploads\/sites\/10\/2025\/04\/Equipo-revista-2025-136x102.jpeg 136w, https:\/\/ws168.juntadeandalucia.es\/iaap\/gestiondelconocimiento\/wp-content\/uploads\/sites\/10\/2025\/04\/Equipo-revista-2025-1320x990.jpeg 1320w, https:\/\/ws168.juntadeandalucia.es\/iaap\/gestiondelconocimiento\/wp-content\/uploads\/sites\/10\/2025\/04\/Equipo-revista-2025.jpeg 2040w\" sizes=\"(max-width: 1536px) 100vw, 1536px\" data-attachment-id=\"6890\" data-permalink=\"https:\/\/ws168.juntadeandalucia.es\/iaap\/gestiondelconocimiento\/la-revista-enred2-0-cumple-su-vigesima-edicion\/equipo-revista-2025\/\" data-orig-file=\"https:\/\/ws168.juntadeandalucia.es\/iaap\/gestiondelconocimiento\/wp-content\/uploads\/sites\/10\/2025\/04\/Equipo-revista-2025.jpeg\" data-orig-size=\"2040,1530\" data-comments-opened=\"0\" data-image-meta=\"{&quot;aperture&quot;:&quot;0&quot;,&quot;credit&quot;:&quot;&quot;,&quot;camera&quot;:&quot;&quot;,&quot;caption&quot;:&quot;&quot;,&quot;created_timestamp&quot;:&quot;0&quot;,&quot;copyright&quot;:&quot;&quot;,&quot;focal_length&quot;:&quot;0&quot;,&quot;iso&quot;:&quot;0&quot;,&quot;shutter_speed&quot;:&quot;0&quot;,&quot;title&quot;:&quot;&quot;,&quot;orientation&quot;:&quot;0&quot;}\" data-image-title=\"Equipo revista 2025\" data-image-description=\"\" data-image-caption=\"\" data-large-file=\"https:\/\/ws168.juntadeandalucia.es\/iaap\/gestiondelconocimiento\/wp-content\/uploads\/sites\/10\/2025\/04\/Equipo-revista-2025-1024x768.jpeg\" \/>\t\t\t\t\t\t\t\t\t\t\t\t\t\t\t<\/div>\n\t\t\t\t<\/div>\n\t\t\t\t\t<\/div>\n\t\t<\/div>\n\t\t\t\t\t<\/div>\n\t\t<\/section>\n\t\t\t\t<\/div>\n\t\t","protected":false},"excerpt":{"rendered":"<p>Se acab\u00f3 la espera. Ya se ha publicado la nueva entrega de Enred@2.0., con un n\u00famero sin duda especial: la revista \u2014que desde 2017 se ha convertido en un punto de encuentro para todo el personal de la Junta de Andaluc\u00eda, con art\u00edculos hechos por y para el personal de la administraci\u00f3n andaluza\u2014 cumple su [&hellip;]<\/p>\n","protected":false},"author":1,"featured_media":0,"comment_status":"closed","ping_status":"open","sticky":false,"template":"","format":"standard","meta":{"jetpack_post_was_ever_published":false,"_jetpack_newsletter_access":"","_jetpack_dont_email_post_to_subs":false,"_jetpack_newsletter_tier_id":0,"_jetpack_memberships_contains_paywalled_content":false,"_jetpack_memberships_contains_paid_content":false,"footnotes":""},"categories":[64,52],"tags":[],"class_list":["post-6863","post","type-post","status-publish","format-standard","hentry","category-comunicacion","category-gestion-del-conocimiento"],"jetpack_featured_media_url":"","jetpack_sharing_enabled":true,"jetpack_shortlink":"https:\/\/wp.me\/p9W7Se-1MH","jetpack-related-posts":[{"id":2405,"url":"https:\/\/ws168.juntadeandalucia.es\/iaap\/gestiondelconocimiento\/proyecto-creado-para-compartir-colaboracion-360\/","url_meta":{"origin":6863,"position":0},"title":"Revista EnRed@2.0. Colaboraci\u00f3n 360","author":"","date":"27 abril, 2020","format":false,"excerpt":"Un proyecto creado por l@s emplead@s p\u00fablicos, \u00fatil para todas y todos Revista digital, conocimiento puro, una publicaci\u00f3n esencial. La revista digital EnRedad@2.0 es un proyecto para compartir conocimiento. No se trata de una revista creada por y para las personas que trabajan en la Administraci\u00f3n es un proyecto de\u2026","rel":"","context":"En \u00abActualidad\u00bb","block_context":{"text":"Actualidad","link":"https:\/\/ws168.juntadeandalucia.es\/iaap\/gestiondelconocimiento\/category\/actualidad\/"},"img":{"alt_text":"","src":"https:\/\/i0.wp.com\/ws168.juntadeandalucia.es\/iaap\/gestiondelconocimiento\/wp-content\/uploads\/sites\/10\/2020\/04\/Imagen-preferente.jpg?resize=350%2C200&ssl=1","width":350,"height":200,"srcset":"https:\/\/i0.wp.com\/ws168.juntadeandalucia.es\/iaap\/gestiondelconocimiento\/wp-content\/uploads\/sites\/10\/2020\/04\/Imagen-preferente.jpg?resize=350%2C200&ssl=1 1x, https:\/\/i0.wp.com\/ws168.juntadeandalucia.es\/iaap\/gestiondelconocimiento\/wp-content\/uploads\/sites\/10\/2020\/04\/Imagen-preferente.jpg?resize=525%2C300&ssl=1 1.5x, https:\/\/i0.wp.com\/ws168.juntadeandalucia.es\/iaap\/gestiondelconocimiento\/wp-content\/uploads\/sites\/10\/2020\/04\/Imagen-preferente.jpg?resize=700%2C400&ssl=1 2x, https:\/\/i0.wp.com\/ws168.juntadeandalucia.es\/iaap\/gestiondelconocimiento\/wp-content\/uploads\/sites\/10\/2020\/04\/Imagen-preferente.jpg?resize=1050%2C600&ssl=1 3x, https:\/\/i0.wp.com\/ws168.juntadeandalucia.es\/iaap\/gestiondelconocimiento\/wp-content\/uploads\/sites\/10\/2020\/04\/Imagen-preferente.jpg?resize=1400%2C800&ssl=1 4x"},"classes":[]},{"id":5415,"url":"https:\/\/ws168.juntadeandalucia.es\/iaap\/gestiondelconocimiento\/nuevos-aires-en-la-revista-enred2-0\/","url_meta":{"origin":6863,"position":1},"title":"Nuevos aires en la Revista Enred@2.0","author":"","date":"28 noviembre, 2023","format":false,"excerpt":"Uno de los proyectos m\u00e1s emblem\u00e1ticos del programa Embajadores\/as del Conocimiento es la Revista EnRed@2.0.Presente desde la primera edici\u00f3n, all\u00e1 por el 2017, est\u00e1 en constante evaluaci\u00f3n y evoluci\u00f3n, con el objetivo de llegar a ser la mejor herramienta de difusi\u00f3n del conocimiento del personal de la Junta de Andaluc\u00eda.M\u00e1s\u2026","rel":"","context":"En \u00abComunicaci\u00f3n\u00bb","block_context":{"text":"Comunicaci\u00f3n","link":"https:\/\/ws168.juntadeandalucia.es\/iaap\/gestiondelconocimiento\/category\/comunicacion\/"},"img":{"alt_text":"","src":"https:\/\/i0.wp.com\/ws168.juntadeandalucia.es\/iaap\/gestiondelconocimiento\/wp-content\/uploads\/sites\/10\/2023\/11\/05_Grupo-Revista-1-1536x1086.jpg?resize=350%2C200&ssl=1","width":350,"height":200,"srcset":"https:\/\/i0.wp.com\/ws168.juntadeandalucia.es\/iaap\/gestiondelconocimiento\/wp-content\/uploads\/sites\/10\/2023\/11\/05_Grupo-Revista-1-1536x1086.jpg?resize=350%2C200&ssl=1 1x, https:\/\/i0.wp.com\/ws168.juntadeandalucia.es\/iaap\/gestiondelconocimiento\/wp-content\/uploads\/sites\/10\/2023\/11\/05_Grupo-Revista-1-1536x1086.jpg?resize=525%2C300&ssl=1 1.5x"},"classes":[]},{"id":6048,"url":"https:\/\/ws168.juntadeandalucia.es\/iaap\/gestiondelconocimiento\/primer-concurso-de-fotografia-de-la-revista-enred2-0\/","url_meta":{"origin":6863,"position":2},"title":"Primer Concurso de Fotograf\u00eda de la Revista EnRed@2.0","author":"administrador","date":"20 mayo, 2024","format":false,"excerpt":"Seguramente has pensado en alguna ocasi\u00f3n \u201csi la gente viese lo que tenemos aqu\u00ed liado, \u00a1entender\u00edan y valorar\u00edan nuestro trabajo!\u201d.\u00a0Pues la Revista EnRed@2.0 \u00a0nos da esa oportunidad con su Primer concurso de Fotograf\u00eda sobre la Administraci\u00f3n P\u00fablica de la Junta de Andaluc\u00eda.En el reci\u00e9n publicado n\u00famero 17 podemos consultar las\u2026","rel":"","context":"En \u00abActualidad\u00bb","block_context":{"text":"Actualidad","link":"https:\/\/ws168.juntadeandalucia.es\/iaap\/gestiondelconocimiento\/category\/actualidad\/"},"img":{"alt_text":"","src":"https:\/\/i0.wp.com\/ws168.juntadeandalucia.es\/iaap\/gestiondelconocimiento\/wp-content\/uploads\/sites\/10\/2024\/05\/Ficha-equipo-Revista-2024-1536x1086.jpg?resize=350%2C200&ssl=1","width":350,"height":200,"srcset":"https:\/\/i0.wp.com\/ws168.juntadeandalucia.es\/iaap\/gestiondelconocimiento\/wp-content\/uploads\/sites\/10\/2024\/05\/Ficha-equipo-Revista-2024-1536x1086.jpg?resize=350%2C200&ssl=1 1x, https:\/\/i0.wp.com\/ws168.juntadeandalucia.es\/iaap\/gestiondelconocimiento\/wp-content\/uploads\/sites\/10\/2024\/05\/Ficha-equipo-Revista-2024-1536x1086.jpg?resize=525%2C300&ssl=1 1.5x"},"classes":[]},{"id":6620,"url":"https:\/\/ws168.juntadeandalucia.es\/iaap\/gestiondelconocimiento\/comienza-la-viii-edicion-del-programa-embajadores-y-embajadoras-del-conocimiento\/","url_meta":{"origin":6863,"position":3},"title":"Comienza la VIII edici\u00f3n del Programa Embajadores y Embajadoras del Conocimiento","author":"administrador","date":"31 enero, 2025","format":false,"excerpt":"Con la llegada de enero, llega una nueva edici\u00f3n del Programa Embajadores y Embajadoras del Conocimiento del Instituto Andaluz de Administraci\u00f3n P\u00fablica.En esta octava edici\u00f3n los proyectos a realizar son:Enred@2.0: revista digital por y para emplead@s de la Junta de Andaluc\u00edaElaboraci\u00f3n de mapas de Conocimiento Cr\u00edtico de unidades administrativas en\u2026","rel":"","context":"En \u00abActualidad\u00bb","block_context":{"text":"Actualidad","link":"https:\/\/ws168.juntadeandalucia.es\/iaap\/gestiondelconocimiento\/category\/actualidad\/"},"img":{"alt_text":"Revista Enred@2.0","src":"https:\/\/i0.wp.com\/ws168.juntadeandalucia.es\/iaap\/gestiondelconocimiento\/wp-content\/uploads\/sites\/10\/2025\/01\/Revista-Enred%402.0-1536x768.jpg?resize=350%2C200&ssl=1","width":350,"height":200,"srcset":"https:\/\/i0.wp.com\/ws168.juntadeandalucia.es\/iaap\/gestiondelconocimiento\/wp-content\/uploads\/sites\/10\/2025\/01\/Revista-Enred%402.0-1536x768.jpg?resize=350%2C200&ssl=1 1x, https:\/\/i0.wp.com\/ws168.juntadeandalucia.es\/iaap\/gestiondelconocimiento\/wp-content\/uploads\/sites\/10\/2025\/01\/Revista-Enred%402.0-1536x768.jpg?resize=525%2C300&ssl=1 1.5x, https:\/\/i0.wp.com\/ws168.juntadeandalucia.es\/iaap\/gestiondelconocimiento\/wp-content\/uploads\/sites\/10\/2025\/01\/Revista-Enred%402.0-1536x768.jpg?resize=700%2C400&ssl=1 2x, https:\/\/i0.wp.com\/ws168.juntadeandalucia.es\/iaap\/gestiondelconocimiento\/wp-content\/uploads\/sites\/10\/2025\/01\/Revista-Enred%402.0-1536x768.jpg?resize=1050%2C600&ssl=1 3x, https:\/\/i0.wp.com\/ws168.juntadeandalucia.es\/iaap\/gestiondelconocimiento\/wp-content\/uploads\/sites\/10\/2025\/01\/Revista-Enred%402.0-1536x768.jpg?resize=1400%2C800&ssl=1 4x"},"classes":[]},{"id":6015,"url":"https:\/\/ws168.juntadeandalucia.es\/iaap\/gestiondelconocimiento\/llamamiento-al-personal-encargado-de-la-gestion-de-subvenciones-en-la-junta-de-andalucia\/","url_meta":{"origin":6863,"position":4},"title":"Llamamiento al personal encargado de la gesti\u00f3n de Subvenciones en la Junta de Andaluc\u00eda","author":"administrador","date":"13 mayo, 2024","format":false,"excerpt":"El pr\u00f3ximo 18 de junio de 2024 se celebrar\u00e1 en el aulario del Instituto Andaluz de Administraci\u00f3n P\u00fablica un Encuentro entre el personal de la Junta de Andaluc\u00eda especializado en la gesti\u00f3n de subvenciones, con el fin de compartir experiencias entre\u00a0 seniors y juniors en este \u00e1mbito.Dicho encuentro es el\u2026","rel":"","context":"En \u00abActualidad\u00bb","block_context":{"text":"Actualidad","link":"https:\/\/ws168.juntadeandalucia.es\/iaap\/gestiondelconocimiento\/category\/actualidad\/"},"img":{"alt_text":"","src":"https:\/\/i0.wp.com\/ws168.juntadeandalucia.es\/iaap\/gestiondelconocimiento\/wp-content\/uploads\/sites\/10\/2024\/05\/Ficha-equipo-Subvenciones-1536x1086.jpg?resize=350%2C200&ssl=1","width":350,"height":200,"srcset":"https:\/\/i0.wp.com\/ws168.juntadeandalucia.es\/iaap\/gestiondelconocimiento\/wp-content\/uploads\/sites\/10\/2024\/05\/Ficha-equipo-Subvenciones-1536x1086.jpg?resize=350%2C200&ssl=1 1x, https:\/\/i0.wp.com\/ws168.juntadeandalucia.es\/iaap\/gestiondelconocimiento\/wp-content\/uploads\/sites\/10\/2024\/05\/Ficha-equipo-Subvenciones-1536x1086.jpg?resize=525%2C300&ssl=1 1.5x"},"classes":[]},{"id":1342,"url":"https:\/\/ws168.juntadeandalucia.es\/iaap\/gestiondelconocimiento\/ii-jornada-gestion-del-conocimiento-oportunidades-para-transformar-la-junta-de-andalucia\/","url_meta":{"origin":6863,"position":5},"title":"II Jornada Gesti\u00f3n del Conocimiento. Oportunidades para transformar la Junta de Andaluc\u00eda.","author":"","date":"22 septiembre, 2019","format":false,"excerpt":"El 24 de septiembre de 2019, se celebr\u00f3 en el Aulario de la Isla de la Cartuja del IAAP (Sevilla) la\u00a0II Jornada Gesti\u00f3n del Conocimiento. Oportunidades para transformar la Junta de Andaluc\u00eda. En ella habl\u00f3 de c\u00f3mo se ha desarrollado la segunda edici\u00f3n del programa de Embajadores y Embajadoras del\u2026","rel":"","context":"En \u00abActualidad\u00bb","block_context":{"text":"Actualidad","link":"https:\/\/ws168.juntadeandalucia.es\/iaap\/gestiondelconocimiento\/category\/actualidad\/"},"img":{"alt_text":"","src":"https:\/\/i0.wp.com\/ws168.juntadeandalucia.es\/iaap\/gestiondelconocimiento\/wp-content\/uploads\/sites\/10\/2019\/09\/imagen_noticia_web_IAAP.png?resize=350%2C200&ssl=1","width":350,"height":200,"srcset":"https:\/\/i0.wp.com\/ws168.juntadeandalucia.es\/iaap\/gestiondelconocimiento\/wp-content\/uploads\/sites\/10\/2019\/09\/imagen_noticia_web_IAAP.png?resize=350%2C200&ssl=1 1x, https:\/\/i0.wp.com\/ws168.juntadeandalucia.es\/iaap\/gestiondelconocimiento\/wp-content\/uploads\/sites\/10\/2019\/09\/imagen_noticia_web_IAAP.png?resize=525%2C300&ssl=1 1.5x, https:\/\/i0.wp.com\/ws168.juntadeandalucia.es\/iaap\/gestiondelconocimiento\/wp-content\/uploads\/sites\/10\/2019\/09\/imagen_noticia_web_IAAP.png?resize=700%2C400&ssl=1 2x"},"classes":[]}],"jetpack_likes_enabled":true,"_links":{"self":[{"href":"https:\/\/ws168.juntadeandalucia.es\/iaap\/gestiondelconocimiento\/wp-json\/wp\/v2\/posts\/6863","targetHints":{"allow":["GET"]}}],"collection":[{"href":"https:\/\/ws168.juntadeandalucia.es\/iaap\/gestiondelconocimiento\/wp-json\/wp\/v2\/posts"}],"about":[{"href":"https:\/\/ws168.juntadeandalucia.es\/iaap\/gestiondelconocimiento\/wp-json\/wp\/v2\/types\/post"}],"author":[{"embeddable":true,"href":"https:\/\/ws168.juntadeandalucia.es\/iaap\/gestiondelconocimiento\/wp-json\/wp\/v2\/users\/1"}],"replies":[{"embeddable":true,"href":"https:\/\/ws168.juntadeandalucia.es\/iaap\/gestiondelconocimiento\/wp-json\/wp\/v2\/comments?post=6863"}],"version-history":[{"count":28,"href":"https:\/\/ws168.juntadeandalucia.es\/iaap\/gestiondelconocimiento\/wp-json\/wp\/v2\/posts\/6863\/revisions"}],"predecessor-version":[{"id":6896,"href":"https:\/\/ws168.juntadeandalucia.es\/iaap\/gestiondelconocimiento\/wp-json\/wp\/v2\/posts\/6863\/revisions\/6896"}],"wp:attachment":[{"href":"https:\/\/ws168.juntadeandalucia.es\/iaap\/gestiondelconocimiento\/wp-json\/wp\/v2\/media?parent=6863"}],"wp:term":[{"taxonomy":"category","embeddable":true,"href":"https:\/\/ws168.juntadeandalucia.es\/iaap\/gestiondelconocimiento\/wp-json\/wp\/v2\/categories?post=6863"},{"taxonomy":"post_tag","embeddable":true,"href":"https:\/\/ws168.juntadeandalucia.es\/iaap\/gestiondelconocimiento\/wp-json\/wp\/v2\/tags?post=6863"}],"curies":[{"name":"wp","href":"https:\/\/api.w.org\/{rel}","templated":true}]}}