{"id":7004,"date":"2025-06-12T13:12:11","date_gmt":"2025-06-12T12:12:11","guid":{"rendered":"https:\/\/ws168.juntadeandalucia.es\/iaap\/gestiondelconocimiento\/?p=7004"},"modified":"2025-06-12T20:02:37","modified_gmt":"2025-06-12T19:02:37","slug":"seguimos-avanzando-taller-de-metricas-del-programa-embajadores-as-del-conocimiento-2025","status":"publish","type":"post","link":"https:\/\/ws168.juntadeandalucia.es\/iaap\/gestiondelconocimiento\/seguimos-avanzando-taller-de-metricas-del-programa-embajadores-as-del-conocimiento-2025\/","title":{"rendered":"Seguimos avanzando: Taller de M\u00e9tricas del Programa Embajadores\/as del Conocimiento 2025"},"content":{"rendered":"\t\t<div data-elementor-type=\"wp-post\" data-elementor-id=\"7004\" class=\"elementor elementor-7004\">\n\t\t\t\t\t\t<section class=\"elementor-section elementor-top-section elementor-element elementor-element-5a6f733 elementor-section-boxed elementor-section-height-default elementor-section-height-default\" data-id=\"5a6f733\" data-element_type=\"section\" data-e-type=\"section\">\n\t\t\t\t\t\t<div class=\"elementor-container elementor-column-gap-default\">\n\t\t\t\t\t<div class=\"elementor-column elementor-col-100 elementor-top-column elementor-element elementor-element-7afb4f1\" data-id=\"7afb4f1\" data-element_type=\"column\" data-e-type=\"column\">\n\t\t\t<div class=\"elementor-widget-wrap elementor-element-populated\">\n\t\t\t\t\t\t<div class=\"elementor-element elementor-element-7a48f1d elementor-widget elementor-widget-text-editor\" data-id=\"7a48f1d\" data-element_type=\"widget\" data-e-type=\"widget\" data-widget_type=\"text-editor.default\">\n\t\t\t\t<div class=\"elementor-widget-container\">\n\t\t\t\t\t\t\t\t\t<p style=\"text-align: justify\" align=\"justify\"><span style=\"font-family: georgia, palatino, serif;font-size: 12pt\"><span lang=\"es-ES\">Contin\u00faa el arduo trabajo para los equipos de los seis proyectos que este a\u00f1o conforman el <strong>Programa de Embajadores\/as del Conocimiento<\/strong>. El pasado lunes 26 de mayo se celebr\u00f3 en Torremolinos (M\u00e1laga) el llamado <strong>Taller de M\u00e9tricas de Gesti\u00f3n del Conocimiento<\/strong>, cuyo objetivo es, adem\u00e1s de conocer los avances de los proyectos y reactivarlos, computar y evaluar resultados del <\/span><span lang=\"es-ES\">p<\/span><span lang=\"es-ES\">rograma para incorporar mejoras.<\/span><\/span><\/p>\t\t\t\t\t\t\t\t<\/div>\n\t\t\t\t<\/div>\n\t\t\t\t\t<\/div>\n\t\t<\/div>\n\t\t\t\t\t<\/div>\n\t\t<\/section>\n\t\t\t\t<section class=\"elementor-section elementor-top-section elementor-element elementor-element-f36322c elementor-section-boxed elementor-section-height-default elementor-section-height-default\" data-id=\"f36322c\" data-element_type=\"section\" data-e-type=\"section\">\n\t\t\t\t\t\t<div class=\"elementor-container elementor-column-gap-default\">\n\t\t\t\t\t<div class=\"elementor-column elementor-col-100 elementor-top-column elementor-element elementor-element-7ad2ca9\" data-id=\"7ad2ca9\" data-element_type=\"column\" data-e-type=\"column\">\n\t\t\t<div class=\"elementor-widget-wrap elementor-element-populated\">\n\t\t\t\t\t\t<div class=\"elementor-element elementor-element-0c823cb elementor-widget elementor-widget-video\" data-id=\"0c823cb\" data-element_type=\"widget\" data-e-type=\"widget\" data-settings=\"{&quot;video_type&quot;:&quot;hosted&quot;,&quot;controls&quot;:&quot;yes&quot;}\" data-widget_type=\"video.default\">\n\t\t\t\t<div class=\"elementor-widget-container\">\n\t\t\t\t\t\t\t<div class=\"e-hosted-video elementor-wrapper elementor-open-inline\">\n\t\t\t\t\t<video class=\"elementor-video\" src=\"https:\/\/ws168.juntadeandalucia.es\/iaap\/gestiondelconocimiento\/wp-content\/uploads\/sites\/10\/2025\/06\/Embajadores-del-Conocimiento-2025-Taller-Metricas.mp4\" controls=\"\" preload=\"metadata\" controlsList=\"nodownload\"><\/video>\n\t\t\t\t<\/div>\n\t\t\t\t\t\t<\/div>\n\t\t\t\t<\/div>\n\t\t\t\t<div class=\"elementor-element elementor-element-fc4ea35 elementor-widget elementor-widget-text-editor\" data-id=\"fc4ea35\" data-element_type=\"widget\" data-e-type=\"widget\" data-widget_type=\"text-editor.default\">\n\t\t\t\t<div class=\"elementor-widget-container\">\n\t\t\t\t\t\t\t\t\t<p style=\"text-align: justify\"><span style=\"font-family: georgia, palatino, serif;font-size: 12pt\"><span lang=\"es-ES\">Los participantes contaron con la presencia del director del <strong>Instituto Andaluz de Administraci\u00f3n P\u00fablica (IAAP)<\/strong>, Jos\u00e9 Loaiza Garc\u00eda, quien agradeci\u00f3 la labor que est\u00e1n realizando todos los\/as embajadores\/as de 2025, y les anim\u00f3 a no perder el entusiasmo en los proyectos.<\/span><\/span><\/p>\n<p style=\"text-align: justify\"><span style=\"color: #7a7a7a;font-family: georgia, palatino, serif;font-size: 12pt;text-align: justify;background-color: #ffffff\">Inmaculada Molina Ruiz, integrante del grupo de Comunicaci\u00f3n y Difusi\u00f3n que se encarga de este blog, fue otra de las protagonistas de la jornada. Bajo el t\u00edtulo de \u201cP\u00edldora de Comunicaci\u00f3n\u201d, nuestra compa\u00f1era nos ense\u00f1\u00f3 claves y consejos muy pr\u00e1cticos para hacer presentaciones en p\u00fablico, por ejemplo, a la hora de mostrar los proyectos de Embajadores.<\/span><\/p>\t\t\t\t\t\t\t\t<\/div>\n\t\t\t\t<\/div>\n\t\t\t\t\t<\/div>\n\t\t<\/div>\n\t\t\t\t\t<\/div>\n\t\t<\/section>\n\t\t\t\t<section class=\"elementor-section elementor-top-section elementor-element elementor-element-41a2a66 elementor-section-boxed elementor-section-height-default elementor-section-height-default\" data-id=\"41a2a66\" data-element_type=\"section\" data-e-type=\"section\">\n\t\t\t\t\t\t<div class=\"elementor-container elementor-column-gap-default\">\n\t\t\t\t\t<div class=\"elementor-column elementor-col-100 elementor-top-column elementor-element elementor-element-d1238e0\" data-id=\"d1238e0\" data-element_type=\"column\" data-e-type=\"column\">\n\t\t\t<div class=\"elementor-widget-wrap elementor-element-populated\">\n\t\t\t\t\t\t<div class=\"elementor-element elementor-element-54a56bf elementor-widget elementor-widget-text-editor\" data-id=\"54a56bf\" data-element_type=\"widget\" data-e-type=\"widget\" data-widget_type=\"text-editor.default\">\n\t\t\t\t<div class=\"elementor-widget-container\">\n\t\t\t\t\t\t\t\t\t<p align=\"justify\"><span style=\"font-family: georgia, palatino, serif;font-size: 12pt\"><span lang=\"es-ES\">Hay proyectos que ya encaran la recta final del programa con importantes avances, como es el caso del grupo de <strong>Mapas de Conocimiento Cr\u00edtico<\/strong>. <\/span><span lang=\"es-ES\">E<\/span><span lang=\"es-ES\">l equipo mostr\u00f3 algunas estad\u00edsticas referentes a los mapas de conocimiento de este a\u00f1o que se pretenden ampliar a las ediciones anteriores. Adem\u00e1s, presentaron una gu\u00eda breve que quieren enviar por correo a <\/span><span lang=\"es-ES\">todo el personal <\/span><span lang=\"es-ES\">de la administraci\u00f3n andaluza para animarlos a realizar un mapa de su propio puesto de manera aut\u00f3noma. \u00a1Esperemos contar con una alta participaci\u00f3n!<\/span><\/span><\/p>\t\t\t\t\t\t\t\t<\/div>\n\t\t\t\t<\/div>\n\t\t\t\t\t<\/div>\n\t\t<\/div>\n\t\t\t\t\t<\/div>\n\t\t<\/section>\n\t\t\t\t<section class=\"elementor-section elementor-top-section elementor-element elementor-element-000736f elementor-section-boxed elementor-section-height-default elementor-section-height-default\" data-id=\"000736f\" data-element_type=\"section\" data-e-type=\"section\">\n\t\t\t\t\t\t<div class=\"elementor-container elementor-column-gap-default\">\n\t\t\t\t\t<div class=\"elementor-column elementor-col-100 elementor-top-column elementor-element elementor-element-8aff514\" data-id=\"8aff514\" data-element_type=\"column\" data-e-type=\"column\">\n\t\t\t<div class=\"elementor-widget-wrap elementor-element-populated\">\n\t\t\t\t\t\t<div class=\"elementor-element elementor-element-8d766fb elementor-widget elementor-widget-text-editor\" data-id=\"8d766fb\" data-element_type=\"widget\" data-e-type=\"widget\" data-widget_type=\"text-editor.default\">\n\t\t\t\t<div class=\"elementor-widget-container\">\n\t\t\t\t\t\t\t\t\t<p align=\"justify\"><span style=\"font-family: georgia, palatino, serif;font-size: 12pt\"><span lang=\"es-ES\">El equipo del proyecto <\/span><span lang=\"es-ES\"><strong>Encuentros Intergeneracionales<\/strong> destac\u00f3 <\/span><span lang=\"es-ES\">la alta participaci\u00f3n <\/span><span lang=\"es-ES\">de <\/span><span lang=\"es-ES\">personas que trabajan en el \u00e1rea de contrataci\u00f3n p\u00fablica, as\u00ed como <\/span><span lang=\"es-ES\">la importancia del trabajo <\/span><span lang=\"es-ES\">colaborativo <\/span><span lang=\"es-ES\">para conseguir su objetivo: <\/span><span lang=\"es-ES\">celebrar un encuentro de transferencia de conocimiento <\/span><span lang=\"es-ES\">entre <\/span><span lang=\"es-ES\">personas s<\/span><span lang=\"es-ES\">\u00e9<\/span><span lang=\"es-ES\">niors y juniors y realizar <\/span><span lang=\"es-ES\">entregables (Gu\u00edas, Infograf\u00eda, Dec\u00e1logos, etc.) que recojan el conocimiento a transferir.<\/span><\/span><\/p>\n<p lang=\"es-ES\" align=\"justify\"><span style=\"font-family: georgia, palatino, serif;font-size: 12pt\">A su vez, el equipo de <strong>Croquetas de Conocimiento<\/strong> hizo un repaso por las p\u00edldoras informativas que est\u00e1n preparando, que versar\u00e1n sobre temas de inter\u00e9s general tanto para el personal empleado p\u00fablico como para la ciudadan\u00eda. Adem\u00e1s, nos adelantaron que est\u00e1n estudiando c\u00f3mo aplicar la Inteligencia Artificial (IA) en la elaboraci\u00f3n de varias croquetas.<\/span><\/p>\n<p align=\"justify\"><span style=\"font-family: georgia, palatino, serif;font-size: 12pt\"><span lang=\"es-ES\">E<\/span><span lang=\"es-ES\">l equipo que compone el consejo editorial de la <strong><a href=\"https:\/\/ws168.juntadeandalucia.es\/iaap\/revista\/\" target=\"_blank\" rel=\"noopener\">revista Enred@2.0<\/a><\/strong> \u2014que ofrece informaci\u00f3n por y para los empleados de la Junta\u2014 mostraron a todos los presentes <\/span><span lang=\"es-ES\">los contenidos del <\/span><span lang=\"es-ES\">n\u00famero 20, publicada el pasado mes de marzo. Asimismo, adelantaron el estado actual de los art\u00edculos que dar\u00e1n forma al pr\u00f3ximo n\u00famero, un especial dedicado a la IA que se publicar\u00e1 en breve.<\/span><\/span><\/p>\t\t\t\t\t\t\t\t<\/div>\n\t\t\t\t<\/div>\n\t\t\t\t\t<\/div>\n\t\t<\/div>\n\t\t\t\t\t<\/div>\n\t\t<\/section>\n\t\t\t\t<section class=\"elementor-section elementor-top-section elementor-element elementor-element-f0dc190 elementor-section-boxed elementor-section-height-default elementor-section-height-default\" data-id=\"f0dc190\" data-element_type=\"section\" data-e-type=\"section\">\n\t\t\t\t\t\t<div class=\"elementor-container elementor-column-gap-default\">\n\t\t\t\t\t<div class=\"elementor-column elementor-col-100 elementor-top-column elementor-element elementor-element-2fad237\" data-id=\"2fad237\" data-element_type=\"column\" data-e-type=\"column\">\n\t\t\t<div class=\"elementor-widget-wrap elementor-element-populated\">\n\t\t\t\t\t\t<div class=\"elementor-element elementor-element-57a4c35 elementor-widget elementor-widget-image\" data-id=\"57a4c35\" data-element_type=\"widget\" data-e-type=\"widget\" data-widget_type=\"image.default\">\n\t\t\t\t<div class=\"elementor-widget-container\">\n\t\t\t\t\t\t\t\t\t\t\t\t\t\t\t<img fetchpriority=\"high\" decoding=\"async\" data-attachment-id=\"7015\" data-permalink=\"https:\/\/ws168.juntadeandalucia.es\/iaap\/gestiondelconocimiento\/seguimos-avanzando-taller-de-metricas-del-programa-embajadores-as-del-conocimiento-2025\/embajadores-del-conocimiento-2025-taller-metricas\/\" data-orig-file=\"https:\/\/ws168.juntadeandalucia.es\/iaap\/gestiondelconocimiento\/wp-content\/uploads\/sites\/10\/2025\/06\/Embajadores-del-Conocimiento-2025-Taller-Metricas.jpg\" data-orig-size=\"1481,1243\" data-comments-opened=\"0\" data-image-meta=\"{&quot;aperture&quot;:&quot;0&quot;,&quot;credit&quot;:&quot;&quot;,&quot;camera&quot;:&quot;&quot;,&quot;caption&quot;:&quot;&quot;,&quot;created_timestamp&quot;:&quot;0&quot;,&quot;copyright&quot;:&quot;&quot;,&quot;focal_length&quot;:&quot;0&quot;,&quot;iso&quot;:&quot;0&quot;,&quot;shutter_speed&quot;:&quot;0&quot;,&quot;title&quot;:&quot;&quot;,&quot;orientation&quot;:&quot;1&quot;}\" data-image-title=\"Embajadores del Conocimiento 2025 Taller M\u00e9tricas\" data-image-description=\"\" data-image-caption=\"\" data-large-file=\"https:\/\/ws168.juntadeandalucia.es\/iaap\/gestiondelconocimiento\/wp-content\/uploads\/sites\/10\/2025\/06\/Embajadores-del-Conocimiento-2025-Taller-Metricas-1024x859.jpg\" width=\"1481\" height=\"1243\" src=\"https:\/\/ws168.juntadeandalucia.es\/iaap\/gestiondelconocimiento\/wp-content\/uploads\/sites\/10\/2025\/06\/Embajadores-del-Conocimiento-2025-Taller-Metricas.jpg\" class=\"attachment-1536x1536 size-1536x1536 wp-image-7015\" alt=\"\" srcset=\"https:\/\/ws168.juntadeandalucia.es\/iaap\/gestiondelconocimiento\/wp-content\/uploads\/sites\/10\/2025\/06\/Embajadores-del-Conocimiento-2025-Taller-Metricas.jpg 1481w, https:\/\/ws168.juntadeandalucia.es\/iaap\/gestiondelconocimiento\/wp-content\/uploads\/sites\/10\/2025\/06\/Embajadores-del-Conocimiento-2025-Taller-Metricas-300x252.jpg 300w, https:\/\/ws168.juntadeandalucia.es\/iaap\/gestiondelconocimiento\/wp-content\/uploads\/sites\/10\/2025\/06\/Embajadores-del-Conocimiento-2025-Taller-Metricas-1024x859.jpg 1024w, https:\/\/ws168.juntadeandalucia.es\/iaap\/gestiondelconocimiento\/wp-content\/uploads\/sites\/10\/2025\/06\/Embajadores-del-Conocimiento-2025-Taller-Metricas-768x645.jpg 768w, https:\/\/ws168.juntadeandalucia.es\/iaap\/gestiondelconocimiento\/wp-content\/uploads\/sites\/10\/2025\/06\/Embajadores-del-Conocimiento-2025-Taller-Metricas-1320x1108.jpg 1320w\" sizes=\"(max-width: 1481px) 100vw, 1481px\" data-attachment-id=\"7015\" data-permalink=\"https:\/\/ws168.juntadeandalucia.es\/iaap\/gestiondelconocimiento\/seguimos-avanzando-taller-de-metricas-del-programa-embajadores-as-del-conocimiento-2025\/embajadores-del-conocimiento-2025-taller-metricas\/\" data-orig-file=\"https:\/\/ws168.juntadeandalucia.es\/iaap\/gestiondelconocimiento\/wp-content\/uploads\/sites\/10\/2025\/06\/Embajadores-del-Conocimiento-2025-Taller-Metricas.jpg\" data-orig-size=\"1481,1243\" data-comments-opened=\"0\" data-image-meta=\"{&quot;aperture&quot;:&quot;0&quot;,&quot;credit&quot;:&quot;&quot;,&quot;camera&quot;:&quot;&quot;,&quot;caption&quot;:&quot;&quot;,&quot;created_timestamp&quot;:&quot;0&quot;,&quot;copyright&quot;:&quot;&quot;,&quot;focal_length&quot;:&quot;0&quot;,&quot;iso&quot;:&quot;0&quot;,&quot;shutter_speed&quot;:&quot;0&quot;,&quot;title&quot;:&quot;&quot;,&quot;orientation&quot;:&quot;1&quot;}\" data-image-title=\"Embajadores del Conocimiento 2025 Taller M\u00e9tricas\" data-image-description=\"\" data-image-caption=\"\" data-large-file=\"https:\/\/ws168.juntadeandalucia.es\/iaap\/gestiondelconocimiento\/wp-content\/uploads\/sites\/10\/2025\/06\/Embajadores-del-Conocimiento-2025-Taller-Metricas-1024x859.jpg\" \/>\t\t\t\t\t\t\t\t\t\t\t\t\t\t\t<\/div>\n\t\t\t\t<\/div>\n\t\t\t\t\t<\/div>\n\t\t<\/div>\n\t\t\t\t\t<\/div>\n\t\t<\/section>\n\t\t\t\t<section class=\"elementor-section elementor-top-section elementor-element elementor-element-e7b88b7 elementor-section-boxed elementor-section-height-default elementor-section-height-default\" data-id=\"e7b88b7\" data-element_type=\"section\" data-e-type=\"section\">\n\t\t\t\t\t\t<div class=\"elementor-container elementor-column-gap-default\">\n\t\t\t\t\t<div class=\"elementor-column elementor-col-100 elementor-top-column elementor-element elementor-element-cdf43ff\" data-id=\"cdf43ff\" data-element_type=\"column\" data-e-type=\"column\">\n\t\t\t<div class=\"elementor-widget-wrap elementor-element-populated\">\n\t\t\t\t\t\t<div class=\"elementor-element elementor-element-ebdb625 elementor-widget elementor-widget-text-editor\" data-id=\"ebdb625\" data-element_type=\"widget\" data-e-type=\"widget\" data-widget_type=\"text-editor.default\">\n\t\t\t\t<div class=\"elementor-widget-container\">\n\t\t\t\t\t\t\t\t\t<p align=\"justify\"><span style=\"font-family: georgia, palatino, serif;font-size: 12pt\"><span lang=\"es-ES\">Y de la IA seguimos hablando porque es la herramienta principal de la que se vale el equipo del proyecto denominado <strong>Transfer-IA<\/strong> de este a\u00f1o, cuyo objetivo es la aplicaci\u00f3n de <\/span><span lang=\"es-ES\">esta tecnolog\u00eda <\/span><span lang=\"es-ES\">en procesos de transferencia de conocimiento en los puestos de trabajo de la Junta de Andaluc\u00eda. En el taller se presentaron los avances clave del proyecto Transfer-IA: el <\/span><span lang=\"es-ES\">c<\/span><span lang=\"es-ES\">uestionario <\/span><span lang=\"es-ES\">para elaborar el denominado <\/span><span lang=\"es-ES\">TC 01 <\/span><span lang=\"es-ES\">(manual del puesto de trabajo) <\/span><span lang=\"es-ES\">y <\/span><span lang=\"es-ES\">otras propuestas para facilitar la aplicaci\u00f3n de la metodolog\u00eda usando las TIC<\/span><span lang=\"es-ES\">. <\/span><span lang=\"es-ES\">De esta forma, se ayuda a <\/span><span lang=\"es-ES\">la transferencia de conocimiento de <\/span><span lang=\"es-ES\">personas que abandonan un puesto de trabajo <\/span><span lang=\"es-ES\">mediante la captura de informaci\u00f3n (escrita o por voz, con transcripci\u00f3n autom\u00e1tica por IA) para generar manuales de<\/span><span lang=\"es-ES\">l<\/span><span lang=\"es-ES\"> puesto <\/span><span lang=\"es-ES\">de trabajo <\/span><span lang=\"es-ES\">personalizados.<\/span><\/span><\/p>\n<p lang=\"es-ES\" align=\"justify\"><span style=\"font-family: georgia, palatino, serif;font-size: 12pt\">\u00bfY qu\u00e9 decir de nuestro grupo, las integrantes del proyecto de <strong>Comunicaci\u00f3n y Difusi\u00f3n<\/strong>? Pues que no dejamos indiferente a nadie con el avance de nuestra <strong>\u201cMaleta del\/la Embajador\/a\u201d<\/strong>, una herramienta interactiva que estamos ultimando que recoge toda la informaci\u00f3n sobre el programa y los proyectos de Embajadores del Conocimiento. \u00a1Prometemos seguir sorprendiendo!<\/span><\/p>\n<p align=\"justify\"><span style=\"font-family: georgia, palatino, serif;font-size: 12pt\"><span lang=\"es-ES\">Si quer\u00e9is seguir informados\/as, n<\/span><span lang=\"es-ES\">o dej\u00e9is de <\/span><span lang=\"es-ES\">seguir este <\/span><span lang=\"es-ES\">b<\/span><span lang=\"es-ES\">log.<\/span><\/span><\/p>\t\t\t\t\t\t\t\t<\/div>\n\t\t\t\t<\/div>\n\t\t\t\t\t<\/div>\n\t\t<\/div>\n\t\t\t\t\t<\/div>\n\t\t<\/section>\n\t\t\t\t<\/div>\n\t\t","protected":false},"excerpt":{"rendered":"<p>Contin\u00faa el arduo trabajo para los equipos de los seis proyectos que este a\u00f1o conforman el Programa de Embajadores\/as del Conocimiento. El pasado lunes 26 de mayo se celebr\u00f3 en Torremolinos (M\u00e1laga) el llamado Taller de M\u00e9tricas de Gesti\u00f3n del Conocimiento, cuyo objetivo es, adem\u00e1s de conocer los avances de los proyectos y reactivarlos, computar [&hellip;]<\/p>\n","protected":false},"author":1,"featured_media":0,"comment_status":"closed","ping_status":"open","sticky":false,"template":"","format":"standard","meta":{"jetpack_post_was_ever_published":false,"_jetpack_newsletter_access":"","_jetpack_dont_email_post_to_subs":false,"_jetpack_newsletter_tier_id":0,"_jetpack_memberships_contains_paywalled_content":false,"_jetpack_memberships_contains_paid_content":false,"footnotes":""},"categories":[62,52],"tags":[],"class_list":["post-7004","post","type-post","status-publish","format-standard","hentry","category-empleados-publicos","category-gestion-del-conocimiento"],"jetpack_featured_media_url":"","jetpack_sharing_enabled":true,"jetpack_shortlink":"https:\/\/wp.me\/p9W7Se-1OY","jetpack-related-posts":[{"id":2606,"url":"https:\/\/ws168.juntadeandalucia.es\/iaap\/gestiondelconocimiento\/taller-de-seguimiento-virtual-de-proyectos-de-gestion-del-conocimiento\/","url_meta":{"origin":7004,"position":0},"title":"Taller de Seguimiento Virtual de Proyectos de Gesti\u00f3n del Conocimiento","author":"","date":"7 julio, 2020","format":false,"excerpt":"M\u00e9tricas en la Gesti\u00f3n del Conocimiento.El Taller de M\u00e9tricas en la Gesti\u00f3n del Conocimiento se concibe como el segundo momento presencial de seguimiento de proyectos. Se pretende tomar el pulso de cada uno de los grupos. El anterior encuentro general tuvo lugar el pasado mes de febrero en Sevilla: en\u2026","rel":"","context":"En \u00abComunicaci\u00f3n\u00bb","block_context":{"text":"Comunicaci\u00f3n","link":"https:\/\/ws168.juntadeandalucia.es\/iaap\/gestiondelconocimiento\/category\/comunicacion\/"},"img":{"alt_text":"","src":"https:\/\/i0.wp.com\/ws168.juntadeandalucia.es\/iaap\/gestiondelconocimiento\/wp-content\/uploads\/sites\/10\/2020\/04\/Captura-de-pantalla-2020-04-27-a-las-17.09.06.png?resize=350%2C200&ssl=1","width":350,"height":200,"srcset":"https:\/\/i0.wp.com\/ws168.juntadeandalucia.es\/iaap\/gestiondelconocimiento\/wp-content\/uploads\/sites\/10\/2020\/04\/Captura-de-pantalla-2020-04-27-a-las-17.09.06.png?resize=350%2C200&ssl=1 1x, https:\/\/i0.wp.com\/ws168.juntadeandalucia.es\/iaap\/gestiondelconocimiento\/wp-content\/uploads\/sites\/10\/2020\/04\/Captura-de-pantalla-2020-04-27-a-las-17.09.06.png?resize=525%2C300&ssl=1 1.5x, https:\/\/i0.wp.com\/ws168.juntadeandalucia.es\/iaap\/gestiondelconocimiento\/wp-content\/uploads\/sites\/10\/2020\/04\/Captura-de-pantalla-2020-04-27-a-las-17.09.06.png?resize=700%2C400&ssl=1 2x, https:\/\/i0.wp.com\/ws168.juntadeandalucia.es\/iaap\/gestiondelconocimiento\/wp-content\/uploads\/sites\/10\/2020\/04\/Captura-de-pantalla-2020-04-27-a-las-17.09.06.png?resize=1050%2C600&ssl=1 3x, https:\/\/i0.wp.com\/ws168.juntadeandalucia.es\/iaap\/gestiondelconocimiento\/wp-content\/uploads\/sites\/10\/2020\/04\/Captura-de-pantalla-2020-04-27-a-las-17.09.06.png?resize=1400%2C800&ssl=1 4x"},"classes":[]},{"id":5877,"url":"https:\/\/ws168.juntadeandalucia.es\/iaap\/gestiondelconocimiento\/la-vii-edicion-de-embajadores-as-del-conocimiento-en-cifras\/","url_meta":{"origin":7004,"position":1},"title":"La VII edici\u00f3n de Embajadores\/as del Conocimiento en cifras","author":"administrador","date":"29 febrero, 2024","format":false,"excerpt":"Siete a\u00f1os, casi doscientos participantes, treinta y ocho proyectos realizados, entre ellos, cinco Encuentros Intergeneracionales.\u00a0Este ser\u00eda el breve resumen de la trayectoria del Programa Embajadores\/as del Conocimiento del Instituto Andaluz de Administraci\u00f3n P\u00fablica hasta el momento.A finales del pasado mes de enero de 2024 tuvo lugar el Taller de Lanzamiento\u2026","rel":"","context":"En \u00abEmpleados p\u00fablicos\u00bb","block_context":{"text":"Empleados p\u00fablicos","link":"https:\/\/ws168.juntadeandalucia.es\/iaap\/gestiondelconocimiento\/category\/empleados-publicos\/"},"img":{"alt_text":"Participantes por g\u00e9nero","src":"https:\/\/i0.wp.com\/ws168.juntadeandalucia.es\/iaap\/gestiondelconocimiento\/wp-content\/uploads\/sites\/10\/2024\/02\/Participantes-por-g%C2%B4nero-1536x1086.jpg?resize=350%2C200&ssl=1","width":350,"height":200,"srcset":"https:\/\/i0.wp.com\/ws168.juntadeandalucia.es\/iaap\/gestiondelconocimiento\/wp-content\/uploads\/sites\/10\/2024\/02\/Participantes-por-g%C2%B4nero-1536x1086.jpg?resize=350%2C200&ssl=1 1x, https:\/\/i0.wp.com\/ws168.juntadeandalucia.es\/iaap\/gestiondelconocimiento\/wp-content\/uploads\/sites\/10\/2024\/02\/Participantes-por-g%C2%B4nero-1536x1086.jpg?resize=525%2C300&ssl=1 1.5x"},"classes":[]},{"id":4272,"url":"https:\/\/ws168.juntadeandalucia.es\/iaap\/gestiondelconocimiento\/4272-2\/","url_meta":{"origin":7004,"position":2},"title":"Arranca Embajadores del Conocimiento 2022","author":"","date":"17 febrero, 2022","format":false,"excerpt":"A principios de Febrero ha dado comienzo la V edici\u00f3n de Embajadores del Conocimiento con la celebraci\u00f3n on line del Taller de Lanzamiento de Proyectos, V edici\u00f3n (2022).\u00a0 Embajadores del Conocimiento, como ya sab\u00e9is, es un programa impulsado por el Instituto Andaluz de Administraci\u00f3n P\u00fablica (IAAP) de la Junta de\u2026","rel":"","context":"En \u00abGesti\u00f3n del conocimiento\u00bb","block_context":{"text":"Gesti\u00f3n del conocimiento","link":"https:\/\/ws168.juntadeandalucia.es\/iaap\/gestiondelconocimiento\/category\/gestion-del-conocimiento\/"},"img":{"alt_text":"","src":"https:\/\/i0.wp.com\/ws168.juntadeandalucia.es\/iaap\/gestiondelconocimiento\/wp-content\/uploads\/sites\/10\/2022\/02\/embajadores-conocimiento-2022.jpg?resize=350%2C200&ssl=1","width":350,"height":200,"srcset":"https:\/\/i0.wp.com\/ws168.juntadeandalucia.es\/iaap\/gestiondelconocimiento\/wp-content\/uploads\/sites\/10\/2022\/02\/embajadores-conocimiento-2022.jpg?resize=350%2C200&ssl=1 1x, https:\/\/i0.wp.com\/ws168.juntadeandalucia.es\/iaap\/gestiondelconocimiento\/wp-content\/uploads\/sites\/10\/2022\/02\/embajadores-conocimiento-2022.jpg?resize=525%2C300&ssl=1 1.5x, https:\/\/i0.wp.com\/ws168.juntadeandalucia.es\/iaap\/gestiondelconocimiento\/wp-content\/uploads\/sites\/10\/2022\/02\/embajadores-conocimiento-2022.jpg?resize=700%2C400&ssl=1 2x, https:\/\/i0.wp.com\/ws168.juntadeandalucia.es\/iaap\/gestiondelconocimiento\/wp-content\/uploads\/sites\/10\/2022\/02\/embajadores-conocimiento-2022.jpg?resize=1050%2C600&ssl=1 3x"},"classes":[]},{"id":7547,"url":"https:\/\/ws168.juntadeandalucia.es\/iaap\/gestiondelconocimiento\/nuevo-ano-nueva-edicion-del-programa-embajadores-del-conocimiento\/","url_meta":{"origin":7004,"position":3},"title":"Nuevo a\u00f1o, nueva edici\u00f3n del Programa Embajadores\/as del Conocimiento","author":"administrador","date":"25 febrero, 2026","format":false,"excerpt":"El a\u00f1o 2026 ha comenzado con energ\u00eda en Cazorla. Los d\u00edas 25, 26 y 27 de enero celebramos en el Albergue Inturjoven el arranque de la IX Edici\u00f3n del Programa Embajadores del Conocimiento, una iniciativa del IAAP que vuelve a reunir talento, ilusi\u00f3n y muchas ganas de compartir.En este primer\u2026","rel":"","context":"En \u00abEmpleados p\u00fablicos\u00bb","block_context":{"text":"Empleados p\u00fablicos","link":"https:\/\/ws168.juntadeandalucia.es\/iaap\/gestiondelconocimiento\/category\/empleados-publicos\/"},"img":{"alt_text":"","src":"https:\/\/i0.wp.com\/ws168.juntadeandalucia.es\/iaap\/gestiondelconocimiento\/wp-content\/uploads\/sites\/10\/2026\/02\/Foto-grupal-taller-lanzamiento-1536x1152.jpg?resize=350%2C200&ssl=1","width":350,"height":200,"srcset":"https:\/\/i0.wp.com\/ws168.juntadeandalucia.es\/iaap\/gestiondelconocimiento\/wp-content\/uploads\/sites\/10\/2026\/02\/Foto-grupal-taller-lanzamiento-1536x1152.jpg?resize=350%2C200&ssl=1 1x, https:\/\/i0.wp.com\/ws168.juntadeandalucia.es\/iaap\/gestiondelconocimiento\/wp-content\/uploads\/sites\/10\/2026\/02\/Foto-grupal-taller-lanzamiento-1536x1152.jpg?resize=525%2C300&ssl=1 1.5x"},"classes":[]},{"id":6838,"url":"https:\/\/ws168.juntadeandalucia.es\/iaap\/gestiondelconocimiento\/taller-seguimiento-de-proyectos-de-gestion-del-conocimiento-programa-de-embajadores-y-embajadoras-del-conocimiento-2025-3\/","url_meta":{"origin":7004,"position":4},"title":"Taller Seguimiento De Proyectos De Gesti\u00f3n Del Conocimiento. Programa De Embajadores Y Embajadoras Del Conocimiento 2025.","author":"administrador","date":"26 marzo, 2025","format":false,"excerpt":"Como en cada edici\u00f3n del Programa Embajadores\/as del Conocimiento, tras el taller de Lanzamiento de proyectos de gesti\u00f3n del conocimiento celebrado en Cazorla, el pasado martes 11 de marzo se llev\u00f3 a cabo el segundo encuentro del programa para realizar un seguimiento de los objetivos de cada proyecto establecidos en\u2026","rel":"","context":"En \u00abEmpleados p\u00fablicos\u00bb","block_context":{"text":"Empleados p\u00fablicos","link":"https:\/\/ws168.juntadeandalucia.es\/iaap\/gestiondelconocimiento\/category\/empleados-publicos\/"},"img":{"alt_text":"","src":"https:\/\/i0.wp.com\/ws168.juntadeandalucia.es\/iaap\/gestiondelconocimiento\/wp-content\/uploads\/sites\/10\/2025\/03\/20250311_095557-1536x826.jpg?resize=350%2C200&ssl=1","width":350,"height":200,"srcset":"https:\/\/i0.wp.com\/ws168.juntadeandalucia.es\/iaap\/gestiondelconocimiento\/wp-content\/uploads\/sites\/10\/2025\/03\/20250311_095557-1536x826.jpg?resize=350%2C200&ssl=1 1x, https:\/\/i0.wp.com\/ws168.juntadeandalucia.es\/iaap\/gestiondelconocimiento\/wp-content\/uploads\/sites\/10\/2025\/03\/20250311_095557-1536x826.jpg?resize=525%2C300&ssl=1 1.5x"},"classes":[]},{"id":4838,"url":"https:\/\/ws168.juntadeandalucia.es\/iaap\/gestiondelconocimiento\/embajadores-del-conocimiento-2023-ya-esta-en-marcha\/","url_meta":{"origin":7004,"position":5},"title":"Embajadores del Conocimiento 2023 ya est\u00e1 en marcha!","author":"","date":"14 marzo, 2023","format":false,"excerpt":"En el pasado mes de enero tuvo lugar en Cazorla el Taller de Lanzamiento de Proyectos de la VI edici\u00f3n del Programa Embajadores del Conocimiento, organizado por el Instituto Andaluz de Administraci\u00f3n P\u00fablica.En esta edici\u00f3n, se le ha dado el pistoletazo de salida a un total de siete proyectos.El proyecto\u2026","rel":"","context":"En \u00abGesti\u00f3n del conocimiento\u00bb","block_context":{"text":"Gesti\u00f3n del conocimiento","link":"https:\/\/ws168.juntadeandalucia.es\/iaap\/gestiondelconocimiento\/category\/gestion-del-conocimiento\/"},"img":{"alt_text":"","src":"https:\/\/i0.wp.com\/ws168.juntadeandalucia.es\/iaap\/gestiondelconocimiento\/wp-content\/uploads\/sites\/10\/2023\/03\/01_Grupo-Comunicacion_FOTO-1-1536x1086.jpg?resize=350%2C200&ssl=1","width":350,"height":200,"srcset":"https:\/\/i0.wp.com\/ws168.juntadeandalucia.es\/iaap\/gestiondelconocimiento\/wp-content\/uploads\/sites\/10\/2023\/03\/01_Grupo-Comunicacion_FOTO-1-1536x1086.jpg?resize=350%2C200&ssl=1 1x, https:\/\/i0.wp.com\/ws168.juntadeandalucia.es\/iaap\/gestiondelconocimiento\/wp-content\/uploads\/sites\/10\/2023\/03\/01_Grupo-Comunicacion_FOTO-1-1536x1086.jpg?resize=525%2C300&ssl=1 1.5x"},"classes":[]}],"jetpack_likes_enabled":true,"_links":{"self":[{"href":"https:\/\/ws168.juntadeandalucia.es\/iaap\/gestiondelconocimiento\/wp-json\/wp\/v2\/posts\/7004","targetHints":{"allow":["GET"]}}],"collection":[{"href":"https:\/\/ws168.juntadeandalucia.es\/iaap\/gestiondelconocimiento\/wp-json\/wp\/v2\/posts"}],"about":[{"href":"https:\/\/ws168.juntadeandalucia.es\/iaap\/gestiondelconocimiento\/wp-json\/wp\/v2\/types\/post"}],"author":[{"embeddable":true,"href":"https:\/\/ws168.juntadeandalucia.es\/iaap\/gestiondelconocimiento\/wp-json\/wp\/v2\/users\/1"}],"replies":[{"embeddable":true,"href":"https:\/\/ws168.juntadeandalucia.es\/iaap\/gestiondelconocimiento\/wp-json\/wp\/v2\/comments?post=7004"}],"version-history":[{"count":19,"href":"https:\/\/ws168.juntadeandalucia.es\/iaap\/gestiondelconocimiento\/wp-json\/wp\/v2\/posts\/7004\/revisions"}],"predecessor-version":[{"id":7028,"href":"https:\/\/ws168.juntadeandalucia.es\/iaap\/gestiondelconocimiento\/wp-json\/wp\/v2\/posts\/7004\/revisions\/7028"}],"wp:attachment":[{"href":"https:\/\/ws168.juntadeandalucia.es\/iaap\/gestiondelconocimiento\/wp-json\/wp\/v2\/media?parent=7004"}],"wp:term":[{"taxonomy":"category","embeddable":true,"href":"https:\/\/ws168.juntadeandalucia.es\/iaap\/gestiondelconocimiento\/wp-json\/wp\/v2\/categories?post=7004"},{"taxonomy":"post_tag","embeddable":true,"href":"https:\/\/ws168.juntadeandalucia.es\/iaap\/gestiondelconocimiento\/wp-json\/wp\/v2\/tags?post=7004"}],"curies":[{"name":"wp","href":"https:\/\/api.w.org\/{rel}","templated":true}]}}