{"id":7547,"date":"2026-02-25T20:37:16","date_gmt":"2026-02-25T19:37:16","guid":{"rendered":"https:\/\/ws168.juntadeandalucia.es\/iaap\/gestiondelconocimiento\/?p=7547"},"modified":"2026-02-27T11:46:13","modified_gmt":"2026-02-27T10:46:13","slug":"nuevo-ano-nueva-edicion-del-programa-embajadores-del-conocimiento","status":"publish","type":"post","link":"https:\/\/ws168.juntadeandalucia.es\/iaap\/gestiondelconocimiento\/nuevo-ano-nueva-edicion-del-programa-embajadores-del-conocimiento\/","title":{"rendered":"Nuevo a\u00f1o, nueva edici\u00f3n del Programa Embajadores\/as del Conocimiento"},"content":{"rendered":"\t\t<div data-elementor-type=\"wp-post\" data-elementor-id=\"7547\" class=\"elementor elementor-7547\">\n\t\t\t\t\t\t<section class=\"elementor-section elementor-top-section elementor-element elementor-element-e5b5def elementor-section-boxed elementor-section-height-default elementor-section-height-default\" data-id=\"e5b5def\" data-element_type=\"section\" data-e-type=\"section\">\n\t\t\t\t\t\t<div class=\"elementor-container elementor-column-gap-default\">\n\t\t\t\t\t<div class=\"elementor-column elementor-col-100 elementor-top-column elementor-element elementor-element-428a87e\" data-id=\"428a87e\" data-element_type=\"column\" data-e-type=\"column\">\n\t\t\t<div class=\"elementor-widget-wrap elementor-element-populated\">\n\t\t\t\t\t\t<div class=\"elementor-element elementor-element-cb56ea6 elementor-widget elementor-widget-text-editor\" data-id=\"cb56ea6\" data-element_type=\"widget\" data-e-type=\"widget\" data-widget_type=\"text-editor.default\">\n\t\t\t\t<div class=\"elementor-widget-container\">\n\t\t\t\t\t\t\t\t\t<p style=\"text-align: justify\"><span style=\"font-size: 12pt;font-family: georgia, palatino, serif\">El a\u00f1o 2026 ha comenzado con energ\u00eda en Cazorla. Los d\u00edas <strong>25, 26 y 27 de enero<\/strong> celebramos en el Albergue Inturjoven el arranque de la <strong>IX Edici\u00f3n del Programa Embajadores del Conocimiento<\/strong>, una iniciativa del IAAP que vuelve a reunir talento, ilusi\u00f3n y muchas ganas de compartir.<\/span><\/p><p style=\"text-align: justify\"><span style=\"font-size: 12pt;font-family: georgia, palatino, serif\">En este primer encuentro participaron <strong>45 profesionales<\/strong> de la Junta de Andaluc\u00eda, procedentes de \u00e1reas tan diversas como Bibliotecas, Justicia, Recursos Humanos, Servicios Generales\u2026 \u00a1y representando a las ocho provincias! Una mezcla enriquecedora que garantiza miradas diferentes y mucha creatividad en los proyectos que est\u00e1n por venir.<\/span><\/p><p style=\"text-align: justify\"><span style=\"font-size: 12pt;font-family: georgia, palatino, serif\">Tres d\u00edas para <strong>conectar, aprender y empezar a construir.<\/strong><\/span><\/p><p style=\"text-align: justify\"><span style=\"font-family: georgia, palatino, serif;font-size: 12pt\">Durante estas jornadas tuvimos ocasi\u00f3n de:<\/span><br \/><span style=\"font-family: georgia, palatino, serif;font-size: 12pt\">&#8211; Configurar equipos multidisciplinares.<\/span><br \/><span style=\"font-family: georgia, palatino, serif;font-size: 12pt\">&#8211; Conocer herramientas \u00fatiles para el trabajo colaborativo y la gesti\u00f3n de tareas.<\/span><br \/><span style=\"font-family: georgia, palatino, serif;font-size: 12pt\">&#8211; Poner en marcha los primeros pasos de los proyectos de cada equipo, que se desarrollar\u00e1n a lo largo de los pr\u00f3ximos 10 meses.<\/span><\/p><p style=\"text-align: justify\"><span style=\"font-family: georgia, palatino, serif;font-size: 12pt\">Un inicio intenso, inspirador y lleno de momentos que marcar\u00e1n el camino del Programa en este 2026.<\/span><\/p>\t\t\t\t\t\t\t\t<\/div>\n\t\t\t\t<\/div>\n\t\t\t\t\t<\/div>\n\t\t<\/div>\n\t\t\t\t\t<\/div>\n\t\t<\/section>\n\t\t\t\t<section class=\"elementor-section elementor-top-section elementor-element elementor-element-ac66d6a elementor-section-boxed elementor-section-height-default elementor-section-height-default\" data-id=\"ac66d6a\" data-element_type=\"section\" data-e-type=\"section\">\n\t\t\t\t\t\t<div class=\"elementor-container elementor-column-gap-default\">\n\t\t\t\t\t<div class=\"elementor-column elementor-col-100 elementor-top-column elementor-element elementor-element-5d12473\" data-id=\"5d12473\" data-element_type=\"column\" data-e-type=\"column\">\n\t\t\t<div class=\"elementor-widget-wrap elementor-element-populated\">\n\t\t\t\t\t\t<div class=\"elementor-element elementor-element-e16ac07 elementor-widget elementor-widget-video\" data-id=\"e16ac07\" data-element_type=\"widget\" data-e-type=\"widget\" data-settings=\"{&quot;video_type&quot;:&quot;hosted&quot;,&quot;controls&quot;:&quot;yes&quot;}\" data-widget_type=\"video.default\">\n\t\t\t\t<div class=\"elementor-widget-container\">\n\t\t\t\t\t\t\t<div class=\"e-hosted-video elementor-wrapper elementor-open-inline\">\n\t\t\t\t\t<video class=\"elementor-video\" src=\"https:\/\/ws168.juntadeandalucia.es\/iaap\/gestiondelconocimiento\/wp-content\/uploads\/sites\/10\/2026\/02\/Video-Taller-Lanzamiento-2026.mp4\" controls=\"\" preload=\"metadata\" controlsList=\"nodownload\"><\/video>\n\t\t\t\t<\/div>\n\t\t\t\t\t\t<\/div>\n\t\t\t\t<\/div>\n\t\t\t\t\t<\/div>\n\t\t<\/div>\n\t\t\t\t\t<\/div>\n\t\t<\/section>\n\t\t\t\t<section class=\"elementor-section elementor-top-section elementor-element elementor-element-41106b9 elementor-section-boxed elementor-section-height-default elementor-section-height-default\" data-id=\"41106b9\" data-element_type=\"section\" data-e-type=\"section\">\n\t\t\t\t\t\t<div class=\"elementor-container elementor-column-gap-default\">\n\t\t\t\t\t<div class=\"elementor-column elementor-col-100 elementor-top-column elementor-element elementor-element-94f5c15\" data-id=\"94f5c15\" data-element_type=\"column\" data-e-type=\"column\">\n\t\t\t<div class=\"elementor-widget-wrap elementor-element-populated\">\n\t\t\t\t\t\t<div class=\"elementor-element elementor-element-d27681f elementor-widget elementor-widget-text-editor\" data-id=\"d27681f\" data-element_type=\"widget\" data-e-type=\"widget\" data-widget_type=\"text-editor.default\">\n\t\t\t\t<div class=\"elementor-widget-container\">\n\t\t\t\t\t\t\t\t\t<p style=\"text-align: justify\"><strong><span style=\"font-family: georgia, palatino, serif;font-size: 14pt\">Los proyectos que dar\u00e1n forma a esta edici\u00f3n.<\/span><\/strong><br \/><span style=\"font-family: georgia, palatino, serif;font-size: 12pt\">Los equipos ya est\u00e1n trabajando en iniciativas clave para mejorar y difundir la gesti\u00f3n del conocimiento dentro de la Junta de Andaluc\u00eda:<\/span><br \/><span style=\"font-family: georgia, palatino, serif;font-size: 12pt\">&#8211; <strong>Comunicaci\u00f3n y difusi\u00f3n del conocimiento<\/strong>: blog de noticias y redes.<\/span><br \/><span style=\"font-family: georgia, palatino, serif;font-size: 12pt\">&#8211; <strong>Croquetas de Conocimiento<\/strong>: minitutoriales de procesos y servicios.<\/span><br \/><span style=\"font-family: georgia, palatino, serif;font-size: 12pt\">&#8211; <strong>Mapas de conocimiento cr\u00edtico<\/strong> de unidades administrativas.<\/span><br \/><span style=\"font-family: georgia, palatino, serif;font-size: 12pt\">&#8211; <strong>Encuentros intergeneracionales de la Junta de Andaluc\u00eda<\/strong>:<\/span><br \/><span style=\"font-family: georgia, palatino, serif;font-size: 12pt\">\u00a0 \u00a0 \u00a0 \u00a0 \u00a0 \u00a0 \u00a0 \u00a0 \u00a0 \u00a0 &#8211; <strong>\u00c1rea de Bibliotecas<\/strong>.<\/span><br \/><span style=\"font-family: georgia, palatino, serif;font-size: 12pt\">\u00a0 \u00a0 \u00a0 \u00a0 \u00a0 \u00a0 \u00a0 \u00a0 \u00a0 \u00a0 &#8211; <strong>\u00c1rea de Legislaci\u00f3n<\/strong>.<\/span><br \/><span style=\"font-family: georgia, palatino, serif;font-size: 12pt\">&#8211; <strong>Enred@2.0<\/strong>: revista digital creada por y para emplead@s p\u00fablicos.<\/span><\/p><p style=\"text-align: justify\"><span style=\"font-family: georgia, palatino, serif;font-size: 12pt\">Cada equipo seguir\u00e1 avanzando durante todo el a\u00f1o y, como broche final, presentar\u00e1 su trabajo en la <strong>Jornada de Sevilla del 21 de octubre<\/strong>.<\/span><\/p><p style=\"text-align: justify\"><strong><span style=\"font-family: georgia, palatino, serif;font-size: 12pt\">\u00a1S\u00edguenos de cerca!<\/span><\/strong><\/p><p style=\"text-align: justify\"><span style=\"font-family: georgia, palatino, serif;font-size: 12pt\">Este Programa est\u00e1 vivo, crece con cada encuentro y se nutre de las personas que lo integran. Si quieres conocer su evoluci\u00f3n, no te pierdas:<\/span><br \/><span style=\"font-family: georgia, palatino, serif;font-size: 12pt\">&#8211; Las publicaciones en nuestras <strong>redes sociales<\/strong>.<\/span><br \/><span style=\"font-family: georgia, palatino, serif;font-size: 12pt\">&#8211; Las actualizaciones en esta <strong>p\u00e1gina<\/strong>, donde iremos contando cada paso de esta edici\u00f3n del programa.<\/span><br \/><span style=\"font-family: georgia, palatino, serif;font-size: 12pt\">Arranca una edici\u00f3n llena de ideas, compromiso y mucha ilusi\u00f3n.<\/span><\/p>\t\t\t\t\t\t\t\t<\/div>\n\t\t\t\t<\/div>\n\t\t\t\t\t<\/div>\n\t\t<\/div>\n\t\t\t\t\t<\/div>\n\t\t<\/section>\n\t\t\t\t<section class=\"elementor-section elementor-top-section elementor-element elementor-element-c26bf40 elementor-section-boxed elementor-section-height-default elementor-section-height-default\" data-id=\"c26bf40\" data-element_type=\"section\" data-e-type=\"section\">\n\t\t\t\t\t\t<div class=\"elementor-container elementor-column-gap-default\">\n\t\t\t\t\t<div class=\"elementor-column elementor-col-100 elementor-top-column elementor-element elementor-element-6e07585\" data-id=\"6e07585\" data-element_type=\"column\" data-e-type=\"column\">\n\t\t\t<div class=\"elementor-widget-wrap elementor-element-populated\">\n\t\t\t\t\t\t<div class=\"elementor-element elementor-element-4e4c532 elementor-widget elementor-widget-image\" data-id=\"4e4c532\" data-element_type=\"widget\" data-e-type=\"widget\" data-widget_type=\"image.default\">\n\t\t\t\t<div class=\"elementor-widget-container\">\n\t\t\t\t\t\t\t\t\t\t\t\t\t\t\t<img fetchpriority=\"high\" decoding=\"async\" data-attachment-id=\"7560\" data-permalink=\"https:\/\/ws168.juntadeandalucia.es\/iaap\/gestiondelconocimiento\/nuevo-ano-nueva-edicion-del-programa-embajadores-del-conocimiento\/foto-grupal-taller-lanzamiento\/\" data-orig-file=\"https:\/\/ws168.juntadeandalucia.es\/iaap\/gestiondelconocimiento\/wp-content\/uploads\/sites\/10\/2026\/02\/Foto-grupal-taller-lanzamiento-scaled.jpg\" data-orig-size=\"2560,1920\" data-comments-opened=\"0\" data-image-meta=\"{&quot;aperture&quot;:&quot;0&quot;,&quot;credit&quot;:&quot;&quot;,&quot;camera&quot;:&quot;&quot;,&quot;caption&quot;:&quot;&quot;,&quot;created_timestamp&quot;:&quot;0&quot;,&quot;copyright&quot;:&quot;&quot;,&quot;focal_length&quot;:&quot;0&quot;,&quot;iso&quot;:&quot;0&quot;,&quot;shutter_speed&quot;:&quot;0&quot;,&quot;title&quot;:&quot;&quot;,&quot;orientation&quot;:&quot;0&quot;}\" data-image-title=\"Foto grupal taller lanzamiento\" data-image-description=\"\" data-image-caption=\"\" data-large-file=\"https:\/\/ws168.juntadeandalucia.es\/iaap\/gestiondelconocimiento\/wp-content\/uploads\/sites\/10\/2026\/02\/Foto-grupal-taller-lanzamiento-1024x768.jpg\" width=\"1536\" height=\"1152\" src=\"https:\/\/ws168.juntadeandalucia.es\/iaap\/gestiondelconocimiento\/wp-content\/uploads\/sites\/10\/2026\/02\/Foto-grupal-taller-lanzamiento-1536x1152.jpg\" class=\"attachment-1536x1536 size-1536x1536 wp-image-7560\" alt=\"\" srcset=\"https:\/\/ws168.juntadeandalucia.es\/iaap\/gestiondelconocimiento\/wp-content\/uploads\/sites\/10\/2026\/02\/Foto-grupal-taller-lanzamiento-1536x1152.jpg 1536w, https:\/\/ws168.juntadeandalucia.es\/iaap\/gestiondelconocimiento\/wp-content\/uploads\/sites\/10\/2026\/02\/Foto-grupal-taller-lanzamiento-300x225.jpg 300w, https:\/\/ws168.juntadeandalucia.es\/iaap\/gestiondelconocimiento\/wp-content\/uploads\/sites\/10\/2026\/02\/Foto-grupal-taller-lanzamiento-1024x768.jpg 1024w, https:\/\/ws168.juntadeandalucia.es\/iaap\/gestiondelconocimiento\/wp-content\/uploads\/sites\/10\/2026\/02\/Foto-grupal-taller-lanzamiento-768x576.jpg 768w, https:\/\/ws168.juntadeandalucia.es\/iaap\/gestiondelconocimiento\/wp-content\/uploads\/sites\/10\/2026\/02\/Foto-grupal-taller-lanzamiento-2048x1536.jpg 2048w, https:\/\/ws168.juntadeandalucia.es\/iaap\/gestiondelconocimiento\/wp-content\/uploads\/sites\/10\/2026\/02\/Foto-grupal-taller-lanzamiento-136x102.jpg 136w, https:\/\/ws168.juntadeandalucia.es\/iaap\/gestiondelconocimiento\/wp-content\/uploads\/sites\/10\/2026\/02\/Foto-grupal-taller-lanzamiento-1320x990.jpg 1320w\" sizes=\"(max-width: 1536px) 100vw, 1536px\" data-attachment-id=\"7560\" data-permalink=\"https:\/\/ws168.juntadeandalucia.es\/iaap\/gestiondelconocimiento\/nuevo-ano-nueva-edicion-del-programa-embajadores-del-conocimiento\/foto-grupal-taller-lanzamiento\/\" data-orig-file=\"https:\/\/ws168.juntadeandalucia.es\/iaap\/gestiondelconocimiento\/wp-content\/uploads\/sites\/10\/2026\/02\/Foto-grupal-taller-lanzamiento-scaled.jpg\" data-orig-size=\"2560,1920\" data-comments-opened=\"0\" data-image-meta=\"{&quot;aperture&quot;:&quot;0&quot;,&quot;credit&quot;:&quot;&quot;,&quot;camera&quot;:&quot;&quot;,&quot;caption&quot;:&quot;&quot;,&quot;created_timestamp&quot;:&quot;0&quot;,&quot;copyright&quot;:&quot;&quot;,&quot;focal_length&quot;:&quot;0&quot;,&quot;iso&quot;:&quot;0&quot;,&quot;shutter_speed&quot;:&quot;0&quot;,&quot;title&quot;:&quot;&quot;,&quot;orientation&quot;:&quot;0&quot;}\" data-image-title=\"Foto grupal taller lanzamiento\" data-image-description=\"\" data-image-caption=\"\" data-large-file=\"https:\/\/ws168.juntadeandalucia.es\/iaap\/gestiondelconocimiento\/wp-content\/uploads\/sites\/10\/2026\/02\/Foto-grupal-taller-lanzamiento-1024x768.jpg\" \/>\t\t\t\t\t\t\t\t\t\t\t\t\t\t\t<\/div>\n\t\t\t\t<\/div>\n\t\t\t\t\t<\/div>\n\t\t<\/div>\n\t\t\t\t\t<\/div>\n\t\t<\/section>\n\t\t\t\t<section class=\"elementor-section elementor-top-section elementor-element elementor-element-298f326 elementor-section-boxed elementor-section-height-default elementor-section-height-default\" data-id=\"298f326\" data-element_type=\"section\" data-e-type=\"section\">\n\t\t\t\t\t\t<div class=\"elementor-container elementor-column-gap-default\">\n\t\t\t\t\t<div class=\"elementor-column elementor-col-100 elementor-top-column elementor-element elementor-element-96680ac\" data-id=\"96680ac\" data-element_type=\"column\" data-e-type=\"column\">\n\t\t\t<div class=\"elementor-widget-wrap elementor-element-populated\">\n\t\t\t\t\t\t<div class=\"elementor-element elementor-element-01fa32b elementor-widget elementor-widget-text-editor\" data-id=\"01fa32b\" data-element_type=\"widget\" data-e-type=\"widget\" data-widget_type=\"text-editor.default\">\n\t\t\t\t<div class=\"elementor-widget-container\">\n\t\t\t\t\t\t\t\t\t<p><span style=\"font-family: georgia, palatino, serif;font-size: 12pt\">Te invitamos a acompa\u00f1arnos en este viaje de aprendizaje compartido.<\/span><\/p>\t\t\t\t\t\t\t\t<\/div>\n\t\t\t\t<\/div>\n\t\t\t\t\t<\/div>\n\t\t<\/div>\n\t\t\t\t\t<\/div>\n\t\t<\/section>\n\t\t\t\t<\/div>\n\t\t","protected":false},"excerpt":{"rendered":"<p>El a\u00f1o 2026 ha comenzado con energ\u00eda en Cazorla. Los d\u00edas 25, 26 y 27 de enero celebramos en el Albergue Inturjoven el arranque de la IX Edici\u00f3n del Programa Embajadores del Conocimiento, una iniciativa del IAAP que vuelve a reunir talento, ilusi\u00f3n y muchas ganas de compartir. En este primer encuentro participaron 45 profesionales [&hellip;]<\/p>\n","protected":false},"author":1,"featured_media":0,"comment_status":"closed","ping_status":"closed","sticky":false,"template":"","format":"standard","meta":{"jetpack_post_was_ever_published":false,"_jetpack_newsletter_access":"","_jetpack_dont_email_post_to_subs":false,"_jetpack_newsletter_tier_id":0,"_jetpack_memberships_contains_paywalled_content":false,"_jetpack_memberships_contains_paid_content":false,"footnotes":""},"categories":[62,52],"tags":[],"class_list":["post-7547","post","type-post","status-publish","format-standard","hentry","category-empleados-publicos","category-gestion-del-conocimiento"],"jetpack_featured_media_url":"","jetpack_sharing_enabled":true,"jetpack_shortlink":"https:\/\/wp.me\/p9W7Se-1XJ","jetpack-related-posts":[{"id":3197,"url":"https:\/\/ws168.juntadeandalucia.es\/iaap\/gestiondelconocimiento\/cerramos-una-edicion-del-programa\/","url_meta":{"origin":7547,"position":0},"title":"Cerramos una edici\u00f3n del programa","author":"","date":"20 enero, 2021","format":false,"excerpt":"III Jornada de Gesti\u00f3n del Conocimiento. Un encuentro virtual.\u00a0 Cerramos una edici\u00f3n del programa de Embajadores\/as del Conocimiento y\u00a0 ya van tres\u00a0 y, \u00a1c\u00f3mo pasa el tiempo! En efecto, el pasado d\u00eda 8 de octubre se celebr\u00f3 la III Jornada de Gesti\u00f3n del Conocimiento. Una jornada que pon\u00eda el broche\u2026","rel":"","context":"En \u00abComunicaci\u00f3n\u00bb","block_context":{"text":"Comunicaci\u00f3n","link":"https:\/\/ws168.juntadeandalucia.es\/iaap\/gestiondelconocimiento\/category\/comunicacion\/"},"img":{"alt_text":"","src":"https:\/\/i0.wp.com\/ws168.juntadeandalucia.es\/iaap\/gestiondelconocimiento\/wp-content\/uploads\/sites\/10\/2020\/09\/Screenshot_2020-09-18-Editor.jpg?resize=350%2C200&ssl=1","width":350,"height":200,"srcset":"https:\/\/i0.wp.com\/ws168.juntadeandalucia.es\/iaap\/gestiondelconocimiento\/wp-content\/uploads\/sites\/10\/2020\/09\/Screenshot_2020-09-18-Editor.jpg?resize=350%2C200&ssl=1 1x, https:\/\/i0.wp.com\/ws168.juntadeandalucia.es\/iaap\/gestiondelconocimiento\/wp-content\/uploads\/sites\/10\/2020\/09\/Screenshot_2020-09-18-Editor.jpg?resize=525%2C300&ssl=1 1.5x, https:\/\/i0.wp.com\/ws168.juntadeandalucia.es\/iaap\/gestiondelconocimiento\/wp-content\/uploads\/sites\/10\/2020\/09\/Screenshot_2020-09-18-Editor.jpg?resize=700%2C400&ssl=1 2x"},"classes":[]},{"id":6620,"url":"https:\/\/ws168.juntadeandalucia.es\/iaap\/gestiondelconocimiento\/comienza-la-viii-edicion-del-programa-embajadores-y-embajadoras-del-conocimiento\/","url_meta":{"origin":7547,"position":1},"title":"Comienza la VIII edici\u00f3n del Programa Embajadores y Embajadoras del Conocimiento","author":"administrador","date":"31 enero, 2025","format":false,"excerpt":"Con la llegada de enero, llega una nueva edici\u00f3n del Programa Embajadores y Embajadoras del Conocimiento del Instituto Andaluz de Administraci\u00f3n P\u00fablica.En esta octava edici\u00f3n los proyectos a realizar son:Enred@2.0: revista digital por y para emplead@s de la Junta de Andaluc\u00edaElaboraci\u00f3n de mapas de Conocimiento Cr\u00edtico de unidades administrativas en\u2026","rel":"","context":"En \u00abActualidad\u00bb","block_context":{"text":"Actualidad","link":"https:\/\/ws168.juntadeandalucia.es\/iaap\/gestiondelconocimiento\/category\/actualidad\/"},"img":{"alt_text":"Revista Enred@2.0","src":"https:\/\/i0.wp.com\/ws168.juntadeandalucia.es\/iaap\/gestiondelconocimiento\/wp-content\/uploads\/sites\/10\/2025\/01\/Revista-Enred%402.0-1536x768.jpg?resize=350%2C200&ssl=1","width":350,"height":200,"srcset":"https:\/\/i0.wp.com\/ws168.juntadeandalucia.es\/iaap\/gestiondelconocimiento\/wp-content\/uploads\/sites\/10\/2025\/01\/Revista-Enred%402.0-1536x768.jpg?resize=350%2C200&ssl=1 1x, https:\/\/i0.wp.com\/ws168.juntadeandalucia.es\/iaap\/gestiondelconocimiento\/wp-content\/uploads\/sites\/10\/2025\/01\/Revista-Enred%402.0-1536x768.jpg?resize=525%2C300&ssl=1 1.5x, https:\/\/i0.wp.com\/ws168.juntadeandalucia.es\/iaap\/gestiondelconocimiento\/wp-content\/uploads\/sites\/10\/2025\/01\/Revista-Enred%402.0-1536x768.jpg?resize=700%2C400&ssl=1 2x, https:\/\/i0.wp.com\/ws168.juntadeandalucia.es\/iaap\/gestiondelconocimiento\/wp-content\/uploads\/sites\/10\/2025\/01\/Revista-Enred%402.0-1536x768.jpg?resize=1050%2C600&ssl=1 3x, https:\/\/i0.wp.com\/ws168.juntadeandalucia.es\/iaap\/gestiondelconocimiento\/wp-content\/uploads\/sites\/10\/2025\/01\/Revista-Enred%402.0-1536x768.jpg?resize=1400%2C800&ssl=1 4x"},"classes":[]},{"id":5642,"url":"https:\/\/ws168.juntadeandalucia.es\/iaap\/gestiondelconocimiento\/embajadores23-evoluciona-a-embajadores24\/","url_meta":{"origin":7547,"position":2},"title":"#Embajadores23 evoluciona a #Embajadores24","author":"","date":"21 febrero, 2024","format":false,"excerpt":"Un a\u00f1o m\u00e1s, y ya van siete, ha dado comienzo una nueva edici\u00f3n del programa Embajadores\/as del Conocimiento con la celebraci\u00f3n del Taller de Lanzamiento de Proyectos, celebrado en Cazorla (Ja\u00e9n) a finales de enero de 2024.En esta edici\u00f3n, el Instituto Andaluz de Administraci\u00f3n P\u00fablica ha apostado por afianzar seis\u2026","rel":"","context":"En \u00abComunicaci\u00f3n\u00bb","block_context":{"text":"Comunicaci\u00f3n","link":"https:\/\/ws168.juntadeandalucia.es\/iaap\/gestiondelconocimiento\/category\/comunicacion\/"},"img":{"alt_text":"Estad\u00edsticas perfil twitter difusionKM","src":"https:\/\/i0.wp.com\/ws168.juntadeandalucia.es\/iaap\/gestiondelconocimiento\/wp-content\/uploads\/sites\/10\/2024\/02\/Estadisticas-Twitter-KM-1024x724.jpg?resize=350%2C200&ssl=1","width":350,"height":200,"srcset":"https:\/\/i0.wp.com\/ws168.juntadeandalucia.es\/iaap\/gestiondelconocimiento\/wp-content\/uploads\/sites\/10\/2024\/02\/Estadisticas-Twitter-KM-1024x724.jpg?resize=350%2C200&ssl=1 1x, https:\/\/i0.wp.com\/ws168.juntadeandalucia.es\/iaap\/gestiondelconocimiento\/wp-content\/uploads\/sites\/10\/2024\/02\/Estadisticas-Twitter-KM-1024x724.jpg?resize=525%2C300&ssl=1 1.5x"},"classes":[]},{"id":4893,"url":"https:\/\/ws168.juntadeandalucia.es\/iaap\/gestiondelconocimiento\/lanzamiento-de-proyectos-de-gestion-del-conocimiento-cazorla-2023\/","url_meta":{"origin":7547,"position":3},"title":"Lanzamiento de proyectos de Gesti\u00f3n del Conocimiento, Cazorla, 2023","author":"","date":"28 marzo, 2023","format":false,"excerpt":"En diciembre de 2022, el Instituto Andaluz de Administraci\u00f3n P\u00fablica convocaba la VI edici\u00f3n del programa Embajadores del Conocimiento. M\u00e1s de doscientas personas solicitaron unirse a este proyecto y, de estas, fueron seleccionadas una treintena, que fueron emplazadas a finales de enero en Cazorla (Ja\u00e9n) para llevar a cabo el\u2026","rel":"","context":"En \u00abComunicaci\u00f3n\u00bb","block_context":{"text":"Comunicaci\u00f3n","link":"https:\/\/ws168.juntadeandalucia.es\/iaap\/gestiondelconocimiento\/category\/comunicacion\/"},"img":{"alt_text":"Embajadores del Conocimiento 2023","src":"https:\/\/i0.wp.com\/ws168.juntadeandalucia.es\/iaap\/gestiondelconocimiento\/wp-content\/uploads\/sites\/10\/2023\/03\/Foto-Grupo-Cazorla.jpeg?resize=350%2C200&ssl=1","width":350,"height":200,"srcset":"https:\/\/i0.wp.com\/ws168.juntadeandalucia.es\/iaap\/gestiondelconocimiento\/wp-content\/uploads\/sites\/10\/2023\/03\/Foto-Grupo-Cazorla.jpeg?resize=350%2C200&ssl=1 1x, https:\/\/i0.wp.com\/ws168.juntadeandalucia.es\/iaap\/gestiondelconocimiento\/wp-content\/uploads\/sites\/10\/2023\/03\/Foto-Grupo-Cazorla.jpeg?resize=525%2C300&ssl=1 1.5x, https:\/\/i0.wp.com\/ws168.juntadeandalucia.es\/iaap\/gestiondelconocimiento\/wp-content\/uploads\/sites\/10\/2023\/03\/Foto-Grupo-Cazorla.jpeg?resize=700%2C400&ssl=1 2x, https:\/\/i0.wp.com\/ws168.juntadeandalucia.es\/iaap\/gestiondelconocimiento\/wp-content\/uploads\/sites\/10\/2023\/03\/Foto-Grupo-Cazorla.jpeg?resize=1050%2C600&ssl=1 3x, https:\/\/i0.wp.com\/ws168.juntadeandalucia.es\/iaap\/gestiondelconocimiento\/wp-content\/uploads\/sites\/10\/2023\/03\/Foto-Grupo-Cazorla.jpeg?resize=1400%2C800&ssl=1 4x"},"classes":[]},{"id":4272,"url":"https:\/\/ws168.juntadeandalucia.es\/iaap\/gestiondelconocimiento\/4272-2\/","url_meta":{"origin":7547,"position":4},"title":"Arranca Embajadores del Conocimiento 2022","author":"","date":"17 febrero, 2022","format":false,"excerpt":"A principios de Febrero ha dado comienzo la V edici\u00f3n de Embajadores del Conocimiento con la celebraci\u00f3n on line del Taller de Lanzamiento de Proyectos, V edici\u00f3n (2022).\u00a0 Embajadores del Conocimiento, como ya sab\u00e9is, es un programa impulsado por el Instituto Andaluz de Administraci\u00f3n P\u00fablica (IAAP) de la Junta de\u2026","rel":"","context":"En \u00abGesti\u00f3n del conocimiento\u00bb","block_context":{"text":"Gesti\u00f3n del conocimiento","link":"https:\/\/ws168.juntadeandalucia.es\/iaap\/gestiondelconocimiento\/category\/gestion-del-conocimiento\/"},"img":{"alt_text":"","src":"https:\/\/i0.wp.com\/ws168.juntadeandalucia.es\/iaap\/gestiondelconocimiento\/wp-content\/uploads\/sites\/10\/2022\/02\/embajadores-conocimiento-2022.jpg?resize=350%2C200&ssl=1","width":350,"height":200,"srcset":"https:\/\/i0.wp.com\/ws168.juntadeandalucia.es\/iaap\/gestiondelconocimiento\/wp-content\/uploads\/sites\/10\/2022\/02\/embajadores-conocimiento-2022.jpg?resize=350%2C200&ssl=1 1x, https:\/\/i0.wp.com\/ws168.juntadeandalucia.es\/iaap\/gestiondelconocimiento\/wp-content\/uploads\/sites\/10\/2022\/02\/embajadores-conocimiento-2022.jpg?resize=525%2C300&ssl=1 1.5x, https:\/\/i0.wp.com\/ws168.juntadeandalucia.es\/iaap\/gestiondelconocimiento\/wp-content\/uploads\/sites\/10\/2022\/02\/embajadores-conocimiento-2022.jpg?resize=700%2C400&ssl=1 2x, https:\/\/i0.wp.com\/ws168.juntadeandalucia.es\/iaap\/gestiondelconocimiento\/wp-content\/uploads\/sites\/10\/2022\/02\/embajadores-conocimiento-2022.jpg?resize=1050%2C600&ssl=1 3x"},"classes":[]},{"id":5877,"url":"https:\/\/ws168.juntadeandalucia.es\/iaap\/gestiondelconocimiento\/la-vii-edicion-de-embajadores-as-del-conocimiento-en-cifras\/","url_meta":{"origin":7547,"position":5},"title":"La VII edici\u00f3n de Embajadores\/as del Conocimiento en cifras","author":"administrador","date":"29 febrero, 2024","format":false,"excerpt":"Siete a\u00f1os, casi doscientos participantes, treinta y ocho proyectos realizados, entre ellos, cinco Encuentros Intergeneracionales.\u00a0Este ser\u00eda el breve resumen de la trayectoria del Programa Embajadores\/as del Conocimiento del Instituto Andaluz de Administraci\u00f3n P\u00fablica hasta el momento.A finales del pasado mes de enero de 2024 tuvo lugar el Taller de Lanzamiento\u2026","rel":"","context":"En \u00abEmpleados p\u00fablicos\u00bb","block_context":{"text":"Empleados p\u00fablicos","link":"https:\/\/ws168.juntadeandalucia.es\/iaap\/gestiondelconocimiento\/category\/empleados-publicos\/"},"img":{"alt_text":"Participantes por g\u00e9nero","src":"https:\/\/i0.wp.com\/ws168.juntadeandalucia.es\/iaap\/gestiondelconocimiento\/wp-content\/uploads\/sites\/10\/2024\/02\/Participantes-por-g%C2%B4nero-1536x1086.jpg?resize=350%2C200&ssl=1","width":350,"height":200,"srcset":"https:\/\/i0.wp.com\/ws168.juntadeandalucia.es\/iaap\/gestiondelconocimiento\/wp-content\/uploads\/sites\/10\/2024\/02\/Participantes-por-g%C2%B4nero-1536x1086.jpg?resize=350%2C200&ssl=1 1x, https:\/\/i0.wp.com\/ws168.juntadeandalucia.es\/iaap\/gestiondelconocimiento\/wp-content\/uploads\/sites\/10\/2024\/02\/Participantes-por-g%C2%B4nero-1536x1086.jpg?resize=525%2C300&ssl=1 1.5x"},"classes":[]}],"jetpack_likes_enabled":true,"_links":{"self":[{"href":"https:\/\/ws168.juntadeandalucia.es\/iaap\/gestiondelconocimiento\/wp-json\/wp\/v2\/posts\/7547","targetHints":{"allow":["GET"]}}],"collection":[{"href":"https:\/\/ws168.juntadeandalucia.es\/iaap\/gestiondelconocimiento\/wp-json\/wp\/v2\/posts"}],"about":[{"href":"https:\/\/ws168.juntadeandalucia.es\/iaap\/gestiondelconocimiento\/wp-json\/wp\/v2\/types\/post"}],"author":[{"embeddable":true,"href":"https:\/\/ws168.juntadeandalucia.es\/iaap\/gestiondelconocimiento\/wp-json\/wp\/v2\/users\/1"}],"replies":[{"embeddable":true,"href":"https:\/\/ws168.juntadeandalucia.es\/iaap\/gestiondelconocimiento\/wp-json\/wp\/v2\/comments?post=7547"}],"version-history":[{"count":17,"href":"https:\/\/ws168.juntadeandalucia.es\/iaap\/gestiondelconocimiento\/wp-json\/wp\/v2\/posts\/7547\/revisions"}],"predecessor-version":[{"id":7568,"href":"https:\/\/ws168.juntadeandalucia.es\/iaap\/gestiondelconocimiento\/wp-json\/wp\/v2\/posts\/7547\/revisions\/7568"}],"wp:attachment":[{"href":"https:\/\/ws168.juntadeandalucia.es\/iaap\/gestiondelconocimiento\/wp-json\/wp\/v2\/media?parent=7547"}],"wp:term":[{"taxonomy":"category","embeddable":true,"href":"https:\/\/ws168.juntadeandalucia.es\/iaap\/gestiondelconocimiento\/wp-json\/wp\/v2\/categories?post=7547"},{"taxonomy":"post_tag","embeddable":true,"href":"https:\/\/ws168.juntadeandalucia.es\/iaap\/gestiondelconocimiento\/wp-json\/wp\/v2\/tags?post=7547"}],"curies":[{"name":"wp","href":"https:\/\/api.w.org\/{rel}","templated":true}]}}