{"id":267412,"date":"2023-12-15T14:04:26","date_gmt":"2023-12-15T12:04:26","guid":{"rendered":"https:\/\/ws168.juntadeandalucia.es\/iaap\/innovanda\/beatriz-colado-comparte-experiencia-con-innovanda\/"},"modified":"2023-12-15T14:04:26","modified_gmt":"2023-12-15T12:04:26","slug":"beatriz-colado-comparte-experiencia-con-innovanda","status":"publish","type":"post","link":"https:\/\/ws168.juntadeandalucia.es\/iaap\/innovanda\/beatriz-colado-comparte-experiencia-con-innovanda\/","title":{"rendered":"Beatriz Colado comparte experiencia con InnovAnda"},"content":{"rendered":"<p>Una semana m\u00e1s en InnovAnda contamos con la presencia de una persona clave y de referencia dentro del \u00e1mbito de la innovaci\u00f3n. Ha sido toda una oportunidad, el conocer el d\u00eda a d\u00eda de un departamento de relaciones institucionales y comunicaci\u00f3n, de mano de Beatriz Colado Moreno, responsable de contenidos y medios de comunicaci\u00f3n de la Corporaci\u00f3n Tecnol\u00f3gica de Andaluc\u00eda (CTA).<\/p>\n<div id=\"attachment_259944\" style=\"width: 454px\" class=\"wp-caption alignleft\"><img fetchpriority=\"high\" fetchpriority=\"high\" decoding=\"async\" aria-describedby=\"caption-attachment-259944\" class=\"wp-image-259944 size-full\" src=\"https:\/\/innovanda.org\/wp-content\/uploads\/2022\/06\/Beatriz-Colado.png\" alt=\"\" width=\"444\" height=\"441\" srcset=\"https:\/\/ws168.juntadeandalucia.es\/iaap\/innovanda\/wp-content\/uploads\/sites\/27\/2022\/06\/Beatriz-Colado.png 444w, https:\/\/ws168.juntadeandalucia.es\/iaap\/innovanda\/wp-content\/uploads\/sites\/27\/2022\/06\/Beatriz-Colado-300x298.png 300w, https:\/\/ws168.juntadeandalucia.es\/iaap\/innovanda\/wp-content\/uploads\/sites\/27\/2022\/06\/Beatriz-Colado-150x150.png 150w\" sizes=\"(max-width: 444px) 100vw, 444px\" \/><p id=\"caption-attachment-259944\" class=\"wp-caption-text\">Beatriz Colado<\/p><\/div>\n<p>Beatriz Colado (@beacolado), responsable de contenidos y medios de comunicaci\u00f3n en @CTAndalucia, comparti\u00f3 con #innovAnda su experiencia y conocimientos. De nuevo tenemos que dar las gracias a las personas que colaboran de forma altruista con nuestra Comunidad, dedicando parte de su tiempo a compartir.<br \/>\nDejamos en la infograf\u00eda algunas frases de momentos destacados de la sesi\u00f3n.<\/p>\n<p>Dice de s\u00ed misma que cuenta historias complejas con palabras sencillas,\u00a0 al fin y al cabo es lo que hace a diario\u2026 intentar que el mensaje que se difunda sea entendido por cualquier persona.<br \/>\nEn su intervenci\u00f3n nos aport\u00f3 diferentes ideas en este sentido y otras muchas\u00a0 que provocan la reflexi\u00f3n y que os compartimos a modo de resumen.<br \/>\nPor supuesto tenemos m\u00e1s y por esto tambi\u00e9n os dejamos con el v\u00eddeo de tan productiva y fruct\u00edfera tarde.<\/p>\n<p>Vis\u00edtanos en <a href=\"https:\/\/youtu.be\/aoUvCsKABt4\" target=\"_blank\" rel=\"noopener\">https:\/\/youtu.be\/aoUvCsKABt4<\/a><\/p>\n","protected":false},"excerpt":{"rendered":"<p>Una semana m\u00e1s en InnovAnda contamos con la presencia de una persona clave y de referencia dentro del \u00e1mbito de la innovaci\u00f3n. Ha sido toda una oportunidad, el conocer el d\u00eda a d\u00eda de un departamento de relaciones institucionales y comunicaci\u00f3n, de mano de Beatriz Colado Moreno, responsable de contenidos y medios de comunicaci\u00f3n de [&hellip;]<\/p>\n","protected":false},"author":641,"featured_media":0,"comment_status":"open","ping_status":"open","sticky":false,"template":"","format":"standard","meta":{"_et_pb_use_builder":"","_et_pb_old_content":"","_et_gb_content_width":"","_jetpack_memberships_contains_paid_content":false,"footnotes":""},"categories":[8],"tags":[],"class_list":["post-267412","post","type-post","status-publish","format-standard","hentry","category-noticias"],"yoast_head":"<!-- This site is optimized with the Yoast SEO plugin v27.4 - https:\/\/yoast.com\/product\/yoast-seo-wordpress\/ -->\n<title>Beatriz Colado comparte experiencia con InnovAnda - Innovanda<\/title>\n<meta name=\"robots\" content=\"index, follow, max-snippet:-1, max-image-preview:large, max-video-preview:-1\" \/>\n<link rel=\"canonical\" href=\"https:\/\/ws168.juntadeandalucia.es\/iaap\/innovanda\/beatriz-colado-comparte-experiencia-con-innovanda\/\" \/>\n<meta property=\"og:locale\" content=\"es_ES\" \/>\n<meta property=\"og:type\" content=\"article\" \/>\n<meta property=\"og:title\" content=\"Beatriz Colado comparte experiencia con InnovAnda - Innovanda\" \/>\n<meta property=\"og:description\" content=\"Una semana m\u00e1s en InnovAnda contamos con la presencia de una persona clave y de referencia dentro del \u00e1mbito de la innovaci\u00f3n. Ha sido toda una oportunidad, el conocer el d\u00eda a d\u00eda de un departamento de relaciones institucionales y comunicaci\u00f3n, de mano de Beatriz Colado Moreno, responsable de contenidos y medios de comunicaci\u00f3n de [&hellip;]\" \/>\n<meta property=\"og:url\" content=\"https:\/\/ws168.juntadeandalucia.es\/iaap\/innovanda\/beatriz-colado-comparte-experiencia-con-innovanda\/\" \/>\n<meta property=\"og:site_name\" content=\"Innovanda\" \/>\n<meta property=\"article:published_time\" content=\"2023-12-15T12:04:26+00:00\" \/>\n<meta property=\"og:image\" content=\"https:\/\/innovanda.org\/wp-content\/uploads\/2022\/06\/Beatriz-Colado.png\" \/>\n<meta name=\"author\" content=\"Francisco Jos\u00e9 Mu\u00f1oz Bueno\" \/>\n<meta name=\"twitter:card\" content=\"summary_large_image\" \/>\n<meta name=\"twitter:label1\" content=\"Escrito por\" \/>\n\t<meta name=\"twitter:data1\" content=\"Francisco Jos\u00e9 Mu\u00f1oz Bueno\" \/>\n\t<meta name=\"twitter:label2\" content=\"Tiempo de lectura\" \/>\n\t<meta name=\"twitter:data2\" content=\"1 minuto\" \/>\n<script type=\"application\/ld+json\" class=\"yoast-schema-graph\">{\"@context\":\"https:\\\/\\\/schema.org\",\"@graph\":[{\"@type\":\"Article\",\"@id\":\"https:\\\/\\\/ws168.juntadeandalucia.es\\\/iaap\\\/innovanda\\\/beatriz-colado-comparte-experiencia-con-innovanda\\\/#article\",\"isPartOf\":{\"@id\":\"https:\\\/\\\/ws168.juntadeandalucia.es\\\/iaap\\\/innovanda\\\/beatriz-colado-comparte-experiencia-con-innovanda\\\/\"},\"author\":{\"name\":\"Francisco Jos\u00e9 Mu\u00f1oz Bueno\",\"@id\":\"https:\\\/\\\/ws168.juntadeandalucia.es\\\/iaap\\\/innovanda\\\/#\\\/schema\\\/person\\\/43c7daf5edfed3de3400b56b1cd2290f\"},\"headline\":\"Beatriz Colado comparte experiencia con InnovAnda\",\"datePublished\":\"2023-12-15T12:04:26+00:00\",\"mainEntityOfPage\":{\"@id\":\"https:\\\/\\\/ws168.juntadeandalucia.es\\\/iaap\\\/innovanda\\\/beatriz-colado-comparte-experiencia-con-innovanda\\\/\"},\"wordCount\":235,\"commentCount\":0,\"image\":{\"@id\":\"https:\\\/\\\/ws168.juntadeandalucia.es\\\/iaap\\\/innovanda\\\/beatriz-colado-comparte-experiencia-con-innovanda\\\/#primaryimage\"},\"thumbnailUrl\":\"https:\\\/\\\/innovanda.org\\\/wp-content\\\/uploads\\\/2022\\\/06\\\/Beatriz-Colado.png\",\"articleSection\":[\"Noticias\"],\"inLanguage\":\"es\"},{\"@type\":\"WebPage\",\"@id\":\"https:\\\/\\\/ws168.juntadeandalucia.es\\\/iaap\\\/innovanda\\\/beatriz-colado-comparte-experiencia-con-innovanda\\\/\",\"url\":\"https:\\\/\\\/ws168.juntadeandalucia.es\\\/iaap\\\/innovanda\\\/beatriz-colado-comparte-experiencia-con-innovanda\\\/\",\"name\":\"Beatriz Colado comparte experiencia con InnovAnda - Innovanda\",\"isPartOf\":{\"@id\":\"https:\\\/\\\/ws168.juntadeandalucia.es\\\/iaap\\\/innovanda\\\/#website\"},\"primaryImageOfPage\":{\"@id\":\"https:\\\/\\\/ws168.juntadeandalucia.es\\\/iaap\\\/innovanda\\\/beatriz-colado-comparte-experiencia-con-innovanda\\\/#primaryimage\"},\"image\":{\"@id\":\"https:\\\/\\\/ws168.juntadeandalucia.es\\\/iaap\\\/innovanda\\\/beatriz-colado-comparte-experiencia-con-innovanda\\\/#primaryimage\"},\"thumbnailUrl\":\"https:\\\/\\\/innovanda.org\\\/wp-content\\\/uploads\\\/2022\\\/06\\\/Beatriz-Colado.png\",\"datePublished\":\"2023-12-15T12:04:26+00:00\",\"author\":{\"@id\":\"https:\\\/\\\/ws168.juntadeandalucia.es\\\/iaap\\\/innovanda\\\/#\\\/schema\\\/person\\\/43c7daf5edfed3de3400b56b1cd2290f\"},\"breadcrumb\":{\"@id\":\"https:\\\/\\\/ws168.juntadeandalucia.es\\\/iaap\\\/innovanda\\\/beatriz-colado-comparte-experiencia-con-innovanda\\\/#breadcrumb\"},\"inLanguage\":\"es\",\"potentialAction\":[{\"@type\":\"ReadAction\",\"target\":[\"https:\\\/\\\/ws168.juntadeandalucia.es\\\/iaap\\\/innovanda\\\/beatriz-colado-comparte-experiencia-con-innovanda\\\/\"]}]},{\"@type\":\"ImageObject\",\"inLanguage\":\"es\",\"@id\":\"https:\\\/\\\/ws168.juntadeandalucia.es\\\/iaap\\\/innovanda\\\/beatriz-colado-comparte-experiencia-con-innovanda\\\/#primaryimage\",\"url\":\"https:\\\/\\\/innovanda.org\\\/wp-content\\\/uploads\\\/2022\\\/06\\\/Beatriz-Colado.png\",\"contentUrl\":\"https:\\\/\\\/innovanda.org\\\/wp-content\\\/uploads\\\/2022\\\/06\\\/Beatriz-Colado.png\"},{\"@type\":\"BreadcrumbList\",\"@id\":\"https:\\\/\\\/ws168.juntadeandalucia.es\\\/iaap\\\/innovanda\\\/beatriz-colado-comparte-experiencia-con-innovanda\\\/#breadcrumb\",\"itemListElement\":[{\"@type\":\"ListItem\",\"position\":1,\"name\":\"Portada\",\"item\":\"https:\\\/\\\/ws168.juntadeandalucia.es\\\/iaap\\\/innovanda\\\/\"},{\"@type\":\"ListItem\",\"position\":2,\"name\":\"Beatriz Colado comparte experiencia con InnovAnda\"}]},{\"@type\":\"WebSite\",\"@id\":\"https:\\\/\\\/ws168.juntadeandalucia.es\\\/iaap\\\/innovanda\\\/#website\",\"url\":\"https:\\\/\\\/ws168.juntadeandalucia.es\\\/iaap\\\/innovanda\\\/\",\"name\":\"Innovanda\",\"description\":\"Innovaci\u00f3n p\u00fablica de abajo arriba\",\"potentialAction\":[{\"@type\":\"SearchAction\",\"target\":{\"@type\":\"EntryPoint\",\"urlTemplate\":\"https:\\\/\\\/ws168.juntadeandalucia.es\\\/iaap\\\/innovanda\\\/?s={search_term_string}\"},\"query-input\":{\"@type\":\"PropertyValueSpecification\",\"valueRequired\":true,\"valueName\":\"search_term_string\"}}],\"inLanguage\":\"es\"},{\"@type\":\"Person\",\"@id\":\"https:\\\/\\\/ws168.juntadeandalucia.es\\\/iaap\\\/innovanda\\\/#\\\/schema\\\/person\\\/43c7daf5edfed3de3400b56b1cd2290f\",\"name\":\"Francisco Jos\u00e9 Mu\u00f1oz Bueno\",\"image\":{\"@type\":\"ImageObject\",\"inLanguage\":\"es\",\"@id\":\"https:\\\/\\\/secure.gravatar.com\\\/avatar\\\/8d5504fa17fc66a10b952031a573047dfa3c9032cdadc2b6a2088c0c5bb62b52?s=96&d=mm&r=g\",\"url\":\"https:\\\/\\\/secure.gravatar.com\\\/avatar\\\/8d5504fa17fc66a10b952031a573047dfa3c9032cdadc2b6a2088c0c5bb62b52?s=96&d=mm&r=g\",\"contentUrl\":\"https:\\\/\\\/secure.gravatar.com\\\/avatar\\\/8d5504fa17fc66a10b952031a573047dfa3c9032cdadc2b6a2088c0c5bb62b52?s=96&d=mm&r=g\",\"caption\":\"Francisco Jos\u00e9 Mu\u00f1oz Bueno\"},\"url\":\"https:\\\/\\\/ws168.juntadeandalucia.es\\\/iaap\\\/innovanda\\\/author\\\/fjosemunoz\\\/\"}]}<\/script>\n<!-- \/ Yoast SEO plugin. -->","yoast_head_json":{"title":"Beatriz Colado comparte experiencia con InnovAnda - Innovanda","robots":{"index":"index","follow":"follow","max-snippet":"max-snippet:-1","max-image-preview":"max-image-preview:large","max-video-preview":"max-video-preview:-1"},"canonical":"https:\/\/ws168.juntadeandalucia.es\/iaap\/innovanda\/beatriz-colado-comparte-experiencia-con-innovanda\/","og_locale":"es_ES","og_type":"article","og_title":"Beatriz Colado comparte experiencia con InnovAnda - Innovanda","og_description":"Una semana m\u00e1s en InnovAnda contamos con la presencia de una persona clave y de referencia dentro del \u00e1mbito de la innovaci\u00f3n. Ha sido toda una oportunidad, el conocer el d\u00eda a d\u00eda de un departamento de relaciones institucionales y comunicaci\u00f3n, de mano de Beatriz Colado Moreno, responsable de contenidos y medios de comunicaci\u00f3n de [&hellip;]","og_url":"https:\/\/ws168.juntadeandalucia.es\/iaap\/innovanda\/beatriz-colado-comparte-experiencia-con-innovanda\/","og_site_name":"Innovanda","article_published_time":"2023-12-15T12:04:26+00:00","og_image":[{"url":"https:\/\/innovanda.org\/wp-content\/uploads\/2022\/06\/Beatriz-Colado.png","type":"","width":"","height":""}],"author":"Francisco Jos\u00e9 Mu\u00f1oz Bueno","twitter_card":"summary_large_image","twitter_misc":{"Escrito por":"Francisco Jos\u00e9 Mu\u00f1oz Bueno","Tiempo de lectura":"1 minuto"},"schema":{"@context":"https:\/\/schema.org","@graph":[{"@type":"Article","@id":"https:\/\/ws168.juntadeandalucia.es\/iaap\/innovanda\/beatriz-colado-comparte-experiencia-con-innovanda\/#article","isPartOf":{"@id":"https:\/\/ws168.juntadeandalucia.es\/iaap\/innovanda\/beatriz-colado-comparte-experiencia-con-innovanda\/"},"author":{"name":"Francisco Jos\u00e9 Mu\u00f1oz Bueno","@id":"https:\/\/ws168.juntadeandalucia.es\/iaap\/innovanda\/#\/schema\/person\/43c7daf5edfed3de3400b56b1cd2290f"},"headline":"Beatriz Colado comparte experiencia con InnovAnda","datePublished":"2023-12-15T12:04:26+00:00","mainEntityOfPage":{"@id":"https:\/\/ws168.juntadeandalucia.es\/iaap\/innovanda\/beatriz-colado-comparte-experiencia-con-innovanda\/"},"wordCount":235,"commentCount":0,"image":{"@id":"https:\/\/ws168.juntadeandalucia.es\/iaap\/innovanda\/beatriz-colado-comparte-experiencia-con-innovanda\/#primaryimage"},"thumbnailUrl":"https:\/\/innovanda.org\/wp-content\/uploads\/2022\/06\/Beatriz-Colado.png","articleSection":["Noticias"],"inLanguage":"es"},{"@type":"WebPage","@id":"https:\/\/ws168.juntadeandalucia.es\/iaap\/innovanda\/beatriz-colado-comparte-experiencia-con-innovanda\/","url":"https:\/\/ws168.juntadeandalucia.es\/iaap\/innovanda\/beatriz-colado-comparte-experiencia-con-innovanda\/","name":"Beatriz Colado comparte experiencia con InnovAnda - Innovanda","isPartOf":{"@id":"https:\/\/ws168.juntadeandalucia.es\/iaap\/innovanda\/#website"},"primaryImageOfPage":{"@id":"https:\/\/ws168.juntadeandalucia.es\/iaap\/innovanda\/beatriz-colado-comparte-experiencia-con-innovanda\/#primaryimage"},"image":{"@id":"https:\/\/ws168.juntadeandalucia.es\/iaap\/innovanda\/beatriz-colado-comparte-experiencia-con-innovanda\/#primaryimage"},"thumbnailUrl":"https:\/\/innovanda.org\/wp-content\/uploads\/2022\/06\/Beatriz-Colado.png","datePublished":"2023-12-15T12:04:26+00:00","author":{"@id":"https:\/\/ws168.juntadeandalucia.es\/iaap\/innovanda\/#\/schema\/person\/43c7daf5edfed3de3400b56b1cd2290f"},"breadcrumb":{"@id":"https:\/\/ws168.juntadeandalucia.es\/iaap\/innovanda\/beatriz-colado-comparte-experiencia-con-innovanda\/#breadcrumb"},"inLanguage":"es","potentialAction":[{"@type":"ReadAction","target":["https:\/\/ws168.juntadeandalucia.es\/iaap\/innovanda\/beatriz-colado-comparte-experiencia-con-innovanda\/"]}]},{"@type":"ImageObject","inLanguage":"es","@id":"https:\/\/ws168.juntadeandalucia.es\/iaap\/innovanda\/beatriz-colado-comparte-experiencia-con-innovanda\/#primaryimage","url":"https:\/\/innovanda.org\/wp-content\/uploads\/2022\/06\/Beatriz-Colado.png","contentUrl":"https:\/\/innovanda.org\/wp-content\/uploads\/2022\/06\/Beatriz-Colado.png"},{"@type":"BreadcrumbList","@id":"https:\/\/ws168.juntadeandalucia.es\/iaap\/innovanda\/beatriz-colado-comparte-experiencia-con-innovanda\/#breadcrumb","itemListElement":[{"@type":"ListItem","position":1,"name":"Portada","item":"https:\/\/ws168.juntadeandalucia.es\/iaap\/innovanda\/"},{"@type":"ListItem","position":2,"name":"Beatriz Colado comparte experiencia con InnovAnda"}]},{"@type":"WebSite","@id":"https:\/\/ws168.juntadeandalucia.es\/iaap\/innovanda\/#website","url":"https:\/\/ws168.juntadeandalucia.es\/iaap\/innovanda\/","name":"Innovanda","description":"Innovaci\u00f3n p\u00fablica de abajo arriba","potentialAction":[{"@type":"SearchAction","target":{"@type":"EntryPoint","urlTemplate":"https:\/\/ws168.juntadeandalucia.es\/iaap\/innovanda\/?s={search_term_string}"},"query-input":{"@type":"PropertyValueSpecification","valueRequired":true,"valueName":"search_term_string"}}],"inLanguage":"es"},{"@type":"Person","@id":"https:\/\/ws168.juntadeandalucia.es\/iaap\/innovanda\/#\/schema\/person\/43c7daf5edfed3de3400b56b1cd2290f","name":"Francisco Jos\u00e9 Mu\u00f1oz Bueno","image":{"@type":"ImageObject","inLanguage":"es","@id":"https:\/\/secure.gravatar.com\/avatar\/8d5504fa17fc66a10b952031a573047dfa3c9032cdadc2b6a2088c0c5bb62b52?s=96&d=mm&r=g","url":"https:\/\/secure.gravatar.com\/avatar\/8d5504fa17fc66a10b952031a573047dfa3c9032cdadc2b6a2088c0c5bb62b52?s=96&d=mm&r=g","contentUrl":"https:\/\/secure.gravatar.com\/avatar\/8d5504fa17fc66a10b952031a573047dfa3c9032cdadc2b6a2088c0c5bb62b52?s=96&d=mm&r=g","caption":"Francisco Jos\u00e9 Mu\u00f1oz Bueno"},"url":"https:\/\/ws168.juntadeandalucia.es\/iaap\/innovanda\/author\/fjosemunoz\/"}]}},"jetpack_featured_media_url":"","jetpack_sharing_enabled":true,"_links":{"self":[{"href":"https:\/\/ws168.juntadeandalucia.es\/iaap\/innovanda\/wp-json\/wp\/v2\/posts\/267412","targetHints":{"allow":["GET"]}}],"collection":[{"href":"https:\/\/ws168.juntadeandalucia.es\/iaap\/innovanda\/wp-json\/wp\/v2\/posts"}],"about":[{"href":"https:\/\/ws168.juntadeandalucia.es\/iaap\/innovanda\/wp-json\/wp\/v2\/types\/post"}],"author":[{"embeddable":true,"href":"https:\/\/ws168.juntadeandalucia.es\/iaap\/innovanda\/wp-json\/wp\/v2\/users\/641"}],"replies":[{"embeddable":true,"href":"https:\/\/ws168.juntadeandalucia.es\/iaap\/innovanda\/wp-json\/wp\/v2\/comments?post=267412"}],"version-history":[{"count":0,"href":"https:\/\/ws168.juntadeandalucia.es\/iaap\/innovanda\/wp-json\/wp\/v2\/posts\/267412\/revisions"}],"wp:attachment":[{"href":"https:\/\/ws168.juntadeandalucia.es\/iaap\/innovanda\/wp-json\/wp\/v2\/media?parent=267412"}],"wp:term":[{"taxonomy":"category","embeddable":true,"href":"https:\/\/ws168.juntadeandalucia.es\/iaap\/innovanda\/wp-json\/wp\/v2\/categories?post=267412"},{"taxonomy":"post_tag","embeddable":true,"href":"https:\/\/ws168.juntadeandalucia.es\/iaap\/innovanda\/wp-json\/wp\/v2\/tags?post=267412"}],"curies":[{"name":"wp","href":"https:\/\/api.w.org\/{rel}","templated":true}]}}