{"id":268271,"date":"2024-07-01T07:45:19","date_gmt":"2024-07-01T05:45:19","guid":{"rendered":"https:\/\/ws168.juntadeandalucia.es\/iaap\/innovanda\/?p=268271"},"modified":"2024-07-01T07:49:22","modified_gmt":"2024-07-01T05:49:22","slug":"innovanda-despedida-y-reconocimiento-a-juan-leal","status":"publish","type":"post","link":"https:\/\/ws168.juntadeandalucia.es\/iaap\/innovanda\/innovanda-despedida-y-reconocimiento-a-juan-leal\/","title":{"rendered":"InnovAnda. Despedida y reconocimiento a Juan Leal"},"content":{"rendered":"<h2 class=\"western\" align=\"justify\"><span style=\"font-family: Proxima Nova Rg, monospace\"><span style=\"font-size: medium\">Agradecimiento a Juan Leal<\/span><\/span><\/h2>\n<p align=\"justify\"><span style=\"font-family: Proxima Nova Rg, monospace\"><span style=\"font-size: medium\">Juan Leal Zubiete, Ingeniero de Telecomunicaci\u00f3n y, durante los \u00faltimos a\u00f1os, asesor t\u00e9cnico en el \u00e1rea de Innovaci\u00f3n del Instituto Andaluz de Administraci\u00f3n P\u00fablica <a href=\"https:\/\/www.juntadeandalucia.es\/institutodeadministracionpublica\/publico\/home.filter\" target=\"_blank\" rel=\"noopener\">(IAAP<\/a>), ha pasado recientemente a ser, consejero t\u00e9cnico en la Secretar\u00eda General para la Administraci\u00f3n P\u00fablica de la Consejer\u00eda de Justicia, Administraci\u00f3n Local y Funci\u00f3n P\u00fablica en Sevilla. <\/span><\/span><\/p>\n<p align=\"justify\"><span style=\"font-family: Proxima Nova Rg, monospace\"><span style=\"font-size: medium\">Desde 2019, Juan ha sido un pilar fundamental en el \u00e1rea de innovaci\u00f3n del IAAP, desde la que ha colaborado estrechamente con la comunidad InnovAnda.<\/span><\/span><\/p>\n<h2 class=\"western\" align=\"justify\"><span style=\"font-family: Proxima Nova Rg, monospace\"><span style=\"font-size: medium\">Colaboraci\u00f3n<\/span><\/span><\/h2>\n<p align=\"justify\"><span style=\"font-family: Proxima Nova Rg, monospace\"><span style=\"font-size: medium\">Durante su tiempo en el Instituto, Juan ha contribuido siempre y de manera decisiva al impulso de InnovAnda, participando en todos sus eventos y por supuesto, aportando su amplia experiencia y conocimiento. Su \u00faltimo d\u00eda en el IAAP, lo dedic\u00f3 al IV Taller sobre el futuro InnovAnda,\u00a0 celebrado el pasado 26 de Junio en el aulario del IAAP.\u00a0 En\u00a0 este taller se reflexion\u00f3 sobre la innovaci\u00f3n en el \u00e1mbito de la Ley de Funci\u00f3n P\u00fablica de Andaluc\u00eda, la evaluaci\u00f3n del desempe\u00f1o y la carrera profesional, analizando las posibles oportunidades que todo ello puede ofrecer para InnovAnda.<\/span><\/span><\/p>\n<p align=\"justify\"><span style=\"font-family: Proxima Nova Rg, monospace\"><span style=\"font-size: medium\">Al final de esa jornada la comunidad InnovAnda, junto con Paz S\u00e1nchez, su compa\u00f1era en el \u00e1rea de innovaci\u00f3n del IAAP,\u00a0 quisi mostrar su agradecimiento a Juan Leal, reconociendo su dedicaci\u00f3n y compromiso con la innovaci\u00f3n p\u00fablica en general y con InnovAnda en particular. Sus esfuerzos estuvieron dirigidos siempre hacia el objetivo de que la Administraci\u00f3n p\u00fablica andaluza sea m\u00e1s innovadora.<\/span><\/span><\/p>\n<p align=\"justify\"><a href=\"https:\/\/ws168.juntadeandalucia.es\/iaap\/innovanda\/wp-content\/uploads\/sites\/27\/2024\/07\/IMG_20240626_135952-scaled.jpg\" target=\"_blank\" rel=\"noopener\"><img decoding=\"async\" class=\"alignnone wp-image-268284 size-medium\" src=\"https:\/\/ws168.juntadeandalucia.es\/iaap\/innovanda\/wp-content\/uploads\/sites\/27\/2024\/07\/IMG_20240626_135952-300x135.jpg\" alt=\"\" width=\"300\" height=\"135\" \/><\/a><\/p>\n<p align=\"justify\"><span style=\"font-family: Proxima Nova Rg, monospace\"><span style=\"font-size: medium\">Desde su nueva responsabilidad Juan seguir\u00e1 vinculado a algunos proyectos del IAAP en los que ha venido trabajando.\u00a0 Continuar\u00e1 igualmente siendo miembro de la comunidad de InnovAnda y por supuesto le deseamos lo mayores \u00e9xitos en su nuevo destino. Esperamos seguir contando con su siempre valiosa colaboraci\u00f3n.<\/span><\/span><\/p>\n<p>&nbsp;<\/p>\n","protected":false},"excerpt":{"rendered":"<p>Agradecimiento a Juan Leal Juan Leal Zubiete, Ingeniero de Telecomunicaci\u00f3n y, durante los \u00faltimos a\u00f1os, asesor t\u00e9cnico en el \u00e1rea de Innovaci\u00f3n del Instituto Andaluz de Administraci\u00f3n P\u00fablica (IAAP), ha pasado recientemente a ser, consejero t\u00e9cnico en la Secretar\u00eda General para la Administraci\u00f3n P\u00fablica de la Consejer\u00eda de Justicia, Administraci\u00f3n Local y Funci\u00f3n P\u00fablica en [&hellip;]<\/p>\n","protected":false},"author":645,"featured_media":268274,"comment_status":"closed","ping_status":"closed","sticky":false,"template":"","format":"standard","meta":{"_et_pb_use_builder":"","_et_pb_old_content":"","_et_gb_content_width":"","_jetpack_memberships_contains_paid_content":false,"footnotes":""},"categories":[5,8],"tags":[],"class_list":["post-268271","post","type-post","status-publish","format-standard","has-post-thumbnail","hentry","category-blog","category-noticias"],"yoast_head":"<!-- This site is optimized with the Yoast SEO plugin v27.4 - https:\/\/yoast.com\/product\/yoast-seo-wordpress\/ -->\n<title>InnovAnda. Despedida y reconocimiento a Juan Leal - Innovanda<\/title>\n<meta name=\"robots\" content=\"index, follow, max-snippet:-1, max-image-preview:large, max-video-preview:-1\" \/>\n<link rel=\"canonical\" href=\"https:\/\/ws168.juntadeandalucia.es\/iaap\/innovanda\/innovanda-despedida-y-reconocimiento-a-juan-leal\/\" \/>\n<meta property=\"og:locale\" content=\"es_ES\" \/>\n<meta property=\"og:type\" content=\"article\" \/>\n<meta property=\"og:title\" content=\"InnovAnda. Despedida y reconocimiento a Juan Leal - Innovanda\" \/>\n<meta property=\"og:description\" content=\"Agradecimiento a Juan Leal Juan Leal Zubiete, Ingeniero de Telecomunicaci\u00f3n y, durante los \u00faltimos a\u00f1os, asesor t\u00e9cnico en el \u00e1rea de Innovaci\u00f3n del Instituto Andaluz de Administraci\u00f3n P\u00fablica (IAAP), ha pasado recientemente a ser, consejero t\u00e9cnico en la Secretar\u00eda General para la Administraci\u00f3n P\u00fablica de la Consejer\u00eda de Justicia, Administraci\u00f3n Local y Funci\u00f3n P\u00fablica en [&hellip;]\" \/>\n<meta property=\"og:url\" content=\"https:\/\/ws168.juntadeandalucia.es\/iaap\/innovanda\/innovanda-despedida-y-reconocimiento-a-juan-leal\/\" \/>\n<meta property=\"og:site_name\" content=\"Innovanda\" \/>\n<meta property=\"article:published_time\" content=\"2024-07-01T05:45:19+00:00\" \/>\n<meta property=\"article:modified_time\" content=\"2024-07-01T05:49:22+00:00\" \/>\n<meta property=\"og:image\" content=\"https:\/\/ws168.juntadeandalucia.es\/iaap\/innovanda\/wp-content\/uploads\/sites\/27\/2024\/06\/Juan-Leal.jpg\" \/>\n\t<meta property=\"og:image:width\" content=\"1057\" \/>\n\t<meta property=\"og:image:height\" content=\"733\" \/>\n\t<meta property=\"og:image:type\" content=\"image\/jpeg\" \/>\n<meta name=\"author\" content=\"Jos\u00e9 Puerta Alarc\u00f3n\" \/>\n<meta name=\"twitter:card\" content=\"summary_large_image\" \/>\n<meta name=\"twitter:label1\" content=\"Escrito por\" \/>\n\t<meta name=\"twitter:data1\" content=\"Jos\u00e9 Puerta Alarc\u00f3n\" \/>\n\t<meta name=\"twitter:label2\" content=\"Tiempo de lectura\" \/>\n\t<meta name=\"twitter:data2\" content=\"2 minutos\" \/>\n<script type=\"application\/ld+json\" class=\"yoast-schema-graph\">{\"@context\":\"https:\\\/\\\/schema.org\",\"@graph\":[{\"@type\":\"Article\",\"@id\":\"https:\\\/\\\/ws168.juntadeandalucia.es\\\/iaap\\\/innovanda\\\/innovanda-despedida-y-reconocimiento-a-juan-leal\\\/#article\",\"isPartOf\":{\"@id\":\"https:\\\/\\\/ws168.juntadeandalucia.es\\\/iaap\\\/innovanda\\\/innovanda-despedida-y-reconocimiento-a-juan-leal\\\/\"},\"author\":{\"name\":\"Jos\u00e9 Puerta Alarc\u00f3n\",\"@id\":\"https:\\\/\\\/ws168.juntadeandalucia.es\\\/iaap\\\/innovanda\\\/#\\\/schema\\\/person\\\/4cc68e484a6483df760da89f043ff810\"},\"headline\":\"InnovAnda. Despedida y reconocimiento a Juan Leal\",\"datePublished\":\"2024-07-01T05:45:19+00:00\",\"dateModified\":\"2024-07-01T05:49:22+00:00\",\"mainEntityOfPage\":{\"@id\":\"https:\\\/\\\/ws168.juntadeandalucia.es\\\/iaap\\\/innovanda\\\/innovanda-despedida-y-reconocimiento-a-juan-leal\\\/\"},\"wordCount\":325,\"image\":{\"@id\":\"https:\\\/\\\/ws168.juntadeandalucia.es\\\/iaap\\\/innovanda\\\/innovanda-despedida-y-reconocimiento-a-juan-leal\\\/#primaryimage\"},\"thumbnailUrl\":\"https:\\\/\\\/ws168.juntadeandalucia.es\\\/iaap\\\/innovanda\\\/wp-content\\\/uploads\\\/sites\\\/27\\\/2024\\\/06\\\/Juan-Leal.jpg\",\"articleSection\":[\"Blog\",\"Noticias\"],\"inLanguage\":\"es\"},{\"@type\":\"WebPage\",\"@id\":\"https:\\\/\\\/ws168.juntadeandalucia.es\\\/iaap\\\/innovanda\\\/innovanda-despedida-y-reconocimiento-a-juan-leal\\\/\",\"url\":\"https:\\\/\\\/ws168.juntadeandalucia.es\\\/iaap\\\/innovanda\\\/innovanda-despedida-y-reconocimiento-a-juan-leal\\\/\",\"name\":\"InnovAnda. Despedida y reconocimiento a Juan Leal - Innovanda\",\"isPartOf\":{\"@id\":\"https:\\\/\\\/ws168.juntadeandalucia.es\\\/iaap\\\/innovanda\\\/#website\"},\"primaryImageOfPage\":{\"@id\":\"https:\\\/\\\/ws168.juntadeandalucia.es\\\/iaap\\\/innovanda\\\/innovanda-despedida-y-reconocimiento-a-juan-leal\\\/#primaryimage\"},\"image\":{\"@id\":\"https:\\\/\\\/ws168.juntadeandalucia.es\\\/iaap\\\/innovanda\\\/innovanda-despedida-y-reconocimiento-a-juan-leal\\\/#primaryimage\"},\"thumbnailUrl\":\"https:\\\/\\\/ws168.juntadeandalucia.es\\\/iaap\\\/innovanda\\\/wp-content\\\/uploads\\\/sites\\\/27\\\/2024\\\/06\\\/Juan-Leal.jpg\",\"datePublished\":\"2024-07-01T05:45:19+00:00\",\"dateModified\":\"2024-07-01T05:49:22+00:00\",\"author\":{\"@id\":\"https:\\\/\\\/ws168.juntadeandalucia.es\\\/iaap\\\/innovanda\\\/#\\\/schema\\\/person\\\/4cc68e484a6483df760da89f043ff810\"},\"breadcrumb\":{\"@id\":\"https:\\\/\\\/ws168.juntadeandalucia.es\\\/iaap\\\/innovanda\\\/innovanda-despedida-y-reconocimiento-a-juan-leal\\\/#breadcrumb\"},\"inLanguage\":\"es\",\"potentialAction\":[{\"@type\":\"ReadAction\",\"target\":[\"https:\\\/\\\/ws168.juntadeandalucia.es\\\/iaap\\\/innovanda\\\/innovanda-despedida-y-reconocimiento-a-juan-leal\\\/\"]}]},{\"@type\":\"ImageObject\",\"inLanguage\":\"es\",\"@id\":\"https:\\\/\\\/ws168.juntadeandalucia.es\\\/iaap\\\/innovanda\\\/innovanda-despedida-y-reconocimiento-a-juan-leal\\\/#primaryimage\",\"url\":\"https:\\\/\\\/ws168.juntadeandalucia.es\\\/iaap\\\/innovanda\\\/wp-content\\\/uploads\\\/sites\\\/27\\\/2024\\\/06\\\/Juan-Leal.jpg\",\"contentUrl\":\"https:\\\/\\\/ws168.juntadeandalucia.es\\\/iaap\\\/innovanda\\\/wp-content\\\/uploads\\\/sites\\\/27\\\/2024\\\/06\\\/Juan-Leal.jpg\",\"width\":1057,\"height\":733},{\"@type\":\"BreadcrumbList\",\"@id\":\"https:\\\/\\\/ws168.juntadeandalucia.es\\\/iaap\\\/innovanda\\\/innovanda-despedida-y-reconocimiento-a-juan-leal\\\/#breadcrumb\",\"itemListElement\":[{\"@type\":\"ListItem\",\"position\":1,\"name\":\"Portada\",\"item\":\"https:\\\/\\\/ws168.juntadeandalucia.es\\\/iaap\\\/innovanda\\\/\"},{\"@type\":\"ListItem\",\"position\":2,\"name\":\"InnovAnda. Despedida y reconocimiento a Juan Leal\"}]},{\"@type\":\"WebSite\",\"@id\":\"https:\\\/\\\/ws168.juntadeandalucia.es\\\/iaap\\\/innovanda\\\/#website\",\"url\":\"https:\\\/\\\/ws168.juntadeandalucia.es\\\/iaap\\\/innovanda\\\/\",\"name\":\"Innovanda\",\"description\":\"Innovaci\u00f3n p\u00fablica de abajo arriba\",\"potentialAction\":[{\"@type\":\"SearchAction\",\"target\":{\"@type\":\"EntryPoint\",\"urlTemplate\":\"https:\\\/\\\/ws168.juntadeandalucia.es\\\/iaap\\\/innovanda\\\/?s={search_term_string}\"},\"query-input\":{\"@type\":\"PropertyValueSpecification\",\"valueRequired\":true,\"valueName\":\"search_term_string\"}}],\"inLanguage\":\"es\"},{\"@type\":\"Person\",\"@id\":\"https:\\\/\\\/ws168.juntadeandalucia.es\\\/iaap\\\/innovanda\\\/#\\\/schema\\\/person\\\/4cc68e484a6483df760da89f043ff810\",\"name\":\"Jos\u00e9 Puerta Alarc\u00f3n\",\"image\":{\"@type\":\"ImageObject\",\"inLanguage\":\"es\",\"@id\":\"https:\\\/\\\/secure.gravatar.com\\\/avatar\\\/7f17748c0b892e944e8571435840e4be7e81380ada4c459166b53ab77b7cfaf8?s=96&d=mm&r=g\",\"url\":\"https:\\\/\\\/secure.gravatar.com\\\/avatar\\\/7f17748c0b892e944e8571435840e4be7e81380ada4c459166b53ab77b7cfaf8?s=96&d=mm&r=g\",\"contentUrl\":\"https:\\\/\\\/secure.gravatar.com\\\/avatar\\\/7f17748c0b892e944e8571435840e4be7e81380ada4c459166b53ab77b7cfaf8?s=96&d=mm&r=g\",\"caption\":\"Jos\u00e9 Puerta Alarc\u00f3n\"},\"url\":\"https:\\\/\\\/ws168.juntadeandalucia.es\\\/iaap\\\/innovanda\\\/author\\\/jose-puerta\\\/\"}]}<\/script>\n<!-- \/ Yoast SEO plugin. -->","yoast_head_json":{"title":"InnovAnda. Despedida y reconocimiento a Juan Leal - Innovanda","robots":{"index":"index","follow":"follow","max-snippet":"max-snippet:-1","max-image-preview":"max-image-preview:large","max-video-preview":"max-video-preview:-1"},"canonical":"https:\/\/ws168.juntadeandalucia.es\/iaap\/innovanda\/innovanda-despedida-y-reconocimiento-a-juan-leal\/","og_locale":"es_ES","og_type":"article","og_title":"InnovAnda. Despedida y reconocimiento a Juan Leal - Innovanda","og_description":"Agradecimiento a Juan Leal Juan Leal Zubiete, Ingeniero de Telecomunicaci\u00f3n y, durante los \u00faltimos a\u00f1os, asesor t\u00e9cnico en el \u00e1rea de Innovaci\u00f3n del Instituto Andaluz de Administraci\u00f3n P\u00fablica (IAAP), ha pasado recientemente a ser, consejero t\u00e9cnico en la Secretar\u00eda General para la Administraci\u00f3n P\u00fablica de la Consejer\u00eda de Justicia, Administraci\u00f3n Local y Funci\u00f3n P\u00fablica en [&hellip;]","og_url":"https:\/\/ws168.juntadeandalucia.es\/iaap\/innovanda\/innovanda-despedida-y-reconocimiento-a-juan-leal\/","og_site_name":"Innovanda","article_published_time":"2024-07-01T05:45:19+00:00","article_modified_time":"2024-07-01T05:49:22+00:00","og_image":[{"width":1057,"height":733,"url":"https:\/\/ws168.juntadeandalucia.es\/iaap\/innovanda\/wp-content\/uploads\/sites\/27\/2024\/06\/Juan-Leal.jpg","type":"image\/jpeg"}],"author":"Jos\u00e9 Puerta Alarc\u00f3n","twitter_card":"summary_large_image","twitter_misc":{"Escrito por":"Jos\u00e9 Puerta Alarc\u00f3n","Tiempo de lectura":"2 minutos"},"schema":{"@context":"https:\/\/schema.org","@graph":[{"@type":"Article","@id":"https:\/\/ws168.juntadeandalucia.es\/iaap\/innovanda\/innovanda-despedida-y-reconocimiento-a-juan-leal\/#article","isPartOf":{"@id":"https:\/\/ws168.juntadeandalucia.es\/iaap\/innovanda\/innovanda-despedida-y-reconocimiento-a-juan-leal\/"},"author":{"name":"Jos\u00e9 Puerta Alarc\u00f3n","@id":"https:\/\/ws168.juntadeandalucia.es\/iaap\/innovanda\/#\/schema\/person\/4cc68e484a6483df760da89f043ff810"},"headline":"InnovAnda. Despedida y reconocimiento a Juan Leal","datePublished":"2024-07-01T05:45:19+00:00","dateModified":"2024-07-01T05:49:22+00:00","mainEntityOfPage":{"@id":"https:\/\/ws168.juntadeandalucia.es\/iaap\/innovanda\/innovanda-despedida-y-reconocimiento-a-juan-leal\/"},"wordCount":325,"image":{"@id":"https:\/\/ws168.juntadeandalucia.es\/iaap\/innovanda\/innovanda-despedida-y-reconocimiento-a-juan-leal\/#primaryimage"},"thumbnailUrl":"https:\/\/ws168.juntadeandalucia.es\/iaap\/innovanda\/wp-content\/uploads\/sites\/27\/2024\/06\/Juan-Leal.jpg","articleSection":["Blog","Noticias"],"inLanguage":"es"},{"@type":"WebPage","@id":"https:\/\/ws168.juntadeandalucia.es\/iaap\/innovanda\/innovanda-despedida-y-reconocimiento-a-juan-leal\/","url":"https:\/\/ws168.juntadeandalucia.es\/iaap\/innovanda\/innovanda-despedida-y-reconocimiento-a-juan-leal\/","name":"InnovAnda. Despedida y reconocimiento a Juan Leal - Innovanda","isPartOf":{"@id":"https:\/\/ws168.juntadeandalucia.es\/iaap\/innovanda\/#website"},"primaryImageOfPage":{"@id":"https:\/\/ws168.juntadeandalucia.es\/iaap\/innovanda\/innovanda-despedida-y-reconocimiento-a-juan-leal\/#primaryimage"},"image":{"@id":"https:\/\/ws168.juntadeandalucia.es\/iaap\/innovanda\/innovanda-despedida-y-reconocimiento-a-juan-leal\/#primaryimage"},"thumbnailUrl":"https:\/\/ws168.juntadeandalucia.es\/iaap\/innovanda\/wp-content\/uploads\/sites\/27\/2024\/06\/Juan-Leal.jpg","datePublished":"2024-07-01T05:45:19+00:00","dateModified":"2024-07-01T05:49:22+00:00","author":{"@id":"https:\/\/ws168.juntadeandalucia.es\/iaap\/innovanda\/#\/schema\/person\/4cc68e484a6483df760da89f043ff810"},"breadcrumb":{"@id":"https:\/\/ws168.juntadeandalucia.es\/iaap\/innovanda\/innovanda-despedida-y-reconocimiento-a-juan-leal\/#breadcrumb"},"inLanguage":"es","potentialAction":[{"@type":"ReadAction","target":["https:\/\/ws168.juntadeandalucia.es\/iaap\/innovanda\/innovanda-despedida-y-reconocimiento-a-juan-leal\/"]}]},{"@type":"ImageObject","inLanguage":"es","@id":"https:\/\/ws168.juntadeandalucia.es\/iaap\/innovanda\/innovanda-despedida-y-reconocimiento-a-juan-leal\/#primaryimage","url":"https:\/\/ws168.juntadeandalucia.es\/iaap\/innovanda\/wp-content\/uploads\/sites\/27\/2024\/06\/Juan-Leal.jpg","contentUrl":"https:\/\/ws168.juntadeandalucia.es\/iaap\/innovanda\/wp-content\/uploads\/sites\/27\/2024\/06\/Juan-Leal.jpg","width":1057,"height":733},{"@type":"BreadcrumbList","@id":"https:\/\/ws168.juntadeandalucia.es\/iaap\/innovanda\/innovanda-despedida-y-reconocimiento-a-juan-leal\/#breadcrumb","itemListElement":[{"@type":"ListItem","position":1,"name":"Portada","item":"https:\/\/ws168.juntadeandalucia.es\/iaap\/innovanda\/"},{"@type":"ListItem","position":2,"name":"InnovAnda. Despedida y reconocimiento a Juan Leal"}]},{"@type":"WebSite","@id":"https:\/\/ws168.juntadeandalucia.es\/iaap\/innovanda\/#website","url":"https:\/\/ws168.juntadeandalucia.es\/iaap\/innovanda\/","name":"Innovanda","description":"Innovaci\u00f3n p\u00fablica de abajo arriba","potentialAction":[{"@type":"SearchAction","target":{"@type":"EntryPoint","urlTemplate":"https:\/\/ws168.juntadeandalucia.es\/iaap\/innovanda\/?s={search_term_string}"},"query-input":{"@type":"PropertyValueSpecification","valueRequired":true,"valueName":"search_term_string"}}],"inLanguage":"es"},{"@type":"Person","@id":"https:\/\/ws168.juntadeandalucia.es\/iaap\/innovanda\/#\/schema\/person\/4cc68e484a6483df760da89f043ff810","name":"Jos\u00e9 Puerta Alarc\u00f3n","image":{"@type":"ImageObject","inLanguage":"es","@id":"https:\/\/secure.gravatar.com\/avatar\/7f17748c0b892e944e8571435840e4be7e81380ada4c459166b53ab77b7cfaf8?s=96&d=mm&r=g","url":"https:\/\/secure.gravatar.com\/avatar\/7f17748c0b892e944e8571435840e4be7e81380ada4c459166b53ab77b7cfaf8?s=96&d=mm&r=g","contentUrl":"https:\/\/secure.gravatar.com\/avatar\/7f17748c0b892e944e8571435840e4be7e81380ada4c459166b53ab77b7cfaf8?s=96&d=mm&r=g","caption":"Jos\u00e9 Puerta Alarc\u00f3n"},"url":"https:\/\/ws168.juntadeandalucia.es\/iaap\/innovanda\/author\/jose-puerta\/"}]}},"jetpack_featured_media_url":"https:\/\/ws168.juntadeandalucia.es\/iaap\/innovanda\/wp-content\/uploads\/sites\/27\/2024\/06\/Juan-Leal.jpg","jetpack_sharing_enabled":true,"_links":{"self":[{"href":"https:\/\/ws168.juntadeandalucia.es\/iaap\/innovanda\/wp-json\/wp\/v2\/posts\/268271","targetHints":{"allow":["GET"]}}],"collection":[{"href":"https:\/\/ws168.juntadeandalucia.es\/iaap\/innovanda\/wp-json\/wp\/v2\/posts"}],"about":[{"href":"https:\/\/ws168.juntadeandalucia.es\/iaap\/innovanda\/wp-json\/wp\/v2\/types\/post"}],"author":[{"embeddable":true,"href":"https:\/\/ws168.juntadeandalucia.es\/iaap\/innovanda\/wp-json\/wp\/v2\/users\/645"}],"replies":[{"embeddable":true,"href":"https:\/\/ws168.juntadeandalucia.es\/iaap\/innovanda\/wp-json\/wp\/v2\/comments?post=268271"}],"version-history":[{"count":5,"href":"https:\/\/ws168.juntadeandalucia.es\/iaap\/innovanda\/wp-json\/wp\/v2\/posts\/268271\/revisions"}],"predecessor-version":[{"id":268285,"href":"https:\/\/ws168.juntadeandalucia.es\/iaap\/innovanda\/wp-json\/wp\/v2\/posts\/268271\/revisions\/268285"}],"wp:featuredmedia":[{"embeddable":true,"href":"https:\/\/ws168.juntadeandalucia.es\/iaap\/innovanda\/wp-json\/wp\/v2\/media\/268274"}],"wp:attachment":[{"href":"https:\/\/ws168.juntadeandalucia.es\/iaap\/innovanda\/wp-json\/wp\/v2\/media?parent=268271"}],"wp:term":[{"taxonomy":"category","embeddable":true,"href":"https:\/\/ws168.juntadeandalucia.es\/iaap\/innovanda\/wp-json\/wp\/v2\/categories?post=268271"},{"taxonomy":"post_tag","embeddable":true,"href":"https:\/\/ws168.juntadeandalucia.es\/iaap\/innovanda\/wp-json\/wp\/v2\/tags?post=268271"}],"curies":[{"name":"wp","href":"https:\/\/api.w.org\/{rel}","templated":true}]}}