{"id":152,"date":"2018-10-25T18:09:25","date_gmt":"2018-10-25T18:09:25","guid":{"rendered":"https:\/\/ws168.juntadeandalucia.es\/iaap\/moocepp\/?p=152"},"modified":"2018-10-26T06:11:24","modified_gmt":"2018-10-26T06:11:24","slug":"primera-semana-modulo-2","status":"publish","type":"post","link":"https:\/\/ws168.juntadeandalucia.es\/iaap\/moocepp\/2018\/10\/25\/primera-semana-modulo-2\/","title":{"rendered":"\u00a1Primera semana m\u00f3dulo 2!"},"content":{"rendered":"<p style=\"text-align: left\"><img loading=\"lazy\" decoding=\"async\" class=\"size-medium wp-image-153 alignright\" src=\"https:\/\/ws168.juntadeandalucia.es\/iaap\/moocepp\/wp-content\/uploads\/sites\/14\/2018\/10\/shutterstock_1089338360-300x178.jpg\" alt=\"\" width=\"300\" height=\"178\" srcset=\"https:\/\/ws168.juntadeandalucia.es\/iaap\/moocepp\/wp-content\/uploads\/sites\/14\/2018\/10\/shutterstock_1089338360-300x178.jpg 300w, https:\/\/ws168.juntadeandalucia.es\/iaap\/moocepp\/wp-content\/uploads\/sites\/14\/2018\/10\/shutterstock_1089338360-768x456.jpg 768w, https:\/\/ws168.juntadeandalucia.es\/iaap\/moocepp\/wp-content\/uploads\/sites\/14\/2018\/10\/shutterstock_1089338360-1024x608.jpg 1024w, https:\/\/ws168.juntadeandalucia.es\/iaap\/moocepp\/wp-content\/uploads\/sites\/14\/2018\/10\/shutterstock_1089338360-600x356.jpg 600w\" sizes=\"auto, (max-width: 300px) 100vw, 300px\" \/>Esta semana ha coincidido el inicio del m\u00f3dulo 2 y el cierre de inscripciones. <strong>Gracias a las 671 personas inscritas por su inter\u00e9s en la Evaluaci\u00f3n de Pol\u00edticas P\u00fablicas, por su motivaci\u00f3n y alta participaci\u00f3n.<\/strong><\/p>\n<p style=\"text-align: left\">En este segundo m\u00f3dulo <em><strong>trabajamos los momentos de la evaluaci\u00f3n y empezamos a hablar de aspectos claves de la misma<\/strong><\/em>. Hablamos sobre objetivos, preguntas de investigaci\u00f3n, indicadores, informes de evaluaci\u00f3n, entre otras cuestiones, siempre desde la participaci\u00f3n y la perspectiva de g\u00e9nero.<\/p>\n<p style=\"text-align: left\"><a href=\"https:\/\/www.youtube.com\/watch?v=SiQQ3CVymGQ&amp;feature=youtu.be\"><em><img loading=\"lazy\" decoding=\"async\" class=\"size-medium wp-image-154 alignleft\" src=\"https:\/\/ws168.juntadeandalucia.es\/iaap\/moocepp\/wp-content\/uploads\/sites\/14\/2018\/10\/video1-300x200.jpg\" alt=\"\" width=\"300\" height=\"200\" srcset=\"https:\/\/ws168.juntadeandalucia.es\/iaap\/moocepp\/wp-content\/uploads\/sites\/14\/2018\/10\/video1-300x200.jpg 300w, https:\/\/ws168.juntadeandalucia.es\/iaap\/moocepp\/wp-content\/uploads\/sites\/14\/2018\/10\/video1-272x182.jpg 272w, https:\/\/ws168.juntadeandalucia.es\/iaap\/moocepp\/wp-content\/uploads\/sites\/14\/2018\/10\/video1.jpg 421w\" sizes=\"auto, (max-width: 300px) 100vw, 300px\" \/><\/em><\/a><\/p>\n<p style=\"text-align: left\">Queremos destacar el v\u00eddeo de <em><strong>Mercedes Aguilar<\/strong><\/em> en el que se ofrece una visi\u00f3n general sobre la evaluaci\u00f3n ex ante que pod\u00e9is complementar con el <a href=\"https:\/\/www.youtube.com\/watch?v=SiQQ3CVymGQ&amp;feature=youtu.be\">v\u00eddeo de la mesa de debate titulada \u201c<em>La evaluaci\u00f3n ex ante. Esa desconocida<\/em>\u201d<\/a>, celebrada el pasado mes de marzo en el IAAP, en la que ella participa como ponente , que os ayudar\u00e1 a reflexionar sobre la importancia de \u00e9ste momento en la evaluaci\u00f3n.<\/p>\n<p style=\"text-align: left\">Ya sab\u00e9is que pod\u00e9is seguir participando a trav\u00e9s de nuestra <a href=\"https:\/\/www.facebook.com\/groups\/557191374680835\/?ref=bookmarks\">comunidad en Facebook<\/a> as\u00ed como Twitter con el hashtag <a href=\"https:\/\/twitter.com\/search?src=typd&amp;q=%23moocpoliticas18\">#moocpoliticas18<\/a> y en la plataforma del MOOC seguimos compartiendo reflexiones sobre EPP en el apartado de debates.<\/p>\n<p style=\"text-align: left\">En esta ocasi\u00f3n, destacamos varios comentarios relacionados con la evaluaci\u00f3n y la participaci\u00f3n ciudadana:<\/p>\n<blockquote>\n<pre><span style=\"font-size: 10pt\"><a href=\"https:\/\/forma2.inap.es\/courses\/IAAP\/IAAPM002\/2008_T3\/discussion\/forum\/users\/6176\"><em>mfernandez8454.e<\/em><\/a>  Magn\u00edfica la aportaci\u00f3n de Mar desde tu conocimiento!! Y es que desde mi inter\u00e9s y mi convencimiento de que siempre se puede y debe mejorar lo que hacemos y ofrecemos a la ciudadan\u00eda, tenemos que estar evolucionando para conseguir la m\u00e1xima calidad, y para ello, es esencial estar evaluando permanentemente: antes, durante y al terminar cualquier acci\u00f3n, plan o programaci\u00f3n.<\/span><\/pre>\n<pre><span style=\"font-size: 10pt\"><a href=\"https:\/\/forma2.inap.es\/courses\/IAAP\/IAAPM002\/2008_T3\/discussion\/forum\/users\/28682\">pemartinhernandez.e\u00a0<\/a>\u00a0Una vez realizado el primer m\u00f3dulo del curso de EPP, y sin \u00e1nimo de menoscabar la importancia de todas las fases de la acci\u00f3n p\u00fablica y su evaluaci\u00f3n, me gustar\u00eda resaltar lo tremendamente relevantes y necesarios que resultan, en mi opini\u00f3n, los beneficios que la ciudadan\u00eda obtiene. Conseguir que la poblaci\u00f3n conozca la labor de la administraci\u00f3n que la gobierna, que se sienta parte del proceso en el que aqu\u00e9lla desarrolla programas, pol\u00edticas o medidas, que sienta que su opini\u00f3n es tenida en cuenta de forma efectiva, creo que es uno de los aspectos cruciales para conseguir una sociedad evolucionada y no solo receptora sino colaboradora necesaria en el desarrollo, puesta en marcha y control de las normas que dirigen su transcurrir cotidiano. <\/span>\r\n\r\n<span style=\"font-size: 10pt\">No quiero parecer ingenuo, y s\u00e9 que la tarea no es f\u00e1cil, pero trabajar en este sentido tiende una mano en la consecuci\u00f3n de una ciudadan\u00eda implicada en mejorar la sanidad, la educaci\u00f3n, la igualdad de oportunidades, etc, pues lejos de acatarse \u00e9stas como instrucciones r\u00edgidas e impuestas se entender\u00edan como situaciones maleables de las que ellos son una parte vital. Conocer el por qu\u00e9, el para qu\u00e9 y el c\u00f3mo de estos asuntos, implican, y de nuevo recalco que esto siempre en mi opini\u00f3n, la opini\u00f3n de una persona que empieza a tomar contacto con estas materias, un cambio en la conciencia colectiva que sin duda desembocar\u00e1 en una mejora indiscutible de la convivencia y la consecuci\u00f3n de resultados \u00f3ptimos en todos estos campos.<\/span><\/pre>\n<\/blockquote>\n<h4 style=\"text-align: left\"><strong><em>\u201cSi queremos una ciudadan\u00eda cr\u00edtica necesitamos una ciudadan\u00eda participativa. La evaluaci\u00f3n puede ser una buena herramienta\u201d <\/em><\/strong><\/h4>\n<p style=\"text-align: left\">Aprovechamos la newsletter para resaltar un comentario realizado en la plataforma por Marcos y comunicaros que ten\u00e9is disponibles en la plataforma <a href=\"https:\/\/padlet.com\/iaapforma2\/agdr6u92ddl5\">todos los v\u00eddeos de lo acontecido en las Jornadas realizadas por el IAAP.<\/a><\/p>\n<blockquote>\n<pre><span style=\"font-size: 10pt\"><strong><em>Marcos : <\/em><\/strong><\/span><span style=\"font-size: 10pt\">He podido participar en las II Jornadas de Evaluaci\u00f3n Pol\u00edticas P\u00fablicas y me ha permitido acercarme a\u00fan m\u00e1s a estos conceptos y conocer de primera mano otras experiencias en la evaluaci\u00f3n de la planficiaci\u00f3n p\u00fablica. Aparte de poder intercambiar con algunos de los dinamizadores de este #Moocpoliticas18.<\/span><\/pre>\n<\/blockquote>\n<p style=\"text-align: left\"><em><img loading=\"lazy\" decoding=\"async\" class=\"wp-image-157 alignright\" src=\"https:\/\/ws168.juntadeandalucia.es\/iaap\/moocepp\/wp-content\/uploads\/sites\/14\/2018\/10\/shutterstock_1095187811-300x240.jpg\" alt=\"\" width=\"213\" height=\"170\" srcset=\"https:\/\/ws168.juntadeandalucia.es\/iaap\/moocepp\/wp-content\/uploads\/sites\/14\/2018\/10\/shutterstock_1095187811-300x240.jpg 300w, https:\/\/ws168.juntadeandalucia.es\/iaap\/moocepp\/wp-content\/uploads\/sites\/14\/2018\/10\/shutterstock_1095187811-768x614.jpg 768w, https:\/\/ws168.juntadeandalucia.es\/iaap\/moocepp\/wp-content\/uploads\/sites\/14\/2018\/10\/shutterstock_1095187811-1024x819.jpg 1024w, https:\/\/ws168.juntadeandalucia.es\/iaap\/moocepp\/wp-content\/uploads\/sites\/14\/2018\/10\/shutterstock_1095187811-600x480.jpg 600w\" sizes=\"auto, (max-width: 213px) 100vw, 213px\" \/>Seguimos avanzando y como nos dec\u00eda Antonio Feria, <strong>\u201cA Evaluar se aprende Evaluando\u201d<\/strong><\/em><\/p>\n<p style=\"text-align: left\">Y si no lo has hecho ya, <strong>no olvides <a href=\"https:\/\/forma2.inap.es\/courses\/IAAP\/IAAPM002\/2008_T3\/ea1c8678abf64eab92607e0ee526c854\/\">Registrar tus datos en la pesta\u00f1a de la parte superior de la plataforma para poder certificar el curso<\/a><\/strong>.<\/p>\n<h3 style=\"text-align: center\"><strong>\u00a1\u00a1\u00c1nimo, seguimos avanzando en Evaluaci\u00f3n de Pol\u00edticas P\u00fablicas!!<\/strong><\/h3>\n","protected":false},"excerpt":{"rendered":"<p>Esta semana ha coincidido el inicio del m\u00f3dulo 2 y el cierre de inscripciones. Gracias a las 671 personas inscritas por su inter\u00e9s en la Evaluaci\u00f3n de Pol\u00edticas P\u00fablicas, por su motivaci\u00f3n y alta participaci\u00f3n. En este segundo m\u00f3dulo trabajamos los momentos de la evaluaci\u00f3n y empezamos a hablar de aspectos claves de la misma. &hellip; <a href=\"https:\/\/ws168.juntadeandalucia.es\/iaap\/moocepp\/2018\/10\/25\/primera-semana-modulo-2\/\" class=\"more-link\">Sigue leyendo <span class=\"screen-reader-text\">\u00a1Primera semana m\u00f3dulo 2!<\/span><\/a><\/p>\n","protected":false},"author":26,"featured_media":0,"comment_status":"open","ping_status":"open","sticky":false,"template":"","format":"standard","meta":{"footnotes":""},"categories":[5],"tags":[],"class_list":["post-152","post","type-post","status-publish","format-standard","hentry","category-newsletter"],"_links":{"self":[{"href":"https:\/\/ws168.juntadeandalucia.es\/iaap\/moocepp\/wp-json\/wp\/v2\/posts\/152","targetHints":{"allow":["GET"]}}],"collection":[{"href":"https:\/\/ws168.juntadeandalucia.es\/iaap\/moocepp\/wp-json\/wp\/v2\/posts"}],"about":[{"href":"https:\/\/ws168.juntadeandalucia.es\/iaap\/moocepp\/wp-json\/wp\/v2\/types\/post"}],"author":[{"embeddable":true,"href":"https:\/\/ws168.juntadeandalucia.es\/iaap\/moocepp\/wp-json\/wp\/v2\/users\/26"}],"replies":[{"embeddable":true,"href":"https:\/\/ws168.juntadeandalucia.es\/iaap\/moocepp\/wp-json\/wp\/v2\/comments?post=152"}],"version-history":[{"count":7,"href":"https:\/\/ws168.juntadeandalucia.es\/iaap\/moocepp\/wp-json\/wp\/v2\/posts\/152\/revisions"}],"predecessor-version":[{"id":162,"href":"https:\/\/ws168.juntadeandalucia.es\/iaap\/moocepp\/wp-json\/wp\/v2\/posts\/152\/revisions\/162"}],"wp:attachment":[{"href":"https:\/\/ws168.juntadeandalucia.es\/iaap\/moocepp\/wp-json\/wp\/v2\/media?parent=152"}],"wp:term":[{"taxonomy":"category","embeddable":true,"href":"https:\/\/ws168.juntadeandalucia.es\/iaap\/moocepp\/wp-json\/wp\/v2\/categories?post=152"},{"taxonomy":"post_tag","embeddable":true,"href":"https:\/\/ws168.juntadeandalucia.es\/iaap\/moocepp\/wp-json\/wp\/v2\/tags?post=152"}],"curies":[{"name":"wp","href":"https:\/\/api.w.org\/{rel}","templated":true}]}}