{"id":18,"date":"2023-05-22T08:43:00","date_gmt":"2023-05-22T08:43:00","guid":{"rendered":"https:\/\/ws168.juntadeandalucia.es\/iaap\/newsletteriaap\/?p=18"},"modified":"2023-05-26T10:00:58","modified_gmt":"2023-05-26T10:00:58","slug":"programa-comunidades-de-practica","status":"publish","type":"post","link":"https:\/\/ws168.juntadeandalucia.es\/iaap\/newsletteriaap\/programa-comunidades-de-practica\/","title":{"rendered":"Programa Comunidades de Pr\u00e1ctica"},"content":{"rendered":"<div class=\"px-3\">Desde el programa <strong>Comunidades de Pr\u00e1ctica<\/strong>. La colaboraci\u00f3n expandida os dejamos un peque\u00f1o <a href=\"https:\/\/www.youtube.com\/watch?v=SFTOpIx4E0U&amp;t=3s\"><strong>v\u00eddeo<\/strong><\/a> sobre el impulso del trabajo colaborativo en la Junta de Andaluc\u00eda.<\/div>\n","protected":false},"excerpt":{"rendered":"<p>En el bolet\u00edn del mes de\u00a0abril\u00a0compartimos las grabaciones de las jornadas desarrolladas por el IAAP en el mes de marzo que han sido:\u00a0I Foro de Innovaci\u00f3n, VI Jornadas de Evaluaci\u00f3n de Pol\u00edticas P\u00fablicas, Jornadas de simplificaci\u00f3n administrativa y las Jornadas de Innovaci\u00f3n Docente.<\/p>\n<p>Adem\u00e1s encontrar\u00e1s\u00a0convocatorias de inter\u00e9s abiertas\u00a0durante este mes.<\/p>\n<p>Esperamos que sea de utilidad para ti.<\/p>\n","protected":false},"author":639,"featured_media":192,"comment_status":"open","ping_status":"open","sticky":false,"template":"","format":"standard","meta":{"_acf_changed":false,"_jetpack_memberships_contains_paid_content":false,"footnotes":""},"categories":[7],"tags":[],"class_list":["post-18","post","type-post","status-publish","format-standard","has-post-thumbnail","hentry","category-publicaciones"],"acf":[],"jetpack_featured_media_url":"https:\/\/ws168.juntadeandalucia.es\/iaap\/newsletteriaap\/wp-content\/uploads\/sites\/33\/2023\/05\/iaap.png","jetpack_sharing_enabled":true,"_links":{"self":[{"href":"https:\/\/ws168.juntadeandalucia.es\/iaap\/newsletteriaap\/wp-json\/wp\/v2\/posts\/18","targetHints":{"allow":["GET"]}}],"collection":[{"href":"https:\/\/ws168.juntadeandalucia.es\/iaap\/newsletteriaap\/wp-json\/wp\/v2\/posts"}],"about":[{"href":"https:\/\/ws168.juntadeandalucia.es\/iaap\/newsletteriaap\/wp-json\/wp\/v2\/types\/post"}],"author":[{"embeddable":true,"href":"https:\/\/ws168.juntadeandalucia.es\/iaap\/newsletteriaap\/wp-json\/wp\/v2\/users\/639"}],"replies":[{"embeddable":true,"href":"https:\/\/ws168.juntadeandalucia.es\/iaap\/newsletteriaap\/wp-json\/wp\/v2\/comments?post=18"}],"version-history":[{"count":4,"href":"https:\/\/ws168.juntadeandalucia.es\/iaap\/newsletteriaap\/wp-json\/wp\/v2\/posts\/18\/revisions"}],"predecessor-version":[{"id":203,"href":"https:\/\/ws168.juntadeandalucia.es\/iaap\/newsletteriaap\/wp-json\/wp\/v2\/posts\/18\/revisions\/203"}],"wp:featuredmedia":[{"embeddable":true,"href":"https:\/\/ws168.juntadeandalucia.es\/iaap\/newsletteriaap\/wp-json\/wp\/v2\/media\/192"}],"wp:attachment":[{"href":"https:\/\/ws168.juntadeandalucia.es\/iaap\/newsletteriaap\/wp-json\/wp\/v2\/media?parent=18"}],"wp:term":[{"taxonomy":"category","embeddable":true,"href":"https:\/\/ws168.juntadeandalucia.es\/iaap\/newsletteriaap\/wp-json\/wp\/v2\/categories?post=18"},{"taxonomy":"post_tag","embeddable":true,"href":"https:\/\/ws168.juntadeandalucia.es\/iaap\/newsletteriaap\/wp-json\/wp\/v2\/tags?post=18"}],"curies":[{"name":"wp","href":"https:\/\/api.w.org\/{rel}","templated":true}]}}