{"id":229,"date":"2023-05-28T07:30:00","date_gmt":"2023-05-28T07:30:00","guid":{"rendered":"https:\/\/ws168.juntadeandalucia.es\/iaap\/newsletteriaap\/?p=229"},"modified":"2023-05-31T11:47:04","modified_gmt":"2023-05-31T11:47:04","slug":"desde-el-programa-de-comunidades-de-practica-compartimos","status":"publish","type":"post","link":"https:\/\/ws168.juntadeandalucia.es\/iaap\/newsletteriaap\/desde-el-programa-de-comunidades-de-practica-compartimos\/","title":{"rendered":"Desde el programa de Comunidades de Pr\u00e1ctica compartimos:"},"content":{"rendered":"<p>Desde el programa de Comunidades de Pr\u00e1ctica compartimos la <a href=\"https:\/\/ws168.juntadeandalucia.es\/iaap\/blogcolaboracionexpandida\/category\/noticias\/\"><strong>conversaci\u00f3n con el experto<\/strong><\/a> en redes sociales y procesos colaborativos, Pablo Villoch, celebrada el d\u00eda 4 de mayo de 2023 . Al final de este video encontrar\u00e1s un dec\u00e1logo de conclusiones de esta conversaci\u00f3n, v\u00e1lidas para impulsar procesos de colaboraci\u00f3n.<\/p>\n","protected":false},"excerpt":{"rendered":"<p>Desde el programa de Comunidades de Pr\u00e1ctica compartimos la conversaci\u00f3n con el experto en redes sociales y procesos colaborativos, Pablo Villoch, celebrada el d\u00eda 4 de mayo de 2023 . Al final de este video encontrar\u00e1s un dec\u00e1logo de conclusiones de esta conversaci\u00f3n, v\u00e1lidas para impulsar procesos de colaboraci\u00f3n.<\/p>\n","protected":false},"author":639,"featured_media":244,"comment_status":"open","ping_status":"open","sticky":false,"template":"","format":"standard","meta":{"_acf_changed":false,"_jetpack_memberships_contains_paid_content":false,"footnotes":""},"categories":[7],"tags":[],"class_list":["post-229","post","type-post","status-publish","format-standard","has-post-thumbnail","hentry","category-publicaciones"],"acf":[],"jetpack_featured_media_url":"https:\/\/ws168.juntadeandalucia.es\/iaap\/newsletteriaap\/wp-content\/uploads\/sites\/33\/2023\/05\/cops.jpg","jetpack_sharing_enabled":true,"_links":{"self":[{"href":"https:\/\/ws168.juntadeandalucia.es\/iaap\/newsletteriaap\/wp-json\/wp\/v2\/posts\/229","targetHints":{"allow":["GET"]}}],"collection":[{"href":"https:\/\/ws168.juntadeandalucia.es\/iaap\/newsletteriaap\/wp-json\/wp\/v2\/posts"}],"about":[{"href":"https:\/\/ws168.juntadeandalucia.es\/iaap\/newsletteriaap\/wp-json\/wp\/v2\/types\/post"}],"author":[{"embeddable":true,"href":"https:\/\/ws168.juntadeandalucia.es\/iaap\/newsletteriaap\/wp-json\/wp\/v2\/users\/639"}],"replies":[{"embeddable":true,"href":"https:\/\/ws168.juntadeandalucia.es\/iaap\/newsletteriaap\/wp-json\/wp\/v2\/comments?post=229"}],"version-history":[{"count":2,"href":"https:\/\/ws168.juntadeandalucia.es\/iaap\/newsletteriaap\/wp-json\/wp\/v2\/posts\/229\/revisions"}],"predecessor-version":[{"id":256,"href":"https:\/\/ws168.juntadeandalucia.es\/iaap\/newsletteriaap\/wp-json\/wp\/v2\/posts\/229\/revisions\/256"}],"wp:featuredmedia":[{"embeddable":true,"href":"https:\/\/ws168.juntadeandalucia.es\/iaap\/newsletteriaap\/wp-json\/wp\/v2\/media\/244"}],"wp:attachment":[{"href":"https:\/\/ws168.juntadeandalucia.es\/iaap\/newsletteriaap\/wp-json\/wp\/v2\/media?parent=229"}],"wp:term":[{"taxonomy":"category","embeddable":true,"href":"https:\/\/ws168.juntadeandalucia.es\/iaap\/newsletteriaap\/wp-json\/wp\/v2\/categories?post=229"},{"taxonomy":"post_tag","embeddable":true,"href":"https:\/\/ws168.juntadeandalucia.es\/iaap\/newsletteriaap\/wp-json\/wp\/v2\/tags?post=229"}],"curies":[{"name":"wp","href":"https:\/\/api.w.org\/{rel}","templated":true}]}}