{"id":3138,"date":"2026-07-02T11:35:46","date_gmt":"2026-07-02T11:35:46","guid":{"rendered":"https:\/\/ws168.juntadeandalucia.es\/iaap\/newsletteriaap\/?p=3138"},"modified":"2026-07-02T11:35:46","modified_gmt":"2026-07-02T11:35:46","slug":"lecturas","status":"publish","type":"post","link":"https:\/\/ws168.juntadeandalucia.es\/iaap\/newsletteriaap\/lecturas\/","title":{"rendered":"Lecturas"},"content":{"rendered":"<p>Art\u00edculo de Antonio Hern\u00e1ndez Moreno: \u201cLa evoluci\u00f3n de los departamentos de recursos humanos: de la administraci\u00f3n de personal a la gesti\u00f3n de personas\u201d. Disponible <a href=\"https:\/\/www.ivap.euskadi.eus\/webivap00-a5app2\/es\/t59auUdaWar\/R3\/sumario\/30?locale=es\">aqu\u00ed<\/a>.<\/p>\n<p><a href=\"https:\/\/ws168.juntadeandalucia.es\/iaap\/gestiondelconocimiento\/wp-content\/uploads\/sites\/10\/2025\/05\/Informe-de-buenas-practicas-Gestion-Conocimiento.pdf\">Informe de buenas pr\u00e1cticas en gesti\u00f3n del conocimiento en las administraciones p\u00fablicas<\/a>, un recurso especialmente \u00fatil para conocer experiencias y herramientas aplicadas a la transferencia y preservaci\u00f3n del conocimiento en las organizaciones p\u00fablicas.<\/p>\n","protected":false},"excerpt":{"rendered":"<p>Art\u00edculo de Antonio Hern\u00e1ndez Moreno: \u201cLa evoluci\u00f3n de los departamentos de recursos humanos: de la administraci\u00f3n de personal a la gesti\u00f3n de personas\u201d. Disponible aqu\u00ed. Informe de buenas pr\u00e1cticas en gesti\u00f3n del conocimiento en las administraciones p\u00fablicas, un recurso especialmente \u00fatil para conocer experiencias y herramientas aplicadas a la transferencia y preservaci\u00f3n del conocimiento en &hellip; <a href=\"https:\/\/ws168.juntadeandalucia.es\/iaap\/newsletteriaap\/lecturas\/\" class=\"more-link\">Continuar leyendo<span class=\"screen-reader-text\"> \u00abLecturas\u00bb<\/span><\/a><\/p>\n","protected":false},"author":1059,"featured_media":2449,"comment_status":"closed","ping_status":"closed","sticky":false,"template":"","format":"standard","meta":{"_acf_changed":false,"_jetpack_newsletter_access":"","_jetpack_dont_email_post_to_subs":false,"_jetpack_newsletter_tier_id":0,"_jetpack_memberships_contains_paywalled_content":false,"_jetpack_memberships_contains_paid_content":false,"footnotes":""},"categories":[12],"tags":[56],"class_list":["post-3138","post","type-post","status-publish","format-standard","has-post-thumbnail","hentry","category-recomendacion","tag-julio2026"],"acf":[],"jetpack_sharing_enabled":true,"jetpack_featured_media_url":"https:\/\/ws168.juntadeandalucia.es\/iaap\/newsletteriaap\/wp-content\/uploads\/sites\/33\/2025\/09\/composicion-de-vista-frontal-con-diferentes-libros-scaled.jpg","_links":{"self":[{"href":"https:\/\/ws168.juntadeandalucia.es\/iaap\/newsletteriaap\/wp-json\/wp\/v2\/posts\/3138","targetHints":{"allow":["GET"]}}],"collection":[{"href":"https:\/\/ws168.juntadeandalucia.es\/iaap\/newsletteriaap\/wp-json\/wp\/v2\/posts"}],"about":[{"href":"https:\/\/ws168.juntadeandalucia.es\/iaap\/newsletteriaap\/wp-json\/wp\/v2\/types\/post"}],"author":[{"embeddable":true,"href":"https:\/\/ws168.juntadeandalucia.es\/iaap\/newsletteriaap\/wp-json\/wp\/v2\/users\/1059"}],"replies":[{"embeddable":true,"href":"https:\/\/ws168.juntadeandalucia.es\/iaap\/newsletteriaap\/wp-json\/wp\/v2\/comments?post=3138"}],"version-history":[{"count":1,"href":"https:\/\/ws168.juntadeandalucia.es\/iaap\/newsletteriaap\/wp-json\/wp\/v2\/posts\/3138\/revisions"}],"predecessor-version":[{"id":3139,"href":"https:\/\/ws168.juntadeandalucia.es\/iaap\/newsletteriaap\/wp-json\/wp\/v2\/posts\/3138\/revisions\/3139"}],"wp:featuredmedia":[{"embeddable":true,"href":"https:\/\/ws168.juntadeandalucia.es\/iaap\/newsletteriaap\/wp-json\/wp\/v2\/media\/2449"}],"wp:attachment":[{"href":"https:\/\/ws168.juntadeandalucia.es\/iaap\/newsletteriaap\/wp-json\/wp\/v2\/media?parent=3138"}],"wp:term":[{"taxonomy":"category","embeddable":true,"href":"https:\/\/ws168.juntadeandalucia.es\/iaap\/newsletteriaap\/wp-json\/wp\/v2\/categories?post=3138"},{"taxonomy":"post_tag","embeddable":true,"href":"https:\/\/ws168.juntadeandalucia.es\/iaap\/newsletteriaap\/wp-json\/wp\/v2\/tags?post=3138"}],"curies":[{"name":"wp","href":"https:\/\/api.w.org\/{rel}","templated":true}]}}