{"id":627,"date":"2023-10-27T11:11:14","date_gmt":"2023-10-27T11:11:14","guid":{"rendered":"https:\/\/ws168.juntadeandalucia.es\/iaap\/newsletteriaap\/?p=627"},"modified":"2023-10-27T12:59:19","modified_gmt":"2023-10-27T12:59:19","slug":"jornadas-de-comunidades-de-practicas","status":"publish","type":"post","link":"https:\/\/ws168.juntadeandalucia.es\/iaap\/newsletteriaap\/jornadas-de-comunidades-de-practicas\/","title":{"rendered":"Jornadas de Comunidades de Pr\u00e1cticas"},"content":{"rendered":"<p><span style=\"font-weight: 400;\">El d\u00eda 2 de noviembre tendr\u00e1 lugar las <a href=\"https:\/\/www.juntadeandalucia.es\/institutodeadministracionpublica\/publico\/cops_inicio.for\">Jornadas de Comunidades de Pr\u00e1cticas<\/a>\u00a0 \u201cNarrativas de Aprendizaje y Comunidades de Pr\u00e1ctica en las \u00c1reas de Personal\u201d.<\/span><\/p>\n","protected":false},"excerpt":{"rendered":"<p>El d\u00eda 2 de noviembre tendr\u00e1 lugar las Jornadas de Comunidades de Pr\u00e1cticas\u00a0 \u201cNarrativas de Aprendizaje y Comunidades de Pr\u00e1ctica en las \u00c1reas de Personal\u201d.<\/p>\n","protected":false},"author":639,"featured_media":628,"comment_status":"open","ping_status":"open","sticky":false,"template":"","format":"standard","meta":{"_acf_changed":false,"_jetpack_memberships_contains_paid_content":false,"footnotes":""},"categories":[10],"tags":[],"class_list":["post-627","post","type-post","status-publish","format-standard","has-post-thumbnail","hentry","category-formacion"],"acf":[],"jetpack_featured_media_url":"https:\/\/ws168.juntadeandalucia.es\/iaap\/newsletteriaap\/wp-content\/uploads\/sites\/33\/2023\/10\/image10.jpg","jetpack_sharing_enabled":true,"_links":{"self":[{"href":"https:\/\/ws168.juntadeandalucia.es\/iaap\/newsletteriaap\/wp-json\/wp\/v2\/posts\/627","targetHints":{"allow":["GET"]}}],"collection":[{"href":"https:\/\/ws168.juntadeandalucia.es\/iaap\/newsletteriaap\/wp-json\/wp\/v2\/posts"}],"about":[{"href":"https:\/\/ws168.juntadeandalucia.es\/iaap\/newsletteriaap\/wp-json\/wp\/v2\/types\/post"}],"author":[{"embeddable":true,"href":"https:\/\/ws168.juntadeandalucia.es\/iaap\/newsletteriaap\/wp-json\/wp\/v2\/users\/639"}],"replies":[{"embeddable":true,"href":"https:\/\/ws168.juntadeandalucia.es\/iaap\/newsletteriaap\/wp-json\/wp\/v2\/comments?post=627"}],"version-history":[{"count":2,"href":"https:\/\/ws168.juntadeandalucia.es\/iaap\/newsletteriaap\/wp-json\/wp\/v2\/posts\/627\/revisions"}],"predecessor-version":[{"id":650,"href":"https:\/\/ws168.juntadeandalucia.es\/iaap\/newsletteriaap\/wp-json\/wp\/v2\/posts\/627\/revisions\/650"}],"wp:featuredmedia":[{"embeddable":true,"href":"https:\/\/ws168.juntadeandalucia.es\/iaap\/newsletteriaap\/wp-json\/wp\/v2\/media\/628"}],"wp:attachment":[{"href":"https:\/\/ws168.juntadeandalucia.es\/iaap\/newsletteriaap\/wp-json\/wp\/v2\/media?parent=627"}],"wp:term":[{"taxonomy":"category","embeddable":true,"href":"https:\/\/ws168.juntadeandalucia.es\/iaap\/newsletteriaap\/wp-json\/wp\/v2\/categories?post=627"},{"taxonomy":"post_tag","embeddable":true,"href":"https:\/\/ws168.juntadeandalucia.es\/iaap\/newsletteriaap\/wp-json\/wp\/v2\/tags?post=627"}],"curies":[{"name":"wp","href":"https:\/\/api.w.org\/{rel}","templated":true}]}}