{"id":953,"date":"2024-02-19T13:37:52","date_gmt":"2024-02-19T13:37:52","guid":{"rendered":"https:\/\/ws168.juntadeandalucia.es\/iaap\/newsletteriaap\/?p=953"},"modified":"2024-02-19T13:38:23","modified_gmt":"2024-02-19T13:38:23","slug":"jornada-participativa-metodologia-de-trabajo-colaborativo-en-valoracion-de-la-dependencia","status":"publish","type":"post","link":"https:\/\/ws168.juntadeandalucia.es\/iaap\/newsletteriaap\/jornada-participativa-metodologia-de-trabajo-colaborativo-en-valoracion-de-la-dependencia\/","title":{"rendered":"Jornada participativa &#8216;Metodolog\u00eda de trabajo colaborativo en valoraci\u00f3n de la dependencia&#8217;"},"content":{"rendered":"\n<p>Celebrada el 12 de febrero. Desde el programa de Comunidades de Pr\u00e1ctica. La colaboraci\u00f3n expandida dinamiza esta Jornada que tiene como objetivo la construcci\u00f3n colectiva de propuestas para la mejora en el proceso de valoraci\u00f3n de la dependencia.<\/p>\n","protected":false},"excerpt":{"rendered":"<p>Celebrada el 12 de febrero. Desde el programa de Comunidades de Pr\u00e1ctica. La colaboraci\u00f3n expandida dinamiza esta Jornada que tiene como objetivo la construcci\u00f3n colectiva de propuestas para la mejora en el proceso de valoraci\u00f3n de la dependencia.<\/p>\n","protected":false},"author":639,"featured_media":954,"comment_status":"open","ping_status":"open","sticky":false,"template":"","format":"standard","meta":{"_acf_changed":false,"_jetpack_memberships_contains_paid_content":false,"footnotes":""},"categories":[11],"tags":[15],"class_list":["post-953","post","type-post","status-publish","format-standard","has-post-thumbnail","hentry","category-jornadas","tag-febrero"],"acf":[],"jetpack_featured_media_url":"https:\/\/ws168.juntadeandalucia.es\/iaap\/newsletteriaap\/wp-content\/uploads\/sites\/33\/2024\/02\/Imagenes-newsletter-1024x1024px-FEBRERO-2024-IAAP-5-1.png","jetpack_sharing_enabled":true,"_links":{"self":[{"href":"https:\/\/ws168.juntadeandalucia.es\/iaap\/newsletteriaap\/wp-json\/wp\/v2\/posts\/953","targetHints":{"allow":["GET"]}}],"collection":[{"href":"https:\/\/ws168.juntadeandalucia.es\/iaap\/newsletteriaap\/wp-json\/wp\/v2\/posts"}],"about":[{"href":"https:\/\/ws168.juntadeandalucia.es\/iaap\/newsletteriaap\/wp-json\/wp\/v2\/types\/post"}],"author":[{"embeddable":true,"href":"https:\/\/ws168.juntadeandalucia.es\/iaap\/newsletteriaap\/wp-json\/wp\/v2\/users\/639"}],"replies":[{"embeddable":true,"href":"https:\/\/ws168.juntadeandalucia.es\/iaap\/newsletteriaap\/wp-json\/wp\/v2\/comments?post=953"}],"version-history":[{"count":2,"href":"https:\/\/ws168.juntadeandalucia.es\/iaap\/newsletteriaap\/wp-json\/wp\/v2\/posts\/953\/revisions"}],"predecessor-version":[{"id":957,"href":"https:\/\/ws168.juntadeandalucia.es\/iaap\/newsletteriaap\/wp-json\/wp\/v2\/posts\/953\/revisions\/957"}],"wp:featuredmedia":[{"embeddable":true,"href":"https:\/\/ws168.juntadeandalucia.es\/iaap\/newsletteriaap\/wp-json\/wp\/v2\/media\/954"}],"wp:attachment":[{"href":"https:\/\/ws168.juntadeandalucia.es\/iaap\/newsletteriaap\/wp-json\/wp\/v2\/media?parent=953"}],"wp:term":[{"taxonomy":"category","embeddable":true,"href":"https:\/\/ws168.juntadeandalucia.es\/iaap\/newsletteriaap\/wp-json\/wp\/v2\/categories?post=953"},{"taxonomy":"post_tag","embeddable":true,"href":"https:\/\/ws168.juntadeandalucia.es\/iaap\/newsletteriaap\/wp-json\/wp\/v2\/tags?post=953"}],"curies":[{"name":"wp","href":"https:\/\/api.w.org\/{rel}","templated":true}]}}